{"id":119453,"date":"2022-01-25T11:44:20","date_gmt":"2022-01-25T10:44:20","guid":{"rendered":"https:\/\/www.asd-int.com\/nova-pravidla-pro-podavani-hlaseni-o-vymene-zbozi-deb-ve-francii-ucinna-ode-dne-1-ledna-2022\/"},"modified":"2022-06-15T10:10:53","modified_gmt":"2022-06-15T08:10:53","slug":"nova-pravidla-pro-podavani-hlaseni-o-vymene-zbozi-deb-ve-francii-ucinna-ode-dne-1-ledna-2022","status":"publish","type":"post","link":"https:\/\/www.asd-int.com\/cs\/nova-pravidla-pro-podavani-hlaseni-o-vymene-zbozi-deb-ve-francii-ucinna-ode-dne-1-ledna-2022\/","title":{"rendered":"Nov\u00e1 pravidla pro pod\u00e1v\u00e1n\u00ed hl\u00e1\u0161en\u00ed o v\u00fdm\u011bn\u011b zbo\u017e\u00ed (DEB\/EMEBI\/Intrastat) ve Francii \u00fa\u010dinn\u00e1 ode dne 1. ledna 2022"},"content":{"rendered":"\n<p>V sou\u010dasn\u00e9m hl\u00e1\u0161en\u00ed o v\u00fdm\u011bn\u011b zbo\u017e\u00ed nast\u00e1vaj\u00ed ve Francii podstatn\u00e9 zm\u011bny, a to s&nbsp;\u00fa\u010dinnost\u00ed od 1. ledna 2022. Zjist\u011bte, jak\u00e1 jsou nov\u00e1 pravidla.<\/p>\n\n\n\n<!--more-->\n\n\n\n<p>Hl\u00e1\u0161en\u00ed o v\u00fdm\u011bn\u011b zbo\u017e\u00ed (DEB\/EMEBI\/Intrastat) je celn\u00ed doklad ur\u010den\u00fd francouzsk\u00fdm celn\u00edm org\u00e1n\u016fm, kter\u00fd se vztahuje na ve\u0161kerou v\u00fdm\u011bnu zbo\u017e\u00ed v r\u00e1mci Spole\u010denstv\u00ed, ji\u017e dan\u00e1 spole\u010dnost uskute\u010dnila v dan\u00e9m obdob\u00ed.<\/p>\n\n\n\n<p>Dne <sup>1.<\/sup> ledna 2022 byla ve Francii zavedena nov\u00e1 ohla\u0161ovac\u00ed povinnost. Francouzsk\u00e1 celn\u00ed spr\u00e1va upravila pravidla pro pod\u00e1v\u00e1n\u00ed hl\u00e1\u0161en\u00ed o v\u00fdm\u011bn\u011b zbo\u017e\u00ed (DEB), aby vyhov\u011bla po\u017eadavk\u016fm evropsk\u00e9 podnikov\u00e9 statistiky (EBS).<\/p>\n\n\n\n<p><strong>Hl\u00e1\u0161en\u00ed o v\u00fdm\u011bn\u011b zbo\u017e\u00ed (DEB) bylo tedy zru\u0161eno a&nbsp;nahrazeno dv\u011bma r\u016fzn\u00fdmi postupy<\/strong>. Francie schv\u00e1lila metodu pod\u00e1v\u00e1n\u00ed hl\u00e1\u0161en\u00ed zavedenou ve v\u011bt\u0161in\u011b \u010dlensk\u00fdch st\u00e1t\u016f Evropsk\u00e9 unie.<\/p>\n\n\n\n<h2 class=\"wp-block-heading\"><strong>Jak vypadalo hl\u00e1\u0161en\u00ed o v\u00fdm\u011bn\u011b zbo\u017e\u00ed (DEB\/EMEBI\/Intrastat) v obdob\u00ed do 1. ledna 2022?<\/strong><\/h2>\n\n\n\n<p>Hl\u00e1\u0161en\u00ed o v\u00fdm\u011bn\u011b zbo\u017e\u00ed (DEB) se povinn\u011b pod\u00e1v\u00e1 ka\u017ed\u00fd m\u011bs\u00edc celn\u00edm org\u00e1n\u016fm a vztahuje se na spole\u010dnosti p\u0159epravuj\u00edc\u00ed zbo\u017e\u00ed v r\u00e1mci Evropsk\u00e9 unie. DEB eviduje ve\u0161ker\u00e9 dov\u00e1\u017een\u00e9 a vyv\u00e1\u017een\u00e9 zbo\u017e\u00ed, kter\u00e9 se pohybuje mezi \u010dlensk\u00fdmi st\u00e1ty Evropsk\u00e9 unie.<\/p>\n\n\n\n<p>Spole\u010dnosti mus\u00ed ka\u017ed\u00fd m\u011bs\u00edc podat hl\u00e1\u0161en\u00ed o v\u00fdm\u011bn\u011b zbo\u017e\u00ed (DEB), spl\u0148uj\u00ed-li jednu z n\u00ed\u017ee uveden\u00fdch podm\u00ednek:<\/p>\n\n\n\n<ul class=\"wp-block-list\"><li>Od prvn\u00edho eura za zbo\u017e\u00ed vyv\u00e1\u017een\u00e9 z Francie do jin\u00e9ho \u010dlensk\u00e9ho st\u00e1tu EU.<\/li><\/ul>\n\n\n\n<ul class=\"wp-block-list\"><li>V p\u0159\u00edpad\u011b vstupu zbo\u017e\u00ed v hodnot\u011b 460 000,- EUR a&nbsp;v\u00edce v pr\u016fb\u011bhu p\u0159edchoz\u00edho roku.<\/li><\/ul>\n\n\n\n<ul class=\"wp-block-list\"><li>V p\u0159\u00edpad\u011b vstupu zbo\u017e\u00ed v hodnot\u011b 460 000,- EUR a&nbsp;v\u00edce v pr\u016fb\u011bhu dan\u00e9ho roku. DEB je vymahateln\u00e9 od m\u011bs\u00edce, kdy do\u0161lo k&nbsp;p\u0159ekro\u010den\u00ed p\u0159\u00edslu\u0161n\u00e9 hodnoty.<\/li><\/ul>\n\n\n\n<p>C\u00edlem hl\u00e1\u0161en\u00ed o v\u00fdm\u011bn\u011b zbo\u017e\u00ed (DEB) bylo do <sup>1.<\/sup> ledna 2022 n\u00ed\u017ee uveden\u00e9:<\/p>\n\n\n\n<ul class=\"wp-block-list\"><li>Sledovat toky zbo\u017e\u00ed v r\u00e1mci EU. Zajistit dodr\u017eov\u00e1n\u00ed pravidel pro DPH.<\/li><\/ul>\n\n\n\n<ul class=\"wp-block-list\"><li>Shroma\u017e\u010fovat statistick\u00e9 \u00fadaje o zahrani\u010dn\u00edm obchodu Francie. A definovat tak obchodn\u00ed bilanci zem\u011b.<\/li><\/ul>\n\n\n\n<p><strong>Term\u00edn hl\u00e1\u0161en\u00ed o v\u00fdm\u011bn\u011b zbo\u017e\u00ed (DEB) se pou\u017e\u00edv\u00e1 v\u00fdhradn\u011b ve Francii. Ve zbytku Evropy se pou\u017e\u00edv\u00e1 term\u00edn stanoven\u00fd Intrastat.<\/strong><\/p>\n\n\n\n<h2 class=\"wp-block-heading\"><strong>Nov\u00e1 pravidla pro pod\u00e1v\u00e1n\u00ed hl\u00e1\u0161en\u00ed zaveden\u00e1 <sup>1.<\/sup> ledna 2022<\/strong><\/h2>\n\n\n\n<p>Dne <sup>1.<\/sup> ledna 2022 bylo na\u0159\u00edzen\u00ed Intrastat (ES) \u010d. 638\/2004 nahrazeno na\u0159\u00edzen\u00edm (EU) o <a href=\"https:\/\/eur-lex.europa.eu\/legal-content\/FR\/TXT\/PDF\/?uri=CELEX:32019R2152&amp;from=FR\" target=\"_blank\" rel=\"noreferrer noopener\">evropsk\u00e9 podnikov\u00e9 statistice (EBS) \u010d. 2019\/2152<\/a>.<\/p>\n\n\n\n<p>D\u0159\u00edve hl\u00e1\u0161en\u00ed o v\u00fdm\u011bn\u011b zbo\u017e\u00ed (DEB) slu\u010dovalo statistickou \u010d\u00e1st (shroma\u017e\u010fov\u00e1n\u00ed hlavn\u00edch charakteristik vstupn\u00edch a v\u00fdstupn\u00edch tok\u016f zbo\u017e\u00ed v&nbsp;r\u00e1mci EU, kter\u00e9 se prom\u00edtaj\u00ed do \u00fadaj\u016f o zahrani\u010dn\u00edm obchodu) a da\u0148ovou \u010d\u00e1st (souhrnn\u00fd v\u00fdkaz o&nbsp;dod\u00e1vk\u00e1ch zbo\u017e\u00ed v r\u00e1mci EU pro \u00fa\u010dely kontroly dodr\u017eov\u00e1n\u00ed pravidel pro DPH v r\u00e1mci Spole\u010denstv\u00ed).<\/p>\n\n\n\n<p>Nyn\u00ed bude hl\u00e1\u0161en\u00ed o v\u00fdm\u011bn\u011b zbo\u017e\u00ed (DEB) rozli\u0161ovat v\u00fd\u0161e uveden\u00e9 postupy tak, \u017ee budou pova\u017eov\u00e1ny za dva r\u016fzn\u00e9 postupy:<\/p>\n\n\n\n<ul class=\"wp-block-list\"><li>M\u011bs\u00ed\u010dn\u00ed statistick\u00e9 \u0161et\u0159en\u00ed o obchodu se zbo\u017e\u00edm uvnit\u0159 Evropsk\u00e9 unie (ve francouz\u0161tin\u011b Enqu\u00eate Mensuelle statistique sur les \u00c9changes de Biens Intra-union europ\u00e9enne (EMEBI));<\/li><\/ul>\n\n\n\n<ul class=\"wp-block-list\"><li>Souhrnn\u00fd v\u00fdkaz DPH pro dod\u00e1vky zbo\u017e\u00ed v r\u00e1mci Evropy.<\/li><\/ul>\n\n\n\n<h3 class=\"wp-block-heading\"><strong><strong>M\u011bs\u00ed\u010dn\u00ed statistick\u00e9 \u0161et\u0159en\u00ed o obchodu se zbo\u017e\u00edm uvnit\u0159 Evropsk\u00e9 unie (EMEBI)<\/strong><\/strong><\/h3>\n\n\n\n<figure class=\"wp-block-image size-large\"><img fetchpriority=\"high\" decoding=\"async\" width=\"1024\" height=\"683\" src=\"https:\/\/www.asd-int.com\/wp-content\/uploads\/2022\/01\/enquete-statistique-echanges-de-biens-intra-europeens-1024x683.jpg\" alt=\"\" class=\"wp-image-118619\" srcset=\"https:\/\/www.asd-int.com\/wp-content\/uploads\/2022\/01\/enquete-statistique-echanges-de-biens-intra-europeens-1024x683.jpg 1024w, https:\/\/www.asd-int.com\/wp-content\/uploads\/2022\/01\/enquete-statistique-echanges-de-biens-intra-europeens-300x200.jpg 300w, https:\/\/www.asd-int.com\/wp-content\/uploads\/2022\/01\/enquete-statistique-echanges-de-biens-intra-europeens-768x512.jpg 768w, https:\/\/www.asd-int.com\/wp-content\/uploads\/2022\/01\/enquete-statistique-echanges-de-biens-intra-europeens-1200x800.jpg 1200w, https:\/\/www.asd-int.com\/wp-content\/uploads\/2022\/01\/enquete-statistique-echanges-de-biens-intra-europeens.jpg 1440w\" sizes=\"(max-width: 1024px) 100vw, 1024px\" \/><figcaption><strong><strong><strong>M\u011bs\u00ed\u010dn\u00ed statistick\u00e9 \u0161et\u0159en\u00ed o obchodu se zbo\u017e\u00edm uvnit\u0159 Evropsk\u00e9 unie (EMEBI)<\/strong><\/strong><\/strong><\/figcaption><\/figure>\n\n\n\n<p>C\u00edlem statistick\u00e9ho zji\u0161\u0165ov\u00e1n\u00ed <em><strong>&#8222;EMEBI&#8220;<\/strong><\/em> je shrom\u00e1\u017edit d\u016fv\u011brn\u00e9 informace pro statistick\u00e9 \u00fa\u010dely. Shroma\u017e\u010fov\u00e1n\u00ed je ka\u017ed\u00fd m\u011bs\u00edc prov\u00e1d\u011bno celn\u00edmi org\u00e1ny a t\u00fdk\u00e1 se pouze seznamu spole\u010dnost\u00ed, kter\u00e9 celn\u00ed spr\u00e1va p\u0159edem ur\u010dila. Vybran\u00fdm spole\u010dnostem bude ka\u017ed\u00fd rok zasl\u00e1n dopis, v n\u011bm\u017e budou informov\u00e1ny o sv\u00fdch povinnostech.<\/p>\n\n\n\n<p>V r\u00e1mci statistick\u00e9ho zji\u0161\u0165ov\u00e1n\u00ed tedy mus\u00ed odpov\u00eddat pouze spole\u010dnosti za\u0159azen\u00e9 do vzorku.&nbsp;<\/p>\n\n\n\n<p>Na druhou stranu celn\u00ed spr\u00e1va m\u016f\u017ee v pr\u016fb\u011bhu roku panel spole\u010dnost\u00ed upravit, aby jej p\u0159izp\u016fsobila jejich demografick\u00e9mu v\u00fdvoji, nebo v p\u0159\u00edpad\u011b n\u00e1r\u016fstu vyv\u00e1\u017een\u00e9ho a dov\u00e1\u017een\u00e9ho zbo\u017e\u00ed.<\/p>\n\n\n\n<p>Krom\u011b toho se ke st\u00e1vaj\u00edc\u00edm prom\u011bnn\u00fdm p\u0159id\u00e1vaj\u00ed nov\u00e9. Spole\u010dnosti tedy budou muset vykazovat rovn\u011b\u017e n\u00ed\u017ee uveden\u00e9 informace:<\/p>\n\n\n\n<ul class=\"wp-block-list\"><li>zem\u011b p\u016fvodu,<\/li><li>evropsk\u00e9 da\u0148ov\u00e9 identifika\u010dn\u00ed \u010d\u00edslo kupuj\u00edc\u00edho v&nbsp;\u010dlensk\u00e9m st\u00e1t\u011b ur\u010den\u00ed zbo\u017e\u00ed.<\/li><\/ul>\n\n\n\n<p>Rovn\u011b\u017e byl aktualizov\u00e1n <a href=\"https:\/\/www.asd-int.com\/union-europeenne-donnees-complementaires-lors-du-depot-de-la-declaration-intrastat-au-1er-janvier-2022\/\">seznam k\u00f3d\u016f povahy transakce (NoT) pou\u017eiteln\u00fdch pro zbo\u017e\u00ed<\/a>.<\/p>\n\n\n\n<h3 class=\"wp-block-heading\"><strong>Souhrnn\u00fd v\u00fdkaz DPH pro dod\u00e1vky v r\u00e1mci Evropy<\/strong><\/h3>\n\n\n\n<p>\u00da\u010del souhrnn\u00e9ho v\u00fdkazu DPH pro dod\u00e1vky v r\u00e1mci Spole\u010denstv\u00ed z\u016fst\u00e1v\u00e1 stejn\u00fd. Souvisej\u00edc\u00ed celn\u00ed \u0159\u00edzen\u00ed se proto nem\u011bn\u00ed. Spole\u010dnosti budou muset ozn\u00e1mit informace o dan\u00edch, kter\u00e9 jsou povinny odv\u00e9st, a to vypln\u011bn\u00edm n\u00ed\u017ee uveden\u00fdch \u00fadaj\u016f:<\/p>\n\n\n\n<ul class=\"wp-block-list\"><li>hodnota zbo\u017e\u00ed v eurech,<\/li><li>pou\u017eit\u00fd re\u017eim,<\/li><li>evropsk\u00e9 da\u0148ov\u00e9 identifika\u010dn\u00ed \u010d\u00edslo kupuj\u00edc\u00edho.<\/li><\/ul>\n\n\n\n<p>Na rozd\u00edl od statistick\u00e9ho zji\u0161\u0165ov\u00e1n\u00ed, kter\u00e9 se prov\u00e1d\u00ed na \u017e\u00e1dost \u00fa\u0159ad\u016f, mus\u00ed spole\u010dnosti toto zji\u0161\u0165ov\u00e1n\u00ed prov\u00e1d\u011bt z vlastn\u00edho podn\u011btu.<\/p>\n\n\n\n<p><strong>Souhrnn\u00fd v\u00fdkaz DPH mus\u00ed spole\u010dnosti pod\u00e1vat od prvn\u00edho eura<\/strong>. Informace t\u00fdkaj\u00edc\u00ed se souhrnn\u00e9ho v\u00fdkazu DPH bude shroma\u017e\u010fovat Gener\u00e1ln\u00ed \u0159editelstv\u00ed cel a nep\u0159\u00edm\u00fdch dan\u00ed (DGDDI) jm\u00e9nem Gener\u00e1ln\u00edho \u0159editelstv\u00ed ve\u0159ejn\u00fdch financ\u00ed (DGFIP).<\/p>\n\n\n\n<p>Shrom\u00e1\u017ed\u011bn\u00e9 informace jsou tedy p\u0159ed\u00e1v\u00e1ny DGFIP a&nbsp;da\u0148ov\u00fdm \u00fa\u0159ad\u016fm \u010dlensk\u00fdch st\u00e1t\u016f EU, kter\u00fdch se realizovan\u00e9 toky zbo\u017e\u00ed t\u00fdkaj\u00ed, aby byla zaji\u0161t\u011bna kontrola a dodr\u017eov\u00e1n\u00ed pravidel pro DPH v r\u00e1mci Spole\u010denstv\u00ed. Shrom\u00e1\u017ed\u011bn\u00e9 informace budou pou\u017eity pro sestaven\u00ed statistik, kter\u00e9 pomohou zlep\u0161it \u00farove\u0148 zahrani\u010dn\u00edho obchodu.<\/p>\n\n\n\n<h2 class=\"wp-block-heading\"><strong>Pravidla pro shroma\u017e\u010fov\u00e1n\u00ed \u00fadaj\u016f ke dni 1. ledna 2022<\/strong><\/h2>\n\n\n\n<p>Zaveden\u00ed t\u00e9to reformy s sebou nese i zm\u011bny t\u00fdkaj\u00edc\u00ed se shroma\u017e\u010fov\u00e1n\u00ed \u00fadaj\u016f. Nyn\u00ed budou moci spole\u010dnosti pod\u00e1vat pouze jednu odpov\u011b\u010f na ka\u017ed\u00fd typ toku pro statistick\u00e9 zji\u0161\u0165ov\u00e1n\u00ed a&nbsp;pouze jeden souhrnn\u00fd v\u00fdkaz DPH za dan\u00fd referen\u010dn\u00ed m\u011bs\u00edc.<\/p>\n\n\n\n<p>Od <strong><sup>1.<\/sup><\/strong> ledna 2022 se tak pro statistick\u00e9 zji\u0161\u0165ov\u00e1n\u00ed ani pro souhrnn\u00fd v\u00fdkaz DPH ji\u017e nep\u0159ij\u00edmaj\u00ed denn\u00ed \u010di dokonce t\u00fddenn\u00ed pod\u00e1n\u00ed.<\/p>\n\n\n\n<p>Spole\u010dnosti, kter\u00e9 podl\u00e9haj\u00ed statistick\u00e9mu zji\u0161\u0165ov\u00e1n\u00ed, v\u0161ak budou povinny odpov\u00eddat i v p\u0159\u00edpad\u011b, \u017ee nezaznamenaly \u017e\u00e1dn\u00e9 toky. Za t\u00edmto \u00fa\u010delem mus\u00ed v on-line slu\u017eb\u011b \u201eDEB WEB\u201c vyplnit zvl\u00e1\u0161tn\u00ed odd\u00edl: \u201em\u011bs\u00edce bez odpov\u011bdi pro statistick\u00e9 \u00fa\u010dely\u201c.<\/p>\n\n\n\n<p>Ka\u017ed\u00e1 spole\u010dnost, kter\u00e1 m\u00e1 povinnost podat hl\u00e1\u0161en\u00ed, podl\u00e9h\u00e1 sankc\u00edm v n\u00ed\u017ee uveden\u00fdch p\u0159\u00edpadech:&nbsp;&nbsp;<\/p>\n\n\n\n<ul class=\"wp-block-list\"><li>chyb\u011bj\u00edc\u00ed hl\u00e1\u0161en\u00ed,<\/li><li>nedodr\u017een\u00ed lh\u016fty pro pod\u00e1n\u00ed hl\u00e1\u0161en\u00ed o v\u00fdm\u011bn\u011b zbo\u017e\u00ed,<\/li><li>chyba v hl\u00e1\u0161en\u00ed o v\u00fdm\u011bn\u011b zbo\u017e\u00ed,<\/li><li>opomenut\u00ed p\u0159i vypl\u0148ov\u00e1n\u00ed hl\u00e1\u0161en\u00ed.<\/li><\/ul>\n\n\n\n<p>Jste pl\u00e1tcem DPH a obchodujete se zbo\u017e\u00edm v r\u00e1mci Evropsk\u00e9 unie? M\u00e1te povinnost podat hl\u00e1\u0161en\u00ed Intrastat&nbsp;\/ DEB. Zjist\u011bte <a href=\"https:\/\/www.asd-int.com\/seuils-intrastat-deb-en-ue-2022\/\">prahov\u00e9 hodnoty Intrastat v roce 2022 pro<\/a> v\u0161echny st\u00e1ty Evropsk\u00e9 unie.<\/p>\n\n\n\n<table id=\"tablepress-31\" class=\"tablepress tablepress-id-31\">\n<thead>\n<tr class=\"row-1\">\n\t<th class=\"column-1\">\u010cLENSK\u00dd ST\u00c1T<\/th><th class=\"column-2\">M\u011aNA<\/th><th class=\"column-3\">P\u0158IJET\u00cd ZBO\u017d\u00cd<\/th><th class=\"column-4\">ODESL\u00c1N\u00cd ZBO\u017d\u00cd<\/th><th class=\"column-5\">MEZN\u00cd TERM\u00cdN POD\u00c1N\u00cd<\/th>\n<\/tr>\n<\/thead>\n<tbody class=\"row-striping row-hover\">\n<tr class=\"row-2\">\n\t<td class=\"column-1\">Austria<\/td><td class=\"column-2\">EUR<\/td><td class=\"column-3\">750\u00a0000 \u20ac<\/td><td class=\"column-4\">750\u00a0000 \u20ac<\/td><td class=\"column-5\">10 m+1 (pracovn\u00ed den)<\/td>\n<\/tr>\n<tr class=\"row-3\">\n\t<td class=\"column-1\">Belgie<\/td><td class=\"column-2\">EUR<\/td><td class=\"column-3\">1\u00a0500\u00a0000 \u20ac<\/td><td class=\"column-4\">1\u00a0000\u00a0000 \u20ac<\/td><td class=\"column-5\">20 m+1 (kalend\u00e1\u0159n\u00ed den)<\/td>\n<\/tr>\n<tr class=\"row-4\">\n\t<td class=\"column-1\">Bulharsko<\/td><td class=\"column-2\">BGN<\/td><td class=\"column-3\">520\u00a0000 \u041b\u0412<\/td><td class=\"column-4\">780\u00a0000 \u041b\u0412<\/td><td class=\"column-5\">14 m+1 (kalend\u00e1\u0159n\u00ed den)<\/td>\n<\/tr>\n<tr class=\"row-5\">\n\t<td class=\"column-1\">\u010cesk\u00e1 Republika<\/td><td class=\"column-2\">CZK<\/td><td class=\"column-3\">12\u00a0000\u00a0000 K\u010c<\/td><td class=\"column-4\">12\u00a0000\u00a0000 K\u010c<\/td><td class=\"column-5\">10 m+1 (pracovn\u00ed den) - papier <br \/>12 m+1 (pracovn\u00ed den) - cyfrowy<\/td>\n<\/tr>\n<tr class=\"row-6\">\n\t<td class=\"column-1\">Chorvatsko<\/td><td class=\"column-2\">HRK<\/td><td class=\"column-3\">2\u00a0500\u00a0000 KN<\/td><td class=\"column-4\">1\u00a0300\u00a0000 KN<\/td><td class=\"column-5\">10 m+1 (kalend\u00e1\u0159n\u00ed den)<\/td>\n<\/tr>\n<tr class=\"row-7\">\n\t<td class=\"column-1\">D\u00e1nsko<\/td><td class=\"column-2\">DKK<\/td><td class=\"column-3\">13 000\u00a0000 KR<\/td><td class=\"column-4\">10 000\u00a0000 KR<\/td><td class=\"column-5\">V z\u00e1vislosti na skupin\u011b (1 nebo 2)*<\/td>\n<\/tr>\n<tr class=\"row-8\">\n\t<td class=\"column-1\">Estonsko<\/td><td class=\"column-2\">EUR<\/td><td class=\"column-3\">230\u00a0000 \u20ac<\/td><td class=\"column-4\">130\u00a0000 \u20ac<\/td><td class=\"column-5\">14 m+1 (kalend\u00e1\u0159n\u00ed den)<\/td>\n<\/tr>\n<tr class=\"row-9\">\n\t<td class=\"column-1\">Finsko<\/td><td class=\"column-2\">EUR<\/td><td class=\"column-3\">600\u00a0000 \u20ac<\/td><td class=\"column-4\">600\u00a0000 \u20ac<\/td><td class=\"column-5\">10 m+1 (kalend\u00e1\u0159n\u00ed den)<\/td>\n<\/tr>\n<tr class=\"row-10\">\n\t<td class=\"column-1\">Francie<\/td><td class=\"column-2\">EUR<\/td><td class=\"column-3\">Na vy\u017e\u00e1d\u00e1n\u00ed od celn\u00edk\u016f<\/td><td class=\"column-4\">Na vy\u017e\u00e1d\u00e1n\u00ed od celn\u00edk\u016f<\/td><td class=\"column-5\">10 m+1 (pracovn\u00ed den)<\/td>\n<\/tr>\n<tr class=\"row-11\">\n\t<td class=\"column-1\">Irsko<\/td><td class=\"column-2\">EUR<\/td><td class=\"column-3\">500\u00a0000 \u20ac<\/td><td class=\"column-4\">635\u00a0000 \u20ac<\/td><td class=\"column-5\">23 m+1 (kalend\u00e1\u0159n\u00ed den)<\/td>\n<\/tr>\n<tr class=\"row-12\">\n\t<td class=\"column-1\">It\u00e1lie<\/td><td class=\"column-2\">EUR<\/td><td class=\"column-3\">200\u00a0000 \u20ac<\/td><td class=\"column-4\">0 \u20ac<\/td><td class=\"column-5\">25 m+1 (kalend\u00e1\u0159n\u00ed den)<\/td>\n<\/tr>\n<tr class=\"row-13\">\n\t<td class=\"column-1\">Kypr<\/td><td class=\"column-2\">EUR<\/td><td class=\"column-3\">180\u00a0000 \u20ac<\/td><td class=\"column-4\">55\u00a0000 \u20ac<\/td><td class=\"column-5\">10 m+1 (kalend\u00e1\u0159n\u00ed den)<\/td>\n<\/tr>\n<tr class=\"row-14\">\n\t<td class=\"column-1\">Litva<\/td><td class=\"column-2\">EUR<\/td><td class=\"column-3\">280\u00a0000 \u20ac<\/td><td class=\"column-4\">200\u00a0000 \u20ac<\/td><td class=\"column-5\">10 m+1 (pracovn\u00ed den)<\/td>\n<\/tr>\n<tr class=\"row-15\">\n\t<td class=\"column-1\">Loty\u0161sko<\/td><td class=\"column-2\">EUR<\/td><td class=\"column-3\">230\u00a0000 \u20ac<\/td><td class=\"column-4\">120\u00a0000 \u20ac<\/td><td class=\"column-5\">10 m+1 (kalend\u00e1\u0159n\u00ed den)<\/td>\n<\/tr>\n<tr class=\"row-16\">\n\t<td class=\"column-1\">Lucembursko<\/td><td class=\"column-2\">EUR<\/td><td class=\"column-3\">200\u00a0000 \u20ac<\/td><td class=\"column-4\">150\u00a0000 \u20ac<\/td><td class=\"column-5\">16 m+1 (pracovn\u00ed den)<\/td>\n<\/tr>\n<tr class=\"row-17\">\n\t<td class=\"column-1\">Ma\u010farsko<\/td><td class=\"column-2\">HUF<\/td><td class=\"column-3\">170\u00a0000\u00a0000 FT<\/td><td class=\"column-4\">100\u00a0000\u00a0000 FT<\/td><td class=\"column-5\">15 m+1 (kalend\u00e1\u0159n\u00ed den)<\/td>\n<\/tr>\n<tr class=\"row-18\">\n\t<td class=\"column-1\">Malta<\/td><td class=\"column-2\">EUR<\/td><td class=\"column-3\">700 \u20ac<\/td><td class=\"column-4\">700 \u20ac<\/td><td class=\"column-5\">10 m+1 (pracovn\u00ed den)<\/td>\n<\/tr>\n<tr class=\"row-19\">\n\t<td class=\"column-1\">N\u011bmecko<\/td><td class=\"column-2\">EUR<\/td><td class=\"column-3\">800\u00a0000 \u20ac<\/td><td class=\"column-4\">500\u00a0000 \u20ac<\/td><td class=\"column-5\">10 m+1 (pracovn\u00ed den)<\/td>\n<\/tr>\n<tr class=\"row-20\">\n\t<td class=\"column-1\">Nizozemsko<\/td><td class=\"column-2\">EUR<\/td><td class=\"column-3\">5 000\u00a0000 \u20ac<\/td><td class=\"column-4\">1\u00a0000\u00a0000 \u20ac<\/td><td class=\"column-5\">10 m+1 (pracovn\u00ed den)<\/td>\n<\/tr>\n<tr class=\"row-21\">\n\t<td class=\"column-1\">Polsko<\/td><td class=\"column-2\">PLN<\/td><td class=\"column-3\">4\u00a0000\u00a0000 Z\u0141<\/td><td class=\"column-4\">2\u00a0000\u00a0000 Z\u0141<\/td><td class=\"column-5\">10 m+1 (kalend\u00e1\u0159n\u00ed den)<\/td>\n<\/tr>\n<tr class=\"row-22\">\n\t<td class=\"column-1\">Portugalsko<\/td><td class=\"column-2\">EUR<\/td><td class=\"column-3\">350\u00a0000 \u20ac<\/td><td class=\"column-4\">250\u00a0000 \u20ac<\/td><td class=\"column-5\">15 m+1 (kalend\u00e1\u0159n\u00ed den)<\/td>\n<\/tr>\n<tr class=\"row-23\">\n\t<td class=\"column-1\">\u0158ecko<\/td><td class=\"column-2\">EUR<\/td><td class=\"column-3\">150\u00a0000 \u20ac<\/td><td class=\"column-4\">90\u00a0000 \u20ac<\/td><td class=\"column-5\">Posledn\u00ed den m+1 (pracovn\u00ed den)<\/td>\n<\/tr>\n<tr class=\"row-24\">\n\t<td class=\"column-1\">Rumunsko<\/td><td class=\"column-2\">RON<\/td><td class=\"column-3\">900\u00a0000 L<\/td><td class=\"column-4\">900\u00a0000 L<\/td><td class=\"column-5\">15 m+1 (kalend\u00e1\u0159n\u00ed den)<\/td>\n<\/tr>\n<tr class=\"row-25\">\n\t<td class=\"column-1\">Slovensko<\/td><td class=\"column-2\">EUR<\/td><td class=\"column-3\">1 000\u00a0000 \u20ac<\/td><td class=\"column-4\">1 000\u00a0000 \u20ac<\/td><td class=\"column-5\">15 m+1 (kalend\u00e1\u0159n\u00ed den)<\/td>\n<\/tr>\n<tr class=\"row-26\">\n\t<td class=\"column-1\">Slovinsko<\/td><td class=\"column-2\">EUR<\/td><td class=\"column-3\">140\u00a0000 \u20ac<\/td><td class=\"column-4\">200\u00a0000 \u20ac<\/td><td class=\"column-5\">15 m+1 (kalend\u00e1\u0159n\u00ed den)<\/td>\n<\/tr>\n<tr class=\"row-27\">\n\t<td class=\"column-1\">\u0160pan\u011blsko<\/td><td class=\"column-2\">EUR<\/td><td class=\"column-3\">400\u00a0000 \u20ac<\/td><td class=\"column-4\">400\u00a0000 \u20ac<\/td><td class=\"column-5\">12 m+1 (kalend\u00e1\u0159n\u00ed den)<\/td>\n<\/tr>\n<tr class=\"row-28\">\n\t<td class=\"column-1\">Spojen\u00e9 Kr\u00e1lovstv\u00ed (Severn\u00ed Irsko)<\/td><td class=\"column-2\">GBP<\/td><td class=\"column-3\">500\u00a0000 \u00a3<\/td><td class=\"column-4\">250\u00a0000 \u00a3<\/td><td class=\"column-5\">21 m+1 (kalend\u00e1\u0159n\u00ed den)<\/td>\n<\/tr>\n<tr class=\"row-29\">\n\t<td class=\"column-1\">Spojen\u00e9 Kr\u00e1lovstv\u00ed (Anglie, Skotsko, Wales)<\/td><td class=\"column-2\">GBP<\/td><td class=\"column-3\">NEPOU\u017dIJE SE*<\/td><td class=\"column-4\">NEPOU\u017dIJE SE*<\/td><td class=\"column-5\">NEPOU\u017dIJE SE*<\/td>\n<\/tr>\n<tr class=\"row-30\">\n\t<td class=\"column-1\">\u0160v\u00e9dsko<\/td><td class=\"column-2\">SEK<\/td><td class=\"column-3\">9 000 000 KR<\/td><td class=\"column-4\">4\u00a0500\u00a0000 KR<\/td><td class=\"column-5\">10 m+1 (kalend\u00e1\u0159n\u00ed den) - papier <br \/>13 m+1 (kalend\u00e1\u0159n\u00ed den) - cyfrowy<\/td>\n<\/tr>\n<\/tbody>\n<\/table>\n\n\n\n\n<p><em>N\/A: nen\u00ed relevantn\u00ed. Nemus\u00edte podat hl\u00e1\u0161en\u00ed Intrastat<\/em><\/p>\n\n\n\n<p><em>Pozn\u00e1mka: V\u00fd\u0161e uveden\u00e9 informace se mohou ka\u017edoro\u010dn\u011b m\u011bnit. Tato tabulka je pouze orienta\u010dn\u00ed.<\/em><\/p>\n\n\n\n<p>Pl\u00e1tci DPH, kte\u0159\u00ed pod\u00e1vaj\u00ed hl\u00e1\u0161en\u00ed o zbo\u017e\u00ed a slu\u017eb\u00e1ch celn\u00ed spr\u00e1v\u011b, mus\u00ed zajistit, \u017ee budou dodr\u017eeny lh\u016fty pro pod\u00e1n\u00ed stanoven\u00e9 jednotliv\u00fdmi st\u00e1ty EU. Datum pro pod\u00e1n\u00ed hl\u00e1\u0161en\u00ed se li\u0161\u00ed podle \u010dlensk\u00e9ho st\u00e1tu Evropsk\u00e9 unie, ve kter\u00e9m se hl\u00e1\u0161en\u00ed o v\u00fdm\u011bn\u011b zbo\u017e\u00ed pod\u00e1v\u00e1.&nbsp;<\/p>\n\n\n\n<h2 class=\"wp-block-heading\">Term\u00edny pod\u00e1v\u00e1n\u00ed zpr\u00e1v EMEBI pro rok 2022<\/h2>\n\n\n\n<p>P\u0159ipom\u00edn\u00e1me, \u017ee data pro m\u011bs\u00ed\u010dn\u00ed statistick\u00e1 zji\u0161\u0165ov\u00e1n\u00ed o obchodu se zbo\u017e\u00edm uvnit\u0159 EU jsou n\u00e1sleduj\u00edc\u00ed.<\/p>\n\n\n\n<table id=\"tablepress-55\" class=\"tablepress tablepress-id-55\">\n<thead>\n<tr class=\"row-1\">\n\t<th class=\"column-1\">Pln\u011bn\u00ed uskute\u010dn\u011bn\u00e1 v obdob\u00ed<\/th><th class=\"column-2\">Mezn\u00ed term\u00edn pod\u00e1n\u00ed<\/th><th class=\"column-3\">\u010casov\u00fd r\u00e1mec pro pod\u00e1n\u00ed<\/th>\n<\/tr>\n<\/thead>\n<tbody class=\"row-striping\">\n<tr class=\"row-2\">\n\t<td class=\"column-1\">Ledna 2022<\/td><td class=\"column-2\">11. \u00fanor 2022<\/td><td class=\"column-3\">8:00 - 22:00<\/td>\n<\/tr>\n<tr class=\"row-3\">\n\t<td class=\"column-1\">\u00danora 2022<\/td><td class=\"column-2\">11. b\u0159ezna 2022<\/td><td class=\"column-3\">8:00 - 22:00<\/td>\n<\/tr>\n<tr class=\"row-4\">\n\t<td class=\"column-1\">B\u0159ezen 2022<\/td><td class=\"column-2\">12. dubna 2022<\/td><td class=\"column-3\">8:00 - 22:00<\/td>\n<\/tr>\n<tr class=\"row-5\">\n\t<td class=\"column-1\">Dubna 2022<\/td><td class=\"column-2\">12. kv\u011btna 2022<\/td><td class=\"column-3\">8:00 - 22:00<\/td>\n<\/tr>\n<tr class=\"row-6\">\n\t<td class=\"column-1\">Kv\u011btna 2022<\/td><td class=\"column-2\">13. \u010dervna 2022<\/td><td class=\"column-3\">8:00 - 22:00<\/td>\n<\/tr>\n<tr class=\"row-7\">\n\t<td class=\"column-1\">\u010cervna 2022<\/td><td class=\"column-2\">12. \u010dervence 2022<\/td><td class=\"column-3\">8:00 - 22:00<\/td>\n<\/tr>\n<tr class=\"row-8\">\n\t<td class=\"column-1\">\u010cervence 2022<\/td><td class=\"column-2\">11. srpna 2022<\/td><td class=\"column-3\">8:00 - 22:00<\/td>\n<\/tr>\n<tr class=\"row-9\">\n\t<td class=\"column-1\">Srpen 2022<\/td><td class=\"column-2\">12. z\u00e1\u0159\u00ed 2022<\/td><td class=\"column-3\">8:00 - 22:00<\/td>\n<\/tr>\n<tr class=\"row-10\">\n\t<td class=\"column-1\">Z\u00e1\u0159\u00ed 2022<\/td><td class=\"column-2\">12. \u0159\u00edjna 2022<\/td><td class=\"column-3\">8:00 - 22:00<\/td>\n<\/tr>\n<tr class=\"row-11\">\n\t<td class=\"column-1\">\u0158\u00edjna 2022<\/td><td class=\"column-2\">14. listopadu 2022<\/td><td class=\"column-3\">8:00 - 22:00<\/td>\n<\/tr>\n<tr class=\"row-12\">\n\t<td class=\"column-1\">Listopadu 2022<\/td><td class=\"column-2\">12. prosince 2022<\/td><td class=\"column-3\">8:00 - 22:00<\/td>\n<\/tr>\n<tr class=\"row-13\">\n\t<td class=\"column-1\">Prosince 2022<\/td><td class=\"column-2\">12. ledna 2023<\/td><td class=\"column-3\">8:00 - 22:00<\/td>\n<\/tr>\n<\/tbody>\n<\/table>\n\n\n\n\n<p>ASD Group v\u00e1m s uplat\u0148ov\u00e1n\u00edm nov\u00fdch opat\u0159en\u00ed porad\u00ed. Postar\u00e1me se o ve\u0161ker\u00e9 celn\u00ed formality a pom\u016f\u017eeme v\u00e1m p\u0159i pod\u00e1v\u00e1n\u00ed hl\u00e1\u0161en\u00ed. <a href=\"https:\/\/www.asd-int.com\/declaration-echanges-de-biens\/\">Sv\u011b\u0159\u00edte-li n\u00e1m spr\u00e1vu sv\u00e9ho hl\u00e1\u0161en\u00ed o v\u00fdm\u011bn\u011b zbo\u017e\u00ed (DEB)<\/a>, z\u00edsk\u00e1te mnoho v\u00fdhod:<\/p>\n\n\n\n<ul class=\"wp-block-list\"><li>Zajist\u00edte sv\u00e9 toky s na\u0161\u00edm t\u00fdmem odborn\u00edk\u016f. Na\u0161i odborn\u00edci zanalyzuj\u00ed a podrobn\u011b zkontroluj\u00ed va\u0161e toky i&nbsp;faktura\u010dn\u00ed \u010dinnost.<\/li><\/ul>\n\n\n\n<ul class=\"wp-block-list\"><li>Z\u00edsk\u00e1te pomoc p\u0159i administrativn\u00edch nebo celn\u00edch kontrol\u00e1ch. Pom\u016f\u017eeme v\u00e1m v p\u0159\u00edpad\u011b kontroly ze strany \u00fa\u0159ad\u016f a&nbsp;zajist\u00edme dodr\u017eov\u00e1n\u00ed p\u0159edpis\u016f.<\/li><\/ul>\n\n\n\n<ul class=\"wp-block-list\"><li>Zajist\u011bte extern\u00ed spr\u00e1vu sv\u00fdch hl\u00e1\u0161en\u00ed. St\u0159edisko pro zpracov\u00e1n\u00ed hl\u00e1\u0161en\u00ed se postar\u00e1 o&nbsp;ve\u0161ker\u00e9 celn\u00ed formality.<\/li><\/ul>\n\n\n\n<p>Pro v\u00edce informac\u00ed o hl\u00e1\u0161en\u00ed o v\u00fdm\u011bn\u011b zbo\u017e\u00ed (DEB) a&nbsp;obchodu se zbo\u017e\u00edm v r\u00e1mci Spole\u010denstv\u00ed <a href=\"https:\/\/www.asd-int.com\/cs\/kontakt\/\">kontaktujte na\u0161e odborn\u00edky<\/a>.<\/p>\n","protected":false},"excerpt":{"rendered":"<p>V sou\u010dasn\u00e9m hl\u00e1\u0161en\u00ed o v\u00fdm\u011bn\u011b zbo\u017e\u00ed nast\u00e1vaj\u00ed ve Francii podstatn\u00e9 zm\u011bny, a to s&nbsp;\u00fa\u010dinnost\u00ed od 1. ledna 2022. Zjist\u011bte, jak\u00e1 jsou nov\u00e1 pravidla.<\/p>\n","protected":false},"author":36,"featured_media":118605,"comment_status":"closed","ping_status":"closed","sticky":false,"template":"","format":"standard","meta":{"_eb_attr":"","_lmt_disableupdate":"","_lmt_disable":"","footnotes":""},"categories":[3577],"tags":[2061],"pays":[429,709],"class_list":["post-119453","post","type-post","status-publish","format-standard","has-post-thumbnail","hentry","category-celni-povinnosti","tag-vse-cs","pays-france","pays-france-cs"],"yoast_head":"<!-- This site is optimized with the Yoast SEO plugin v27.4 - https:\/\/yoast.com\/product\/yoast-seo-wordpress\/ -->\n<title>Francie: Hl\u00e1\u0161en\u00ed o v\u00fdm\u011bn\u011b zbo\u017e\u00ed (DEB\/EMEBI\/Intrastat) \u2013 Nov\u00e1 pravidla od 1. 1. 2022 | ASD Group<\/title>\n<meta name=\"description\" content=\"V sou\u010dasn\u00e9m hl\u00e1\u0161en\u00ed o v\u00fdm\u011bn\u011b zbo\u017e\u00ed nast\u00e1vaj\u00ed ve Francii podstatn\u00e9 zm\u011bny, a to s\u00a0\u00fa\u010dinnost\u00ed od 1. ledna 2022. Zjist\u011bte, jak\u00e1 jsou nov\u00e1 pravidla.\" \/>\n<meta name=\"robots\" content=\"index, follow, max-snippet:-1, max-image-preview:large, max-video-preview:-1\" \/>\n<link rel=\"canonical\" href=\"https:\/\/www.asd-int.com\/cs\/nova-pravidla-pro-podavani-hlaseni-o-vymene-zbozi-deb-ve-francii-ucinna-ode-dne-1-ledna-2022\/\" \/>\n<meta property=\"og:locale\" content=\"cs_CZ\" \/>\n<meta property=\"og:type\" content=\"article\" \/>\n<meta property=\"og:title\" content=\"Francie: Hl\u00e1\u0161en\u00ed o v\u00fdm\u011bn\u011b zbo\u017e\u00ed (DEB\/EMEBI\/Intrastat) \u2013 Nov\u00e1 pravidla od 1. 1. 2022 | ASD Group\" \/>\n<meta property=\"og:description\" content=\"V sou\u010dasn\u00e9m hl\u00e1\u0161en\u00ed o v\u00fdm\u011bn\u011b zbo\u017e\u00ed nast\u00e1vaj\u00ed ve Francii podstatn\u00e9 zm\u011bny, a to s\u00a0\u00fa\u010dinnost\u00ed od 1. ledna 2022. Zjist\u011bte, jak\u00e1 jsou nov\u00e1 pravidla.\" \/>\n<meta property=\"og:url\" content=\"https:\/\/www.asd-int.com\/cs\/nova-pravidla-pro-podavani-hlaseni-o-vymene-zbozi-deb-ve-francii-ucinna-ode-dne-1-ledna-2022\/\" \/>\n<meta property=\"og:site_name\" content=\"ASD\" \/>\n<meta property=\"article:published_time\" content=\"2022-01-25T10:44:20+00:00\" \/>\n<meta property=\"article:modified_time\" content=\"2022-06-15T08:10:53+00:00\" \/>\n<meta property=\"og:image\" content=\"https:\/\/www.asd-int.com\/wp-content\/uploads\/2022\/01\/france-nouvelles-modalites-declaratives-deb-au-1er-janvier-2022.jpg\" \/>\n\t<meta property=\"og:image:width\" content=\"1440\" \/>\n\t<meta property=\"og:image:height\" content=\"960\" \/>\n\t<meta property=\"og:image:type\" content=\"image\/jpeg\" \/>\n<meta name=\"author\" content=\"No\u00e9mie Almot\" \/>\n<meta name=\"twitter:card\" content=\"summary_large_image\" \/>\n<meta name=\"twitter:label1\" content=\"Napsal(a)\" \/>\n\t<meta name=\"twitter:data1\" content=\"No\u00e9mie Almot\" \/>\n\t<meta name=\"twitter:label2\" content=\"Odhadovan\u00e1 doba \u010dten\u00ed\" \/>\n\t<meta name=\"twitter:data2\" content=\"6 minut\" \/>\n<script type=\"application\/ld+json\" class=\"yoast-schema-graph\">{\"@context\":\"https:\\\/\\\/schema.org\",\"@graph\":[{\"@type\":\"Article\",\"@id\":\"https:\\\/\\\/www.asd-int.com\\\/cs\\\/nova-pravidla-pro-podavani-hlaseni-o-vymene-zbozi-deb-ve-francii-ucinna-ode-dne-1-ledna-2022\\\/#article\",\"isPartOf\":{\"@id\":\"https:\\\/\\\/www.asd-int.com\\\/cs\\\/nova-pravidla-pro-podavani-hlaseni-o-vymene-zbozi-deb-ve-francii-ucinna-ode-dne-1-ledna-2022\\\/\"},\"author\":{\"name\":\"No\u00e9mie Almot\",\"@id\":\"https:\\\/\\\/www.asd-int.com\\\/cs\\\/#\\\/schema\\\/person\\\/ce2b34c81cda744c0b6ce91648ab367b\"},\"headline\":\"Nov\u00e1 pravidla pro pod\u00e1v\u00e1n\u00ed hl\u00e1\u0161en\u00ed o v\u00fdm\u011bn\u011b zbo\u017e\u00ed (DEB\\\/EMEBI\\\/Intrastat) ve Francii \u00fa\u010dinn\u00e1 ode dne 1. ledna 2022\",\"datePublished\":\"2022-01-25T10:44:20+00:00\",\"dateModified\":\"2022-06-15T08:10:53+00:00\",\"mainEntityOfPage\":{\"@id\":\"https:\\\/\\\/www.asd-int.com\\\/cs\\\/nova-pravidla-pro-podavani-hlaseni-o-vymene-zbozi-deb-ve-francii-ucinna-ode-dne-1-ledna-2022\\\/\"},\"wordCount\":1585,\"publisher\":{\"@id\":\"https:\\\/\\\/www.asd-int.com\\\/cs\\\/#organization\"},\"image\":{\"@id\":\"https:\\\/\\\/www.asd-int.com\\\/cs\\\/nova-pravidla-pro-podavani-hlaseni-o-vymene-zbozi-deb-ve-francii-ucinna-ode-dne-1-ledna-2022\\\/#primaryimage\"},\"thumbnailUrl\":\"https:\\\/\\\/www.asd-int.com\\\/wp-content\\\/uploads\\\/2022\\\/01\\\/france-nouvelles-modalites-declaratives-deb-au-1er-janvier-2022.jpg\",\"keywords\":[\"V\u0161e\"],\"articleSection\":[\"Celn\u00ed povinnosti\"],\"inLanguage\":\"cs\"},{\"@type\":\"WebPage\",\"@id\":\"https:\\\/\\\/www.asd-int.com\\\/cs\\\/nova-pravidla-pro-podavani-hlaseni-o-vymene-zbozi-deb-ve-francii-ucinna-ode-dne-1-ledna-2022\\\/\",\"url\":\"https:\\\/\\\/www.asd-int.com\\\/cs\\\/nova-pravidla-pro-podavani-hlaseni-o-vymene-zbozi-deb-ve-francii-ucinna-ode-dne-1-ledna-2022\\\/\",\"name\":\"Francie: Hl\u00e1\u0161en\u00ed o v\u00fdm\u011bn\u011b zbo\u017e\u00ed (DEB\\\/EMEBI\\\/Intrastat) \u2013 Nov\u00e1 pravidla od 1. 1. 2022 | ASD Group\",\"isPartOf\":{\"@id\":\"https:\\\/\\\/www.asd-int.com\\\/cs\\\/#website\"},\"primaryImageOfPage\":{\"@id\":\"https:\\\/\\\/www.asd-int.com\\\/cs\\\/nova-pravidla-pro-podavani-hlaseni-o-vymene-zbozi-deb-ve-francii-ucinna-ode-dne-1-ledna-2022\\\/#primaryimage\"},\"image\":{\"@id\":\"https:\\\/\\\/www.asd-int.com\\\/cs\\\/nova-pravidla-pro-podavani-hlaseni-o-vymene-zbozi-deb-ve-francii-ucinna-ode-dne-1-ledna-2022\\\/#primaryimage\"},\"thumbnailUrl\":\"https:\\\/\\\/www.asd-int.com\\\/wp-content\\\/uploads\\\/2022\\\/01\\\/france-nouvelles-modalites-declaratives-deb-au-1er-janvier-2022.jpg\",\"datePublished\":\"2022-01-25T10:44:20+00:00\",\"dateModified\":\"2022-06-15T08:10:53+00:00\",\"description\":\"V sou\u010dasn\u00e9m hl\u00e1\u0161en\u00ed o v\u00fdm\u011bn\u011b zbo\u017e\u00ed nast\u00e1vaj\u00ed ve Francii podstatn\u00e9 zm\u011bny, a to s\u00a0\u00fa\u010dinnost\u00ed od 1. ledna 2022. Zjist\u011bte, jak\u00e1 jsou nov\u00e1 pravidla.\",\"breadcrumb\":{\"@id\":\"https:\\\/\\\/www.asd-int.com\\\/cs\\\/nova-pravidla-pro-podavani-hlaseni-o-vymene-zbozi-deb-ve-francii-ucinna-ode-dne-1-ledna-2022\\\/#breadcrumb\"},\"inLanguage\":\"cs\",\"potentialAction\":[{\"@type\":\"ReadAction\",\"target\":[\"https:\\\/\\\/www.asd-int.com\\\/cs\\\/nova-pravidla-pro-podavani-hlaseni-o-vymene-zbozi-deb-ve-francii-ucinna-ode-dne-1-ledna-2022\\\/\"]}]},{\"@type\":\"ImageObject\",\"inLanguage\":\"cs\",\"@id\":\"https:\\\/\\\/www.asd-int.com\\\/cs\\\/nova-pravidla-pro-podavani-hlaseni-o-vymene-zbozi-deb-ve-francii-ucinna-ode-dne-1-ledna-2022\\\/#primaryimage\",\"url\":\"https:\\\/\\\/www.asd-int.com\\\/wp-content\\\/uploads\\\/2022\\\/01\\\/france-nouvelles-modalites-declaratives-deb-au-1er-janvier-2022.jpg\",\"contentUrl\":\"https:\\\/\\\/www.asd-int.com\\\/wp-content\\\/uploads\\\/2022\\\/01\\\/france-nouvelles-modalites-declaratives-deb-au-1er-janvier-2022.jpg\",\"width\":1440,\"height\":960,\"caption\":\"Nov\u00e1 pravidla pro pod\u00e1v\u00e1n\u00ed hl\u00e1\u0161en\u00ed o v\u00fdm\u011bn\u011b zbo\u017e\u00ed (DEB) \u00fa\u010dinn\u00e1 ode dne 1. ledna 2022\"},{\"@type\":\"BreadcrumbList\",\"@id\":\"https:\\\/\\\/www.asd-int.com\\\/cs\\\/nova-pravidla-pro-podavani-hlaseni-o-vymene-zbozi-deb-ve-francii-ucinna-ode-dne-1-ledna-2022\\\/#breadcrumb\",\"itemListElement\":[{\"@type\":\"ListItem\",\"position\":1,\"name\":\"ASD Group\",\"item\":\"https:\\\/\\\/www.asd-int.com\\\/cs\\\/\"},{\"@type\":\"ListItem\",\"position\":2,\"name\":\"Celn\u00ed povinnosti\",\"item\":\"https:\\\/\\\/www.asd-int.com\\\/cs\\\/category\\\/celni-povinnosti\\\/\"},{\"@type\":\"ListItem\",\"position\":3,\"name\":\"Francie: Hl\u00e1\u0161en\u00ed o v\u00fdm\u011bn\u011b zbo\u017e\u00ed (DEB\\\/EMEBI\\\/Intrastat) \u2013 Od 1. 1. 2022\"}]},{\"@type\":\"WebSite\",\"@id\":\"https:\\\/\\\/www.asd-int.com\\\/cs\\\/#website\",\"url\":\"https:\\\/\\\/www.asd-int.com\\\/cs\\\/\",\"name\":\"ASD\",\"description\":\"Celn\u00ed a da\u0148ov\u00e9 poradenstv\u00ed v r\u00e1mci unijn\u00edho i mezin\u00e1rodn\u00edho obchodu\",\"publisher\":{\"@id\":\"https:\\\/\\\/www.asd-int.com\\\/cs\\\/#organization\"},\"potentialAction\":[{\"@type\":\"SearchAction\",\"target\":{\"@type\":\"EntryPoint\",\"urlTemplate\":\"https:\\\/\\\/www.asd-int.com\\\/cs\\\/?s={search_term_string}\"},\"query-input\":{\"@type\":\"PropertyValueSpecification\",\"valueRequired\":true,\"valueName\":\"search_term_string\"}}],\"inLanguage\":\"cs\"},{\"@type\":\"Organization\",\"@id\":\"https:\\\/\\\/www.asd-int.com\\\/cs\\\/#organization\",\"name\":\"ASD Group\",\"url\":\"https:\\\/\\\/www.asd-int.com\\\/cs\\\/\",\"logo\":{\"@type\":\"ImageObject\",\"inLanguage\":\"cs\",\"@id\":\"https:\\\/\\\/www.asd-int.com\\\/cs\\\/#\\\/schema\\\/logo\\\/image\\\/\",\"url\":\"https:\\\/\\\/www.asd-int.com\\\/wp-content\\\/uploads\\\/2020\\\/07\\\/Logo-ASD_noir.png\",\"contentUrl\":\"https:\\\/\\\/www.asd-int.com\\\/wp-content\\\/uploads\\\/2020\\\/07\\\/Logo-ASD_noir.png\",\"width\":1054,\"height\":714,\"caption\":\"ASD Group\"},\"image\":{\"@id\":\"https:\\\/\\\/www.asd-int.com\\\/cs\\\/#\\\/schema\\\/logo\\\/image\\\/\"}},{\"@type\":\"Person\",\"@id\":\"https:\\\/\\\/www.asd-int.com\\\/cs\\\/#\\\/schema\\\/person\\\/ce2b34c81cda744c0b6ce91648ab367b\",\"name\":\"No\u00e9mie Almot\",\"url\":\"https:\\\/\\\/www.asd-int.com\\\/cs\\\/author\\\/nalmot\\\/\"}]}<\/script>\n<!-- \/ Yoast SEO plugin. -->","yoast_head_json":{"title":"Francie: Hl\u00e1\u0161en\u00ed o v\u00fdm\u011bn\u011b zbo\u017e\u00ed (DEB\/EMEBI\/Intrastat) \u2013 Nov\u00e1 pravidla od 1. 1. 2022 | ASD Group","description":"V sou\u010dasn\u00e9m hl\u00e1\u0161en\u00ed o v\u00fdm\u011bn\u011b zbo\u017e\u00ed nast\u00e1vaj\u00ed ve Francii podstatn\u00e9 zm\u011bny, a to s\u00a0\u00fa\u010dinnost\u00ed od 1. ledna 2022. Zjist\u011bte, jak\u00e1 jsou nov\u00e1 pravidla.","robots":{"index":"index","follow":"follow","max-snippet":"max-snippet:-1","max-image-preview":"max-image-preview:large","max-video-preview":"max-video-preview:-1"},"canonical":"https:\/\/www.asd-int.com\/cs\/nova-pravidla-pro-podavani-hlaseni-o-vymene-zbozi-deb-ve-francii-ucinna-ode-dne-1-ledna-2022\/","og_locale":"cs_CZ","og_type":"article","og_title":"Francie: Hl\u00e1\u0161en\u00ed o v\u00fdm\u011bn\u011b zbo\u017e\u00ed (DEB\/EMEBI\/Intrastat) \u2013 Nov\u00e1 pravidla od 1. 1. 2022 | ASD Group","og_description":"V sou\u010dasn\u00e9m hl\u00e1\u0161en\u00ed o v\u00fdm\u011bn\u011b zbo\u017e\u00ed nast\u00e1vaj\u00ed ve Francii podstatn\u00e9 zm\u011bny, a to s\u00a0\u00fa\u010dinnost\u00ed od 1. ledna 2022. Zjist\u011bte, jak\u00e1 jsou nov\u00e1 pravidla.","og_url":"https:\/\/www.asd-int.com\/cs\/nova-pravidla-pro-podavani-hlaseni-o-vymene-zbozi-deb-ve-francii-ucinna-ode-dne-1-ledna-2022\/","og_site_name":"ASD","article_published_time":"2022-01-25T10:44:20+00:00","article_modified_time":"2022-06-15T08:10:53+00:00","og_image":[{"width":1440,"height":960,"url":"https:\/\/www.asd-int.com\/wp-content\/uploads\/2022\/01\/france-nouvelles-modalites-declaratives-deb-au-1er-janvier-2022.jpg","type":"image\/jpeg"}],"author":"No\u00e9mie Almot","twitter_card":"summary_large_image","twitter_misc":{"Napsal(a)":"No\u00e9mie Almot","Odhadovan\u00e1 doba \u010dten\u00ed":"6 minut"},"schema":{"@context":"https:\/\/schema.org","@graph":[{"@type":"Article","@id":"https:\/\/www.asd-int.com\/cs\/nova-pravidla-pro-podavani-hlaseni-o-vymene-zbozi-deb-ve-francii-ucinna-ode-dne-1-ledna-2022\/#article","isPartOf":{"@id":"https:\/\/www.asd-int.com\/cs\/nova-pravidla-pro-podavani-hlaseni-o-vymene-zbozi-deb-ve-francii-ucinna-ode-dne-1-ledna-2022\/"},"author":{"name":"No\u00e9mie Almot","@id":"https:\/\/www.asd-int.com\/cs\/#\/schema\/person\/ce2b34c81cda744c0b6ce91648ab367b"},"headline":"Nov\u00e1 pravidla pro pod\u00e1v\u00e1n\u00ed hl\u00e1\u0161en\u00ed o v\u00fdm\u011bn\u011b zbo\u017e\u00ed (DEB\/EMEBI\/Intrastat) ve Francii \u00fa\u010dinn\u00e1 ode dne 1. ledna 2022","datePublished":"2022-01-25T10:44:20+00:00","dateModified":"2022-06-15T08:10:53+00:00","mainEntityOfPage":{"@id":"https:\/\/www.asd-int.com\/cs\/nova-pravidla-pro-podavani-hlaseni-o-vymene-zbozi-deb-ve-francii-ucinna-ode-dne-1-ledna-2022\/"},"wordCount":1585,"publisher":{"@id":"https:\/\/www.asd-int.com\/cs\/#organization"},"image":{"@id":"https:\/\/www.asd-int.com\/cs\/nova-pravidla-pro-podavani-hlaseni-o-vymene-zbozi-deb-ve-francii-ucinna-ode-dne-1-ledna-2022\/#primaryimage"},"thumbnailUrl":"https:\/\/www.asd-int.com\/wp-content\/uploads\/2022\/01\/france-nouvelles-modalites-declaratives-deb-au-1er-janvier-2022.jpg","keywords":["V\u0161e"],"articleSection":["Celn\u00ed povinnosti"],"inLanguage":"cs"},{"@type":"WebPage","@id":"https:\/\/www.asd-int.com\/cs\/nova-pravidla-pro-podavani-hlaseni-o-vymene-zbozi-deb-ve-francii-ucinna-ode-dne-1-ledna-2022\/","url":"https:\/\/www.asd-int.com\/cs\/nova-pravidla-pro-podavani-hlaseni-o-vymene-zbozi-deb-ve-francii-ucinna-ode-dne-1-ledna-2022\/","name":"Francie: Hl\u00e1\u0161en\u00ed o v\u00fdm\u011bn\u011b zbo\u017e\u00ed (DEB\/EMEBI\/Intrastat) \u2013 Nov\u00e1 pravidla od 1. 1. 2022 | ASD Group","isPartOf":{"@id":"https:\/\/www.asd-int.com\/cs\/#website"},"primaryImageOfPage":{"@id":"https:\/\/www.asd-int.com\/cs\/nova-pravidla-pro-podavani-hlaseni-o-vymene-zbozi-deb-ve-francii-ucinna-ode-dne-1-ledna-2022\/#primaryimage"},"image":{"@id":"https:\/\/www.asd-int.com\/cs\/nova-pravidla-pro-podavani-hlaseni-o-vymene-zbozi-deb-ve-francii-ucinna-ode-dne-1-ledna-2022\/#primaryimage"},"thumbnailUrl":"https:\/\/www.asd-int.com\/wp-content\/uploads\/2022\/01\/france-nouvelles-modalites-declaratives-deb-au-1er-janvier-2022.jpg","datePublished":"2022-01-25T10:44:20+00:00","dateModified":"2022-06-15T08:10:53+00:00","description":"V sou\u010dasn\u00e9m hl\u00e1\u0161en\u00ed o v\u00fdm\u011bn\u011b zbo\u017e\u00ed nast\u00e1vaj\u00ed ve Francii podstatn\u00e9 zm\u011bny, a to s\u00a0\u00fa\u010dinnost\u00ed od 1. ledna 2022. Zjist\u011bte, jak\u00e1 jsou nov\u00e1 pravidla.","breadcrumb":{"@id":"https:\/\/www.asd-int.com\/cs\/nova-pravidla-pro-podavani-hlaseni-o-vymene-zbozi-deb-ve-francii-ucinna-ode-dne-1-ledna-2022\/#breadcrumb"},"inLanguage":"cs","potentialAction":[{"@type":"ReadAction","target":["https:\/\/www.asd-int.com\/cs\/nova-pravidla-pro-podavani-hlaseni-o-vymene-zbozi-deb-ve-francii-ucinna-ode-dne-1-ledna-2022\/"]}]},{"@type":"ImageObject","inLanguage":"cs","@id":"https:\/\/www.asd-int.com\/cs\/nova-pravidla-pro-podavani-hlaseni-o-vymene-zbozi-deb-ve-francii-ucinna-ode-dne-1-ledna-2022\/#primaryimage","url":"https:\/\/www.asd-int.com\/wp-content\/uploads\/2022\/01\/france-nouvelles-modalites-declaratives-deb-au-1er-janvier-2022.jpg","contentUrl":"https:\/\/www.asd-int.com\/wp-content\/uploads\/2022\/01\/france-nouvelles-modalites-declaratives-deb-au-1er-janvier-2022.jpg","width":1440,"height":960,"caption":"Nov\u00e1 pravidla pro pod\u00e1v\u00e1n\u00ed hl\u00e1\u0161en\u00ed o v\u00fdm\u011bn\u011b zbo\u017e\u00ed (DEB) \u00fa\u010dinn\u00e1 ode dne 1. ledna 2022"},{"@type":"BreadcrumbList","@id":"https:\/\/www.asd-int.com\/cs\/nova-pravidla-pro-podavani-hlaseni-o-vymene-zbozi-deb-ve-francii-ucinna-ode-dne-1-ledna-2022\/#breadcrumb","itemListElement":[{"@type":"ListItem","position":1,"name":"ASD Group","item":"https:\/\/www.asd-int.com\/cs\/"},{"@type":"ListItem","position":2,"name":"Celn\u00ed povinnosti","item":"https:\/\/www.asd-int.com\/cs\/category\/celni-povinnosti\/"},{"@type":"ListItem","position":3,"name":"Francie: Hl\u00e1\u0161en\u00ed o v\u00fdm\u011bn\u011b zbo\u017e\u00ed (DEB\/EMEBI\/Intrastat) \u2013 Od 1. 1. 2022"}]},{"@type":"WebSite","@id":"https:\/\/www.asd-int.com\/cs\/#website","url":"https:\/\/www.asd-int.com\/cs\/","name":"ASD","description":"Celn\u00ed a da\u0148ov\u00e9 poradenstv\u00ed v r\u00e1mci unijn\u00edho i mezin\u00e1rodn\u00edho obchodu","publisher":{"@id":"https:\/\/www.asd-int.com\/cs\/#organization"},"potentialAction":[{"@type":"SearchAction","target":{"@type":"EntryPoint","urlTemplate":"https:\/\/www.asd-int.com\/cs\/?s={search_term_string}"},"query-input":{"@type":"PropertyValueSpecification","valueRequired":true,"valueName":"search_term_string"}}],"inLanguage":"cs"},{"@type":"Organization","@id":"https:\/\/www.asd-int.com\/cs\/#organization","name":"ASD Group","url":"https:\/\/www.asd-int.com\/cs\/","logo":{"@type":"ImageObject","inLanguage":"cs","@id":"https:\/\/www.asd-int.com\/cs\/#\/schema\/logo\/image\/","url":"https:\/\/www.asd-int.com\/wp-content\/uploads\/2020\/07\/Logo-ASD_noir.png","contentUrl":"https:\/\/www.asd-int.com\/wp-content\/uploads\/2020\/07\/Logo-ASD_noir.png","width":1054,"height":714,"caption":"ASD Group"},"image":{"@id":"https:\/\/www.asd-int.com\/cs\/#\/schema\/logo\/image\/"}},{"@type":"Person","@id":"https:\/\/www.asd-int.com\/cs\/#\/schema\/person\/ce2b34c81cda744c0b6ce91648ab367b","name":"No\u00e9mie Almot","url":"https:\/\/www.asd-int.com\/cs\/author\/nalmot\/"}]}},"modified_by":"Thierry Paparone","_links":{"self":[{"href":"https:\/\/www.asd-int.com\/cs\/wp-json\/wp\/v2\/posts\/119453","targetHints":{"allow":["GET"]}}],"collection":[{"href":"https:\/\/www.asd-int.com\/cs\/wp-json\/wp\/v2\/posts"}],"about":[{"href":"https:\/\/www.asd-int.com\/cs\/wp-json\/wp\/v2\/types\/post"}],"author":[{"embeddable":true,"href":"https:\/\/www.asd-int.com\/cs\/wp-json\/wp\/v2\/users\/36"}],"replies":[{"embeddable":true,"href":"https:\/\/www.asd-int.com\/cs\/wp-json\/wp\/v2\/comments?post=119453"}],"version-history":[{"count":4,"href":"https:\/\/www.asd-int.com\/cs\/wp-json\/wp\/v2\/posts\/119453\/revisions"}],"predecessor-version":[{"id":136276,"href":"https:\/\/www.asd-int.com\/cs\/wp-json\/wp\/v2\/posts\/119453\/revisions\/136276"}],"wp:featuredmedia":[{"embeddable":true,"href":"https:\/\/www.asd-int.com\/cs\/wp-json\/wp\/v2\/media\/118605"}],"wp:attachment":[{"href":"https:\/\/www.asd-int.com\/cs\/wp-json\/wp\/v2\/media?parent=119453"}],"wp:term":[{"taxonomy":"category","embeddable":true,"href":"https:\/\/www.asd-int.com\/cs\/wp-json\/wp\/v2\/categories?post=119453"},{"taxonomy":"post_tag","embeddable":true,"href":"https:\/\/www.asd-int.com\/cs\/wp-json\/wp\/v2\/tags?post=119453"},{"taxonomy":"pays","embeddable":true,"href":"https:\/\/www.asd-int.com\/cs\/wp-json\/wp\/v2\/pays?post=119453"}],"curies":[{"name":"wp","href":"https:\/\/api.w.org\/{rel}","templated":true}]}}