{"id":124906,"date":"2022-02-18T15:19:23","date_gmt":"2022-02-18T14:19:23","guid":{"rendered":"https:\/\/www.asd-int.com\/nove-predpisy-pro-vysilani-pracovniku-v-silnicni-doprave-platne-od-2-unora-2022\/"},"modified":"2022-02-21T13:55:48","modified_gmt":"2022-02-21T12:55:48","slug":"nove-predpisy-pro-vysilani-pracovniku-v-silnicni-doprave-platne-od-2-unora-2022","status":"publish","type":"post","link":"https:\/\/www.asd-int.com\/cs\/nove-predpisy-pro-vysilani-pracovniku-v-silnicni-doprave-platne-od-2-unora-2022\/","title":{"rendered":"Nov\u00e9 p\u0159edpisy pro vys\u00edl\u00e1n\u00ed pracovn\u00edk\u016f v silni\u010dn\u00ed doprav\u011b platn\u00e9 od 2. \u00fanora 2022"},"content":{"rendered":"\n<p>Jak\u00e1 jsou nov\u00e1 pravidla pro vys\u00edl\u00e1n\u00ed pracovn\u00edk\u016f v silni\u010dn\u00ed doprav\u011b, kter\u00e1 vstoupila v platnost 2. \u00fanora 2022?<\/p>\n\n<!--more-->\n\n<p>Jak ji\u017e bylo 31. \u010dervence 2020 v r\u00e1mci \u00da\u0159edn\u00edho v\u011bstn\u00edku EU avizov\u00e1no, dne <strong>2. \u00fanora 2022 vstoupila v platnost opat\u0159en\u00ed stanoven\u00e1 reformou zn\u00e1mou jako bal\u00ed\u010dek mobility, kter\u00e1 budou m\u00edt dopad tak\u00e9 na profesion\u00e1ly v oblasti dopravy<\/strong>.<\/p>\n\n<p>Tyto nov\u00e9 p\u0159edpisy vnesou do pravidel upravuj\u00edc\u00edch odv\u011btv\u00ed silni\u010dn\u00ed dopravy v\u00fdznamn\u00e9 zm\u011bny. C\u00edlem nov\u00fdch p\u0159edpis\u016f je zejm\u00e9na boj proti podvod\u016fm a neleg\u00e1ln\u00ed pr\u00e1ci za \u00fa\u010delem ochrany \u0159idi\u010d\u016f n\u00e1kladn\u00edch automobil\u016f.<\/p>\n\n<p><a href=\"https:\/\/eur-lex.europa.eu\/legal-content\/FR\/TXT\/?uri=CELEX%3A32020L1057\">Sm\u011brnice Evropsk\u00e9ho parlamentu a Rady EU 2020\/1057<\/a> (zn\u00e1m\u00e1 jako \u201eLEX SPECIALIS\u201c) <em>(ve francouz\u0161tin\u011b)<\/em> ze dne 15. \u010dervence 2020 stanovuje zvl\u00e1\u0161tn\u00ed pravidla pro vys\u00edl\u00e1n\u00ed \u0159idi\u010d\u016f v odv\u011btv\u00ed silni\u010dn\u00ed dopravy. Je jednou z d\u016fle\u017eit\u00fdch \u010d\u00e1st\u00ed \u201eBal\u00ed\u010dku mobility I\u201c.<\/p>\n\n<h2 class=\"wp-block-heading\">Jak\u00e1 je oblast p\u016fsobnosti nov\u00e9 sm\u011brnice?<\/h2>\n\n<h3 class=\"wp-block-heading\">Koho se sm\u011brnice t\u00fdk\u00e1?<\/h3>\n\n<p>Tato sm\u011brnice se t\u00fdk\u00e1 v\u0161ech \u0159idi\u010d\u016f v odv\u011btv\u00ed silni\u010dn\u00ed p\u0159epravy zbo\u017e\u00ed nebo osob.<\/p>\n\n<h3 class=\"wp-block-heading\">V\u00fdjimky ze sm\u011brnice<\/h3>\n\n<p><strong>\u0158idi\u010d se nepova\u017euje za vyslan\u00e9ho pracovn\u00edka<\/strong>, tedy nedisponuje \u017e\u00e1dn\u00fdm prohl\u00e1\u0161en\u00edm o vysl\u00e1n\u00ed evidovan\u00e9m v nov\u00e9m evropsk\u00e9m port\u00e1lu, v n\u00ed\u017ee uveden\u00fdch p\u0159\u00edpadech:<\/p>\n\n<ul class=\"wp-block-list\"><li>p\u0159i v\u00fdkonu dvoustrann\u00fdch operac\u00ed (dvoustrann\u00e1 p\u0159eprava zbo\u017e\u00ed),<\/li><\/ul>\n\n<ul class=\"wp-block-list\"><li>p\u0159i pr\u016fjezdu \u010dlensk\u00fdm st\u00e1tem EU bez nakl\u00e1dky nebo vykl\u00e1dky zbo\u017e\u00ed.<\/li><\/ul>\n\n<h2 class=\"wp-block-heading\">Co je na t\u011bchto p\u0159edpisech pro vys\u00edl\u00e1n\u00ed pracovn\u00edk\u016f v silni\u010dn\u00ed doprav\u011b nov\u00e9ho?<\/h2>\n\n<p>Dne 2. \u00fanora 2022 vstoupila v platnost n\u00ed\u017ee uveden\u00e1 opat\u0159en\u00ed:<\/p>\n\n<ul class=\"wp-block-list\"><li>v\u0161em vyslan\u00fdm \u0159idi\u010d\u016fm mus\u00ed b\u00fdt vyplacena odm\u011bna podle pravidel pro odm\u011b\u0148ov\u00e1n\u00ed platn\u00fdch v hostitelsk\u00e9m \u010dlensk\u00e9m st\u00e1tu EU, v n\u011bm\u017e vykon\u00e1vaj\u00ed svoji \u010dinnost, pokud tato pravidla spadaj\u00ed do oblasti p\u016fsobnosti v\u00fd\u0161e uveden\u00fdch p\u0159edpis\u016f, \u00a0<\/li><\/ul>\n\n<ul class=\"wp-block-list\"><li><strong>zru\u0161en\u00ed jmenov\u00e1n\u00ed z\u00e1stupce v hostitelsk\u00e9 zemi<\/strong>, kter\u00fd by se v p\u0159\u00edpad\u011b kontroly spole\u010dnosti vys\u00edlaj\u00edc\u00ed pracovn\u00edka nebo kontroly vyslan\u00e9ho \u0159idi\u010de domluvil \u00fa\u0159edn\u00edm jazykem,<\/li><\/ul>\n\n<ul class=\"wp-block-list\"><li>zru\u0161en\u00ed prohl\u00e1\u0161en\u00ed\/osv\u011bd\u010den\u00ed o vys\u00edl\u00e1n\u00ed pracovn\u00edk\u016f prost\u0159ednictv\u00edm vnitrost\u00e1tn\u00edch syst\u00e9m\u016f v\u00a0hostitelsk\u00e9 zemi, do n\u00ed\u017e je pracovn\u00edk vysl\u00e1n (ve Francii je to SIPSI),<\/li><\/ul>\n\n<ul class=\"wp-block-list\"><li>vytvo\u0159en\u00ed nov\u00e9ho <a href=\"https:\/\/www.postingdeclaration.eu\/\">evropsk\u00e9ho port\u00e1lu<\/a> za \u00fa\u010delem harmonizace formalit a administrativy prost\u0159ednictv\u00edm jednotn\u00e9ho bezpe\u010dn\u00e9ho port\u00e1lu propojen\u00e9ho se syst\u00e9mem pro v\u00fdm\u011bnu informac\u00ed o vnit\u0159n\u00edm trhu (IMI). Tento port\u00e1l bude p\u0159\u00edstupn\u00fd a\u017e od 2. \u00fanora 2022.<\/li><\/ul>\n\n<p>Pozn\u00e1mky:<\/p>\n\n<ul class=\"wp-block-list\"><li>Od 2. \u00fanora 2022 ji\u017e nebudou pro vyslan\u00e9 \u0159idi\u010de, kte\u0159\u00ed vstoup\u00ed na \u00fazem\u00ed jednotn\u00e9ho evropsk\u00e9ho syst\u00e9mu, platit vnitrost\u00e1tn\u00ed syst\u00e9my.<\/li><\/ul>\n\n<ul class=\"wp-block-list\"><li>Osv\u011bd\u010den\u00ed o vys\u00edl\u00e1n\u00ed pracovn\u00edk\u016f vystaven\u00e1 prost\u0159ednictv\u00edm vnitrost\u00e1tn\u00edch syst\u00e9m\u016f budou platit pouze do 2. \u00fanora 2022. Osv\u011bd\u010den\u00ed a potvrzen\u00ed o p\u0159ijet\u00ed v\u0161ak budou v r\u00e1mci vnitrost\u00e1tn\u00edch syst\u00e9m\u016f p\u0159\u00edstupn\u00e1 i po tomto datu jako d\u016fkazn\u00ed materi\u00e1l v p\u0159\u00edpad\u011b sporu vypl\u00fdvaj\u00edc\u00edho z kontroly za p\u0159edchoz\u00ed obdob\u00ed.<\/li><\/ul>\n\n<ul class=\"wp-block-list\"><li>Ve\u0161ker\u00e1 prohl\u00e1\u0161en\u00ed o vys\u00edl\u00e1n\u00ed pracovn\u00edk\u016f prob\u00edhaj\u00edc\u00edm ke dni 2. \u00fanora 2022 mus\u00ed b\u00fdt prost\u0159ednictv\u00edm nov\u00e9ho evropsk\u00e9ho port\u00e1lu od 2. \u00fanora 2022 povinn\u011b vystavena znovu.<\/li><\/ul>\n\n<p><\/p>\n\n<p>Dal\u0161\u00ed informace: <a href=\"https:\/\/www.soposting-worker.com\/fr\/blog-content\/paquet-mobilite-reforme-du-secteur-transport-routier\" target=\"_blank\" rel=\"noreferrer noopener\">Bal\u00ed\u010dek mobility: reforma odv\u011btv\u00ed silni\u010dn\u00ed dopravy<\/a> <em>(ve francouz\u0161tin\u011b)<\/em><\/p>\n\n<p><\/p>\n\n<h3 class=\"wp-block-heading\">Co je vlastn\u011b c\u00edlem nov\u00e9ho evropsk\u00e9ho port\u00e1lu?<\/h3>\n\n<p><strong>Ka\u017edou \u017e\u00e1dost o vysl\u00e1n\u00ed pracovn\u00edka je pot\u0159eba p\u0159edem podat prost\u0159ednictv\u00edm nov\u00e9ho evropsk\u00e9ho port\u00e1lu.<\/strong><\/p>\n\n<p>C\u00edlem tohoto port\u00e1lu je:\u00a0<\/p>\n\n<ul class=\"wp-block-list\"><li>B\u00fdt \u0159\u00edd\u00edc\u00edm n\u00e1strojem pro provozovatele vys\u00edlaj\u00edc\u00ed \u0159idi\u010de, v r\u00e1mci n\u011bho\u017e mohou snadno shroma\u017e\u010fovat ve\u0161ker\u00e9 dokumenty, kter\u00e9 jsou povinn\u00e9 v p\u0159\u00edpad\u011b kontroly ze strany p\u0159\u00edslu\u0161n\u00fdch org\u00e1n\u016f hostitelsk\u00e9 zem\u011b na z\u00e1klad\u011b ozn\u00e1men\u00ed zaslan\u00fdch p\u0159\u00edmo na osobn\u00ed \u00fa\u010det. Ka\u017ed\u00e1 spole\u010dnost vlastn\u00ed pouze jeden p\u0159\u00edstupov\u00fd \u00fa\u010det, ale m\u016f\u017ee m\u00edt v\u00edce u\u017eivatel\u016f, kte\u0159\u00ed budou \u00fa\u010det spole\u010dnosti spravovat. V\u0161ichni u\u017eivatel\u00e9 maj\u00ed stejn\u00e1 pr\u00e1va.<\/li><\/ul>\n\n<ul class=\"wp-block-list\"><li>Usnadnit kontroly ze strany p\u0159\u00edslu\u0161n\u00fdch org\u00e1n\u016f hostitelsk\u00e9 zem\u011b v p\u0159\u00edm\u00e9 n\u00e1vaznosti na p\u0159\u00edslu\u0161n\u00e9 org\u00e1ny zem\u011b usazen\u00ed. Tyto kontroly budou prob\u00edhat pouze na z\u00e1klad\u011b ozn\u00e1men\u00ed zaslan\u00fdch prost\u0159ednictv\u00edm port\u00e1lu.<\/li><\/ul>\n\n<ul class=\"wp-block-list\"><li>Usnadnit v\u00edcejazy\u010dnou komunikaci mezi spole\u010dnost\u00ed, kter\u00e1 vys\u00edl\u00e1 pracovn\u00edky, a kontroln\u00edmi org\u00e1ny na stran\u011b jedn\u00e9 a samotn\u00fdmi org\u00e1ny na stran\u011b druh\u00e9. Port\u00e1l disponuje v\u00edcejazy\u010dn\u00fdm formul\u00e1\u0159em, kter\u00fd umo\u017e\u0148uje podat prohl\u00e1\u0161en\u00ed ve 24 ofici\u00e1ln\u00edch jazyc\u00edch EU. Spole\u010dnost, kter\u00e1 oznamuje vysl\u00e1n\u00ed pracovn\u00edka, si m\u016f\u017ee zvolit jazyk a nen\u00ed povinna pod\u00e1vat prohl\u00e1\u0161en\u00ed v jazyce zem\u011b, kde bude vys\u00edl\u00e1n\u00ed realizovat. Kontroln\u00ed org\u00e1n nach\u00e1zej\u00edc\u00ed se v hostitelsk\u00e9 \u010dlensk\u00e9 zemi si m\u016f\u017ee nechat p\u0159elo\u017eit prohl\u00e1\u0161en\u00ed do sv\u00e9ho preferovan\u00e9ho jazyka. Podobn\u011b bude i ve\u0161ker\u00e1 komunikace veden\u00e1 prost\u0159ednictv\u00edm port\u00e1lu automaticky p\u0159elo\u017eena do po\u017eadovan\u00e9ho jazyka, a to a\u0165 u\u017e ze strany spole\u010dnosti, kter\u00e1 \u0159idi\u010de zam\u011bstn\u00e1v\u00e1, nebo kontroln\u00edch org\u00e1n\u016f hostitelsk\u00e9ho \u010dlensk\u00e9ho st\u00e1tu nebo st\u00e1tu usazen\u00ed.<\/li><\/ul>\n\n<h2 class=\"wp-block-heading\">Jak\u00e9 povinnosti m\u00e1 zam\u011bstnavatel?<\/h2>\n\n<h3 class=\"wp-block-heading\">Jak\u00e9 jsou oznamovac\u00ed povinnosti zam\u011bstnavatele ohledn\u011b vys\u00edl\u00e1n\u00ed \u0159idi\u010d\u016f?<\/h3>\n\n<figure class=\"wp-block-image size-large\"><img fetchpriority=\"high\" decoding=\"async\" width=\"1024\" height=\"683\" src=\"https:\/\/www.asd-int.com\/wp-content\/uploads\/2022\/02\/obligations-declaratives-employeur-detachement-chauffeurs-1024x683.jpg\" alt=\"\" class=\"wp-image-122130\" srcset=\"https:\/\/www.asd-int.com\/wp-content\/uploads\/2022\/02\/obligations-declaratives-employeur-detachement-chauffeurs-1024x683.jpg 1024w, https:\/\/www.asd-int.com\/wp-content\/uploads\/2022\/02\/obligations-declaratives-employeur-detachement-chauffeurs-300x200.jpg 300w, https:\/\/www.asd-int.com\/wp-content\/uploads\/2022\/02\/obligations-declaratives-employeur-detachement-chauffeurs-768x513.jpg 768w, https:\/\/www.asd-int.com\/wp-content\/uploads\/2022\/02\/obligations-declaratives-employeur-detachement-chauffeurs-1200x801.jpg 1200w, https:\/\/www.asd-int.com\/wp-content\/uploads\/2022\/02\/obligations-declaratives-employeur-detachement-chauffeurs.jpg 1440w\" sizes=\"(max-width: 1024px) 100vw, 1024px\" \/><figcaption>Oznamovac\u00ed povinnosti zam\u011bstnavatele ohledn\u011b vys\u00edl\u00e1n\u00ed \u0159idi\u010d\u016f.<\/figcaption><\/figure>\n\n<p>Provozovatel (zam\u011bstnavatel) vyslan\u00e9ho \u0159idi\u010de je povinen podat prohl\u00e1\u0161en\u00ed o vysl\u00e1n\u00ed pracovn\u00edka na obdob\u00ed v d\u00e9lce 1 den a\u017e maxim\u00e1ln\u011b 6 m\u011bs\u00edc\u016f a doru\u010dit ho (s QR k\u00f3dem) p\u0159\u00edslu\u0161n\u00fdm org\u00e1n\u016fm \u010dlensk\u00e9ho st\u00e1tu, kde bude \u0159idi\u010d sv\u00e9 pracovn\u00ed povinnosti vykon\u00e1vat, nejpozd\u011bji p\u0159ed za\u010d\u00e1tkem vysl\u00e1n\u00ed prost\u0159ednictv\u00edm <a href=\"https:\/\/www.postingdeclaration.eu\/\">jednotn\u00e9ho evropsk\u00e9ho port\u00e1lu<\/a>. Dokonce i v p\u0159\u00edpad\u011b vysl\u00e1n\u00ed pracovn\u00edka na 24 hodin mus\u00ed b\u00fdt vyhotoveno prohl\u00e1\u0161en\u00ed, kter\u00e9 toto obdob\u00ed pokryje.<\/p>\n\n<p>Za ka\u017ed\u00e9ho \u0159idi\u010de mus\u00ed b\u00fdt p\u0159edlo\u017eeno jedno prohl\u00e1\u0161en\u00ed. Je tedy mo\u017en\u00e9 vyhotovit bu\u010f jedno prohl\u00e1\u0161en\u00ed na obdob\u00ed 6 m\u011bs\u00edc\u016f na jednoho \u0159idi\u010de, kde budou uvedena v\u0161echna vysl\u00e1n\u00ed, kter\u00e1 se v tomto obdob\u00ed uskute\u010dn\u00ed, nebo na ka\u017ed\u00e9ho \u0159idi\u010de a ka\u017ed\u00e9 vysl\u00e1n\u00ed zvl\u00e1\u0161\u0165 samostatn\u00e9 prohl\u00e1\u0161en\u00ed.<\/p>\n\n<p>Upozorn\u011bn\u00ed: pokud bude \u0159idi\u010d vysl\u00e1n do v\u00edce zem\u00ed, pak spole\u010dnost, kter\u00e1 ho vys\u00edl\u00e1, mus\u00ed pro ka\u017edou zemi vyhotovit samostatn\u00e9 prohl\u00e1\u0161en\u00ed.<\/p>\n\n<p>Souhrnn\u011b lze tedy konstatovat, <strong>\u017ee je \u017e\u00e1douc\u00ed vyhotovit jedno prohl\u00e1\u0161en\u00ed na \u0159idi\u010de, na zemi i vysl\u00e1n\u00ed<\/strong> (s v\u011bdom\u00edm, \u017ee spole\u010dnost, kter\u00e1 pracovn\u00edka vys\u00edl\u00e1, m\u016f\u017ee zaevidovat v\u00edcero vysl\u00e1n\u00ed, pokud ji\u017e napl\u00e1novala pro tohoto \u0159idi\u010de v\u00edcero vysl\u00e1n\u00ed do dan\u00e9 zem\u011b na 6 m\u011bs\u00edc\u016f dop\u0159edu).<\/p>\n\n<p>Prohl\u00e1\u0161en\u00ed o vysl\u00e1n\u00ed zam\u011bstnance mus\u00ed povinn\u011b obsahovat n\u00ed\u017ee uveden\u00e9 informace:<\/p>\n\n<ul class=\"wp-block-list\"><li>identifika\u010dn\u00ed \u00fadaje provozovatele,<\/li><li>kontaktn\u00ed \u00fadaje spr\u00e1vce dopravy nebo jin\u00e9 kontaktn\u00ed osoby v \u010dlensk\u00e9m st\u00e1t\u011b, kde je dopravce usazen,<\/li><li>toto\u017enost, adresu trval\u00e9ho bydli\u0161t\u011b a \u010d\u00edslo \u0159idi\u010dsk\u00e9 pr\u016fkazu \u0159idi\u010de,<\/li><li>datum nabyt\u00ed \u00fa\u010dinnosti pracovn\u00ed smlouvy \u0159idi\u010de a pr\u00e1vn\u00ed \u0159\u00e1d, kter\u00fdm se tato smlouva \u0159\u00edd\u00ed,<\/li><li>pl\u00e1novan\u00e9 datum za\u010d\u00e1tku a konce vysl\u00e1n\u00ed,<\/li><li>registra\u010dn\u00ed zna\u010dku motorov\u00fdch vozidel,<\/li><li>typ p\u0159epravy: zbo\u017e\u00ed \/ osoby \/ mezin\u00e1rodn\u00ed doprava \/ kabot\u00e1\u017e.<\/li><\/ul>\n\n<p>Informace obsa\u017een\u00e9 v prohl\u00e1\u0161en\u00ed lze v port\u00e1lu snadno upravit, p\u0159idat, aktualizovat nebo opravit. V p\u0159\u00edpad\u011b vytvo\u0159en\u00ed nov\u00e9ho prohl\u00e1\u0161en\u00ed nebo obnoven\u00ed lze rovn\u011b\u017e jednodu\u0161e zkop\u00edrovat n\u00e1le\u017eitosti ji\u017e vyhotoven\u00e9ho prohl\u00e1\u0161en\u00ed, nen\u00ed tak nutn\u00e9 ztr\u00e1cet \u010das vypl\u0148ov\u00e1n\u00edm dal\u0161\u00edho formul\u00e1\u0159e, kter\u00fd obsahuje v podstat\u011b toto\u017en\u00e9 informace. Sta\u010d\u00ed jen upravit nov\u00e9 n\u00e1le\u017eitosti.<\/p>\n\n<p>Je t\u0159eba poznamenat, \u017ee <strong>podle sm\u011brnice o vys\u00edl\u00e1n\u00ed zam\u011bstnanc\u016f m\u00e1 provozovatel na z\u00e1klad\u011b sv\u00e9 \u017e\u00e1dosti lh\u016ftu 8 t\u00fddn\u016f na dod\u00e1n\u00ed ve\u0161ker\u00fdch nezbytn\u00fdch dokument\u016f souvisej\u00edc\u00edch s vys\u00edl\u00e1n\u00edm pracovn\u00edk\u016f v silni\u010dn\u00ed doprav\u011b.\u00a0<\/strong><\/p>\n\n<p>V p\u0159\u00edpad\u011b nedodr\u017een\u00ed uveden\u00e9 lh\u016fty budou kontroln\u00ed org\u00e1ny hostitelsk\u00e9 zem\u011b informovat kontroln\u00ed org\u00e1ny v zemi p\u016fvodu dan\u00e9 spole\u010dnosti. A ty kontaktuj\u00ed p\u0159epravn\u00ed spole\u010dnost, aby chyb\u011bj\u00edc\u00ed dokumenty dodala.<\/p>\n\n<h3 class=\"wp-block-heading\">Jak\u00e9 povinnosti m\u00e1 zam\u011bstnavatel v\u016f\u010di dopravci?<\/h3>\n\n<p>Provozovatel (zam\u011bstnavatel) je povinen zajistit, aby m\u011bl vyslan\u00fd \u0159idi\u010d k dispozici listinn\u00fd nebo elektronick\u00fd form\u00e1t n\u00ed\u017ee uveden\u00fdch doklad\u016f:<\/p>\n\n<ul class=\"wp-block-list\"><li>kopii prohl\u00e1\u0161en\u00ed o vysl\u00e1n\u00ed zam\u011bstnance s QR k\u00f3dem,<\/li><li>doklad o povolen\u00ed k p\u0159eprav\u011b,<\/li><li>z\u00e1znamy tachografu.<\/li><\/ul>\n\n<h3 class=\"wp-block-heading\">Jak\u00e9 povinnosti m\u00e1 zam\u011bstnavatel v p\u0159\u00edpad\u011b kontroly?<\/h3>\n\n<p>V p\u0159\u00edpad\u011b kontroly ze strany p\u0159\u00edslu\u0161n\u00fdch org\u00e1n\u016f hostitelsk\u00e9 zem\u011b je provozovatel (zam\u011bstnavatel) povinen p\u0159edlo\u017eit prost\u0159ednictv\u00edm jednotn\u00e9ho port\u00e1lu ve\u0161kerou n\u00ed\u017ee uvedenou dokumentaci:<\/p>\n\n<ul class=\"wp-block-list\"><li>doklad o povolen\u00ed k p\u0159eprav\u011b,<\/li><li>z\u00e1znamy tachografu,<\/li><li>dokumenty t\u00fdkaj\u00edc\u00ed se odm\u011bny vyslan\u00e9ho \u0159idi\u010de za p\u0159edm\u011btn\u00e9 obdob\u00ed vysl\u00e1n\u00ed,<\/li><li>pracovn\u00ed smlouvu nebo rovnocenn\u00fd doklad a pracovn\u00ed v\u00fdkazy t\u00fdkaj\u00edc\u00ed se pr\u00e1ce \u0159idi\u010de,<\/li><li>doklad o zaplacen\u00ed.<\/li><\/ul>\n\n<figure class=\"wp-block-image size-large\"><img decoding=\"async\" width=\"1024\" height=\"683\" src=\"https:\/\/www.asd-int.com\/wp-content\/uploads\/2022\/02\/obligations-employeur-controle-chauffeur-1024x683.jpg\" alt=\"\" class=\"wp-image-122163\" srcset=\"https:\/\/www.asd-int.com\/wp-content\/uploads\/2022\/02\/obligations-employeur-controle-chauffeur-1024x683.jpg 1024w, https:\/\/www.asd-int.com\/wp-content\/uploads\/2022\/02\/obligations-employeur-controle-chauffeur-300x200.jpg 300w, https:\/\/www.asd-int.com\/wp-content\/uploads\/2022\/02\/obligations-employeur-controle-chauffeur-768x512.jpg 768w, https:\/\/www.asd-int.com\/wp-content\/uploads\/2022\/02\/obligations-employeur-controle-chauffeur-1200x800.jpg 1200w, https:\/\/www.asd-int.com\/wp-content\/uploads\/2022\/02\/obligations-employeur-controle-chauffeur.jpg 1440w\" sizes=\"(max-width: 1024px) 100vw, 1024px\" \/><figcaption>Povinnosti zam\u011bstnavatele v p\u0159\u00edpad\u011b kontroly<\/figcaption><\/figure>\n\n<p>Evropsk\u00e1 komise a Evropsk\u00fd \u00fa\u0159ad pr\u00e1ce se sna\u017e\u00ed pravideln\u011b poskytovat co nejpodrobn\u011bj\u0161\u00ed informace.<\/p>\n\n<p>Spole\u010dnost ASD SPW v\u00e1m s touto zm\u011bnou pr\u00e1vn\u00edch p\u0159edpis\u016f pom\u016f\u017ee, <a href=\"https:\/\/www.soposting-worker.com\/cs\/pomoc-kontakt\">pro v\u00edce informac\u00ed kontaktujte na\u0161e odborn\u00edky.<\/a><\/p>\n\n<p>Nav\u00edc, d\u00edky sv\u00e9 <a href=\"https:\/\/www.soposting-worker.com\/cs\" target=\"_blank\" rel=\"noreferrer noopener\">online slu\u017eb\u011b ur\u010den\u00e9 pro vys\u00edl\u00e1n\u00ed pracovn\u00edk\u016f<\/a>, se ASD SPW spolehliv\u011b postar\u00e1 o ve\u0161ker\u00e9 va\u0161e povinnosti souvisej\u00edc\u00ed s vys\u00edl\u00e1n\u00edm pracovn\u00edk\u016f nap\u0159\u00ed\u010d odv\u011btv\u00edmi, jako jsou stavebnictv\u00ed, vina\u0159stv\u00ed nebo dokonce obchod. S touto platformou, kter\u00e1 byla speci\u00e1ln\u011b vytvo\u0159ena pro vys\u00edl\u00e1n\u00ed pracovn\u00edk\u016f, m\u016f\u017eete vy\u0159izovat nap\u0159\u00edklad tyto administrativn\u00ed postupy:<\/p>\n\n<ul class=\"wp-block-list\"><li><a href=\"https:\/\/www.soposting-worker.com\/cs\/prohlaseni-sipsi\" target=\"_blank\" rel=\"noreferrer noopener\">\u017e\u00e1dosti v syst\u00e9mu SIPSI<\/a>\u00a0nebo o pr\u016fkaz BTP,<\/li><li>\u0159\u00edzen\u00ed vys\u00edl\u00e1n\u00ed zam\u011bstnanc\u016f,<\/li><li>uchov\u00e1v\u00e1n\u00ed povinn\u00e9 dokumentace,<\/li><li>p\u0159ehled o pracovn\u00edch \u010dinnostech v r\u00e1mci vysl\u00e1n\u00ed,<\/li><li>informace a upom\u00ednky t\u00fdkaj\u00edc\u00ed se nedostatk\u016f p\u0159i zpracov\u00e1v\u00e1n\u00ed vys\u00edl\u00e1n\u00ed pracovn\u00edk\u016f, aby se p\u0159ede\u0161lo p\u0159\u00edpadn\u00fdm sankc\u00edm.<\/li><\/ul>\n","protected":false},"excerpt":{"rendered":"<p>Jak\u00e1 jsou nov\u00e1 pravidla pro vys\u00edl\u00e1n\u00ed pracovn\u00edk\u016f v silni\u010dn\u00ed doprav\u011b, kter\u00e1 vstoupila v platnost 2. \u00fanora 2022?<\/p>\n","protected":false},"author":36,"featured_media":122098,"comment_status":"closed","ping_status":"closed","sticky":false,"template":"","format":"standard","meta":{"_eb_attr":"","_lmt_disableupdate":"","_lmt_disable":"","footnotes":""},"categories":[3746],"tags":[2061,3747],"pays":[3468,3357],"class_list":["post-124906","post","type-post","status-publish","format-standard","has-post-thumbnail","hentry","category-vysilani-pracovniku","tag-vse-cs","tag-vysilani-pracovniku","pays-evropska-unie","pays-union-europeenne"],"yoast_head":"<!-- This site is optimized with the Yoast SEO plugin v27.4 - https:\/\/yoast.com\/product\/yoast-seo-wordpress\/ -->\n<title>Nov\u00e9 p\u0159edpisy \u2013 vys\u00edl\u00e1n\u00ed pracovn\u00edk\u016f v silni\u010dn\u00ed doprav\u011b | ASD Group<\/title>\n<meta name=\"description\" content=\"Jak\u00e1 jsou nov\u00e1 pravidla pro vys\u00edl\u00e1n\u00ed pracovn\u00edk\u016f v silni\u010dn\u00ed doprav\u011b, kter\u00e1 vstoupila v platnost 2. \u00fanora 2022?\" \/>\n<meta name=\"robots\" content=\"index, follow, max-snippet:-1, max-image-preview:large, max-video-preview:-1\" \/>\n<link rel=\"canonical\" href=\"https:\/\/www.asd-int.com\/cs\/nove-predpisy-pro-vysilani-pracovniku-v-silnicni-doprave-platne-od-2-unora-2022\/\" \/>\n<meta property=\"og:locale\" content=\"cs_CZ\" \/>\n<meta property=\"og:type\" content=\"article\" \/>\n<meta property=\"og:title\" content=\"Nov\u00e9 p\u0159edpisy \u2013 vys\u00edl\u00e1n\u00ed pracovn\u00edk\u016f v silni\u010dn\u00ed doprav\u011b | ASD Group\" \/>\n<meta property=\"og:description\" content=\"Jak\u00e1 jsou nov\u00e1 pravidla pro vys\u00edl\u00e1n\u00ed pracovn\u00edk\u016f v silni\u010dn\u00ed doprav\u011b, kter\u00e1 vstoupila v platnost 2. \u00fanora 2022?\" \/>\n<meta property=\"og:url\" content=\"https:\/\/www.asd-int.com\/cs\/nove-predpisy-pro-vysilani-pracovniku-v-silnicni-doprave-platne-od-2-unora-2022\/\" \/>\n<meta property=\"og:site_name\" content=\"ASD\" \/>\n<meta property=\"article:published_time\" content=\"2022-02-18T14:19:23+00:00\" \/>\n<meta property=\"article:modified_time\" content=\"2022-02-21T12:55:48+00:00\" \/>\n<meta property=\"og:image\" content=\"https:\/\/www.asd-int.com\/wp-content\/uploads\/2022\/02\/nouvelle-reglementation-detachement-transporteurs-routiers-fevrier-2022.jpg\" \/>\n\t<meta property=\"og:image:width\" content=\"1440\" \/>\n\t<meta property=\"og:image:height\" content=\"724\" \/>\n\t<meta property=\"og:image:type\" content=\"image\/jpeg\" \/>\n<meta name=\"author\" content=\"No\u00e9mie Almot\" \/>\n<meta name=\"twitter:card\" content=\"summary_large_image\" \/>\n<meta name=\"twitter:label1\" content=\"Napsal(a)\" \/>\n\t<meta name=\"twitter:data1\" content=\"No\u00e9mie Almot\" \/>\n\t<meta name=\"twitter:label2\" content=\"Odhadovan\u00e1 doba \u010dten\u00ed\" \/>\n\t<meta name=\"twitter:data2\" content=\"9 minut\" \/>\n<script type=\"application\/ld+json\" class=\"yoast-schema-graph\">{\"@context\":\"https:\\\/\\\/schema.org\",\"@graph\":[{\"@type\":\"Article\",\"@id\":\"https:\\\/\\\/www.asd-int.com\\\/cs\\\/nove-predpisy-pro-vysilani-pracovniku-v-silnicni-doprave-platne-od-2-unora-2022\\\/#article\",\"isPartOf\":{\"@id\":\"https:\\\/\\\/www.asd-int.com\\\/cs\\\/nove-predpisy-pro-vysilani-pracovniku-v-silnicni-doprave-platne-od-2-unora-2022\\\/\"},\"author\":{\"name\":\"No\u00e9mie Almot\",\"@id\":\"https:\\\/\\\/www.asd-int.com\\\/cs\\\/#\\\/schema\\\/person\\\/ce2b34c81cda744c0b6ce91648ab367b\"},\"headline\":\"Nov\u00e9 p\u0159edpisy pro vys\u00edl\u00e1n\u00ed pracovn\u00edk\u016f v silni\u010dn\u00ed doprav\u011b platn\u00e9 od 2. \u00fanora 2022\",\"datePublished\":\"2022-02-18T14:19:23+00:00\",\"dateModified\":\"2022-02-21T12:55:48+00:00\",\"mainEntityOfPage\":{\"@id\":\"https:\\\/\\\/www.asd-int.com\\\/cs\\\/nove-predpisy-pro-vysilani-pracovniku-v-silnicni-doprave-platne-od-2-unora-2022\\\/\"},\"wordCount\":1772,\"publisher\":{\"@id\":\"https:\\\/\\\/www.asd-int.com\\\/cs\\\/#organization\"},\"image\":{\"@id\":\"https:\\\/\\\/www.asd-int.com\\\/cs\\\/nove-predpisy-pro-vysilani-pracovniku-v-silnicni-doprave-platne-od-2-unora-2022\\\/#primaryimage\"},\"thumbnailUrl\":\"https:\\\/\\\/www.asd-int.com\\\/wp-content\\\/uploads\\\/2022\\\/02\\\/nouvelle-reglementation-detachement-transporteurs-routiers-fevrier-2022.jpg\",\"keywords\":[\"V\u0161e\",\"Vys\u00edl\u00e1n\u00ed pracovn\u00edk\u016f\"],\"articleSection\":[\"Vys\u00edl\u00e1n\u00ed pracovn\u00edk\u016f\"],\"inLanguage\":\"cs\"},{\"@type\":\"WebPage\",\"@id\":\"https:\\\/\\\/www.asd-int.com\\\/cs\\\/nove-predpisy-pro-vysilani-pracovniku-v-silnicni-doprave-platne-od-2-unora-2022\\\/\",\"url\":\"https:\\\/\\\/www.asd-int.com\\\/cs\\\/nove-predpisy-pro-vysilani-pracovniku-v-silnicni-doprave-platne-od-2-unora-2022\\\/\",\"name\":\"Nov\u00e9 p\u0159edpisy \u2013 vys\u00edl\u00e1n\u00ed pracovn\u00edk\u016f v silni\u010dn\u00ed doprav\u011b | ASD Group\",\"isPartOf\":{\"@id\":\"https:\\\/\\\/www.asd-int.com\\\/cs\\\/#website\"},\"primaryImageOfPage\":{\"@id\":\"https:\\\/\\\/www.asd-int.com\\\/cs\\\/nove-predpisy-pro-vysilani-pracovniku-v-silnicni-doprave-platne-od-2-unora-2022\\\/#primaryimage\"},\"image\":{\"@id\":\"https:\\\/\\\/www.asd-int.com\\\/cs\\\/nove-predpisy-pro-vysilani-pracovniku-v-silnicni-doprave-platne-od-2-unora-2022\\\/#primaryimage\"},\"thumbnailUrl\":\"https:\\\/\\\/www.asd-int.com\\\/wp-content\\\/uploads\\\/2022\\\/02\\\/nouvelle-reglementation-detachement-transporteurs-routiers-fevrier-2022.jpg\",\"datePublished\":\"2022-02-18T14:19:23+00:00\",\"dateModified\":\"2022-02-21T12:55:48+00:00\",\"description\":\"Jak\u00e1 jsou nov\u00e1 pravidla pro vys\u00edl\u00e1n\u00ed pracovn\u00edk\u016f v silni\u010dn\u00ed doprav\u011b, kter\u00e1 vstoupila v platnost 2. \u00fanora 2022?\",\"breadcrumb\":{\"@id\":\"https:\\\/\\\/www.asd-int.com\\\/cs\\\/nove-predpisy-pro-vysilani-pracovniku-v-silnicni-doprave-platne-od-2-unora-2022\\\/#breadcrumb\"},\"inLanguage\":\"cs\",\"potentialAction\":[{\"@type\":\"ReadAction\",\"target\":[\"https:\\\/\\\/www.asd-int.com\\\/cs\\\/nove-predpisy-pro-vysilani-pracovniku-v-silnicni-doprave-platne-od-2-unora-2022\\\/\"]}]},{\"@type\":\"ImageObject\",\"inLanguage\":\"cs\",\"@id\":\"https:\\\/\\\/www.asd-int.com\\\/cs\\\/nove-predpisy-pro-vysilani-pracovniku-v-silnicni-doprave-platne-od-2-unora-2022\\\/#primaryimage\",\"url\":\"https:\\\/\\\/www.asd-int.com\\\/wp-content\\\/uploads\\\/2022\\\/02\\\/nouvelle-reglementation-detachement-transporteurs-routiers-fevrier-2022.jpg\",\"contentUrl\":\"https:\\\/\\\/www.asd-int.com\\\/wp-content\\\/uploads\\\/2022\\\/02\\\/nouvelle-reglementation-detachement-transporteurs-routiers-fevrier-2022.jpg\",\"width\":1440,\"height\":724,\"caption\":\"Nov\u00e9 p\u0159edpisy pro vys\u00edl\u00e1n\u00ed pracovn\u00edk\u016f v silni\u010dn\u00ed doprav\u011b platn\u00e9 od 2. \u00fanora 2022\"},{\"@type\":\"BreadcrumbList\",\"@id\":\"https:\\\/\\\/www.asd-int.com\\\/cs\\\/nove-predpisy-pro-vysilani-pracovniku-v-silnicni-doprave-platne-od-2-unora-2022\\\/#breadcrumb\",\"itemListElement\":[{\"@type\":\"ListItem\",\"position\":1,\"name\":\"ASD Group\",\"item\":\"https:\\\/\\\/www.asd-int.com\\\/cs\\\/\"},{\"@type\":\"ListItem\",\"position\":2,\"name\":\"Vys\u00edl\u00e1n\u00ed pracovn\u00edk\u016f\",\"item\":\"https:\\\/\\\/www.asd-int.com\\\/cs\\\/category\\\/vysilani-pracovniku\\\/\"},{\"@type\":\"ListItem\",\"position\":3,\"name\":\"Nov\u00e9 p\u0159edpisy \u2013 vys\u00edl\u00e1n\u00ed pracovn\u00edk\u016f v silni\u010dn\u00ed doprav\u011b\"}]},{\"@type\":\"WebSite\",\"@id\":\"https:\\\/\\\/www.asd-int.com\\\/cs\\\/#website\",\"url\":\"https:\\\/\\\/www.asd-int.com\\\/cs\\\/\",\"name\":\"ASD\",\"description\":\"Celn\u00ed a da\u0148ov\u00e9 poradenstv\u00ed v r\u00e1mci unijn\u00edho i mezin\u00e1rodn\u00edho obchodu\",\"publisher\":{\"@id\":\"https:\\\/\\\/www.asd-int.com\\\/cs\\\/#organization\"},\"potentialAction\":[{\"@type\":\"SearchAction\",\"target\":{\"@type\":\"EntryPoint\",\"urlTemplate\":\"https:\\\/\\\/www.asd-int.com\\\/cs\\\/?s={search_term_string}\"},\"query-input\":{\"@type\":\"PropertyValueSpecification\",\"valueRequired\":true,\"valueName\":\"search_term_string\"}}],\"inLanguage\":\"cs\"},{\"@type\":\"Organization\",\"@id\":\"https:\\\/\\\/www.asd-int.com\\\/cs\\\/#organization\",\"name\":\"ASD Group\",\"url\":\"https:\\\/\\\/www.asd-int.com\\\/cs\\\/\",\"logo\":{\"@type\":\"ImageObject\",\"inLanguage\":\"cs\",\"@id\":\"https:\\\/\\\/www.asd-int.com\\\/cs\\\/#\\\/schema\\\/logo\\\/image\\\/\",\"url\":\"https:\\\/\\\/www.asd-int.com\\\/wp-content\\\/uploads\\\/2020\\\/07\\\/Logo-ASD_noir.png\",\"contentUrl\":\"https:\\\/\\\/www.asd-int.com\\\/wp-content\\\/uploads\\\/2020\\\/07\\\/Logo-ASD_noir.png\",\"width\":1054,\"height\":714,\"caption\":\"ASD Group\"},\"image\":{\"@id\":\"https:\\\/\\\/www.asd-int.com\\\/cs\\\/#\\\/schema\\\/logo\\\/image\\\/\"}},{\"@type\":\"Person\",\"@id\":\"https:\\\/\\\/www.asd-int.com\\\/cs\\\/#\\\/schema\\\/person\\\/ce2b34c81cda744c0b6ce91648ab367b\",\"name\":\"No\u00e9mie Almot\",\"url\":\"https:\\\/\\\/www.asd-int.com\\\/cs\\\/author\\\/nalmot\\\/\"}]}<\/script>\n<!-- \/ Yoast SEO plugin. -->","yoast_head_json":{"title":"Nov\u00e9 p\u0159edpisy \u2013 vys\u00edl\u00e1n\u00ed pracovn\u00edk\u016f v silni\u010dn\u00ed doprav\u011b | ASD Group","description":"Jak\u00e1 jsou nov\u00e1 pravidla pro vys\u00edl\u00e1n\u00ed pracovn\u00edk\u016f v silni\u010dn\u00ed doprav\u011b, kter\u00e1 vstoupila v platnost 2. \u00fanora 2022?","robots":{"index":"index","follow":"follow","max-snippet":"max-snippet:-1","max-image-preview":"max-image-preview:large","max-video-preview":"max-video-preview:-1"},"canonical":"https:\/\/www.asd-int.com\/cs\/nove-predpisy-pro-vysilani-pracovniku-v-silnicni-doprave-platne-od-2-unora-2022\/","og_locale":"cs_CZ","og_type":"article","og_title":"Nov\u00e9 p\u0159edpisy \u2013 vys\u00edl\u00e1n\u00ed pracovn\u00edk\u016f v silni\u010dn\u00ed doprav\u011b | ASD Group","og_description":"Jak\u00e1 jsou nov\u00e1 pravidla pro vys\u00edl\u00e1n\u00ed pracovn\u00edk\u016f v silni\u010dn\u00ed doprav\u011b, kter\u00e1 vstoupila v platnost 2. \u00fanora 2022?","og_url":"https:\/\/www.asd-int.com\/cs\/nove-predpisy-pro-vysilani-pracovniku-v-silnicni-doprave-platne-od-2-unora-2022\/","og_site_name":"ASD","article_published_time":"2022-02-18T14:19:23+00:00","article_modified_time":"2022-02-21T12:55:48+00:00","og_image":[{"width":1440,"height":724,"url":"https:\/\/www.asd-int.com\/wp-content\/uploads\/2022\/02\/nouvelle-reglementation-detachement-transporteurs-routiers-fevrier-2022.jpg","type":"image\/jpeg"}],"author":"No\u00e9mie Almot","twitter_card":"summary_large_image","twitter_misc":{"Napsal(a)":"No\u00e9mie Almot","Odhadovan\u00e1 doba \u010dten\u00ed":"9 minut"},"schema":{"@context":"https:\/\/schema.org","@graph":[{"@type":"Article","@id":"https:\/\/www.asd-int.com\/cs\/nove-predpisy-pro-vysilani-pracovniku-v-silnicni-doprave-platne-od-2-unora-2022\/#article","isPartOf":{"@id":"https:\/\/www.asd-int.com\/cs\/nove-predpisy-pro-vysilani-pracovniku-v-silnicni-doprave-platne-od-2-unora-2022\/"},"author":{"name":"No\u00e9mie Almot","@id":"https:\/\/www.asd-int.com\/cs\/#\/schema\/person\/ce2b34c81cda744c0b6ce91648ab367b"},"headline":"Nov\u00e9 p\u0159edpisy pro vys\u00edl\u00e1n\u00ed pracovn\u00edk\u016f v silni\u010dn\u00ed doprav\u011b platn\u00e9 od 2. \u00fanora 2022","datePublished":"2022-02-18T14:19:23+00:00","dateModified":"2022-02-21T12:55:48+00:00","mainEntityOfPage":{"@id":"https:\/\/www.asd-int.com\/cs\/nove-predpisy-pro-vysilani-pracovniku-v-silnicni-doprave-platne-od-2-unora-2022\/"},"wordCount":1772,"publisher":{"@id":"https:\/\/www.asd-int.com\/cs\/#organization"},"image":{"@id":"https:\/\/www.asd-int.com\/cs\/nove-predpisy-pro-vysilani-pracovniku-v-silnicni-doprave-platne-od-2-unora-2022\/#primaryimage"},"thumbnailUrl":"https:\/\/www.asd-int.com\/wp-content\/uploads\/2022\/02\/nouvelle-reglementation-detachement-transporteurs-routiers-fevrier-2022.jpg","keywords":["V\u0161e","Vys\u00edl\u00e1n\u00ed pracovn\u00edk\u016f"],"articleSection":["Vys\u00edl\u00e1n\u00ed pracovn\u00edk\u016f"],"inLanguage":"cs"},{"@type":"WebPage","@id":"https:\/\/www.asd-int.com\/cs\/nove-predpisy-pro-vysilani-pracovniku-v-silnicni-doprave-platne-od-2-unora-2022\/","url":"https:\/\/www.asd-int.com\/cs\/nove-predpisy-pro-vysilani-pracovniku-v-silnicni-doprave-platne-od-2-unora-2022\/","name":"Nov\u00e9 p\u0159edpisy \u2013 vys\u00edl\u00e1n\u00ed pracovn\u00edk\u016f v silni\u010dn\u00ed doprav\u011b | ASD Group","isPartOf":{"@id":"https:\/\/www.asd-int.com\/cs\/#website"},"primaryImageOfPage":{"@id":"https:\/\/www.asd-int.com\/cs\/nove-predpisy-pro-vysilani-pracovniku-v-silnicni-doprave-platne-od-2-unora-2022\/#primaryimage"},"image":{"@id":"https:\/\/www.asd-int.com\/cs\/nove-predpisy-pro-vysilani-pracovniku-v-silnicni-doprave-platne-od-2-unora-2022\/#primaryimage"},"thumbnailUrl":"https:\/\/www.asd-int.com\/wp-content\/uploads\/2022\/02\/nouvelle-reglementation-detachement-transporteurs-routiers-fevrier-2022.jpg","datePublished":"2022-02-18T14:19:23+00:00","dateModified":"2022-02-21T12:55:48+00:00","description":"Jak\u00e1 jsou nov\u00e1 pravidla pro vys\u00edl\u00e1n\u00ed pracovn\u00edk\u016f v silni\u010dn\u00ed doprav\u011b, kter\u00e1 vstoupila v platnost 2. \u00fanora 2022?","breadcrumb":{"@id":"https:\/\/www.asd-int.com\/cs\/nove-predpisy-pro-vysilani-pracovniku-v-silnicni-doprave-platne-od-2-unora-2022\/#breadcrumb"},"inLanguage":"cs","potentialAction":[{"@type":"ReadAction","target":["https:\/\/www.asd-int.com\/cs\/nove-predpisy-pro-vysilani-pracovniku-v-silnicni-doprave-platne-od-2-unora-2022\/"]}]},{"@type":"ImageObject","inLanguage":"cs","@id":"https:\/\/www.asd-int.com\/cs\/nove-predpisy-pro-vysilani-pracovniku-v-silnicni-doprave-platne-od-2-unora-2022\/#primaryimage","url":"https:\/\/www.asd-int.com\/wp-content\/uploads\/2022\/02\/nouvelle-reglementation-detachement-transporteurs-routiers-fevrier-2022.jpg","contentUrl":"https:\/\/www.asd-int.com\/wp-content\/uploads\/2022\/02\/nouvelle-reglementation-detachement-transporteurs-routiers-fevrier-2022.jpg","width":1440,"height":724,"caption":"Nov\u00e9 p\u0159edpisy pro vys\u00edl\u00e1n\u00ed pracovn\u00edk\u016f v silni\u010dn\u00ed doprav\u011b platn\u00e9 od 2. \u00fanora 2022"},{"@type":"BreadcrumbList","@id":"https:\/\/www.asd-int.com\/cs\/nove-predpisy-pro-vysilani-pracovniku-v-silnicni-doprave-platne-od-2-unora-2022\/#breadcrumb","itemListElement":[{"@type":"ListItem","position":1,"name":"ASD Group","item":"https:\/\/www.asd-int.com\/cs\/"},{"@type":"ListItem","position":2,"name":"Vys\u00edl\u00e1n\u00ed pracovn\u00edk\u016f","item":"https:\/\/www.asd-int.com\/cs\/category\/vysilani-pracovniku\/"},{"@type":"ListItem","position":3,"name":"Nov\u00e9 p\u0159edpisy \u2013 vys\u00edl\u00e1n\u00ed pracovn\u00edk\u016f v silni\u010dn\u00ed doprav\u011b"}]},{"@type":"WebSite","@id":"https:\/\/www.asd-int.com\/cs\/#website","url":"https:\/\/www.asd-int.com\/cs\/","name":"ASD","description":"Celn\u00ed a da\u0148ov\u00e9 poradenstv\u00ed v r\u00e1mci unijn\u00edho i mezin\u00e1rodn\u00edho obchodu","publisher":{"@id":"https:\/\/www.asd-int.com\/cs\/#organization"},"potentialAction":[{"@type":"SearchAction","target":{"@type":"EntryPoint","urlTemplate":"https:\/\/www.asd-int.com\/cs\/?s={search_term_string}"},"query-input":{"@type":"PropertyValueSpecification","valueRequired":true,"valueName":"search_term_string"}}],"inLanguage":"cs"},{"@type":"Organization","@id":"https:\/\/www.asd-int.com\/cs\/#organization","name":"ASD Group","url":"https:\/\/www.asd-int.com\/cs\/","logo":{"@type":"ImageObject","inLanguage":"cs","@id":"https:\/\/www.asd-int.com\/cs\/#\/schema\/logo\/image\/","url":"https:\/\/www.asd-int.com\/wp-content\/uploads\/2020\/07\/Logo-ASD_noir.png","contentUrl":"https:\/\/www.asd-int.com\/wp-content\/uploads\/2020\/07\/Logo-ASD_noir.png","width":1054,"height":714,"caption":"ASD Group"},"image":{"@id":"https:\/\/www.asd-int.com\/cs\/#\/schema\/logo\/image\/"}},{"@type":"Person","@id":"https:\/\/www.asd-int.com\/cs\/#\/schema\/person\/ce2b34c81cda744c0b6ce91648ab367b","name":"No\u00e9mie Almot","url":"https:\/\/www.asd-int.com\/cs\/author\/nalmot\/"}]}},"modified_by":null,"_links":{"self":[{"href":"https:\/\/www.asd-int.com\/cs\/wp-json\/wp\/v2\/posts\/124906","targetHints":{"allow":["GET"]}}],"collection":[{"href":"https:\/\/www.asd-int.com\/cs\/wp-json\/wp\/v2\/posts"}],"about":[{"href":"https:\/\/www.asd-int.com\/cs\/wp-json\/wp\/v2\/types\/post"}],"author":[{"embeddable":true,"href":"https:\/\/www.asd-int.com\/cs\/wp-json\/wp\/v2\/users\/36"}],"replies":[{"embeddable":true,"href":"https:\/\/www.asd-int.com\/cs\/wp-json\/wp\/v2\/comments?post=124906"}],"version-history":[{"count":0,"href":"https:\/\/www.asd-int.com\/cs\/wp-json\/wp\/v2\/posts\/124906\/revisions"}],"wp:featuredmedia":[{"embeddable":true,"href":"https:\/\/www.asd-int.com\/cs\/wp-json\/wp\/v2\/media\/122098"}],"wp:attachment":[{"href":"https:\/\/www.asd-int.com\/cs\/wp-json\/wp\/v2\/media?parent=124906"}],"wp:term":[{"taxonomy":"category","embeddable":true,"href":"https:\/\/www.asd-int.com\/cs\/wp-json\/wp\/v2\/categories?post=124906"},{"taxonomy":"post_tag","embeddable":true,"href":"https:\/\/www.asd-int.com\/cs\/wp-json\/wp\/v2\/tags?post=124906"},{"taxonomy":"pays","embeddable":true,"href":"https:\/\/www.asd-int.com\/cs\/wp-json\/wp\/v2\/pays?post=124906"}],"curies":[{"name":"wp","href":"https:\/\/api.w.org\/{rel}","templated":true}]}}