{"id":124226,"date":"2022-02-17T15:25:15","date_gmt":"2022-02-17T14:25:15","guid":{"rendered":"https:\/\/www.asd-int.com\/mini_blog\/frankreich-das-neue-formular-fuer-die-franzoesische-umsatzsteuererklaerung-ca3-wurde-veroeffentlicht\/"},"modified":"2022-02-17T15:37:20","modified_gmt":"2022-02-17T14:37:20","slug":"frankreich-das-neue-formular-fuer-die-franzoesische-umsatzsteuererklaerung-ca3-wurde-veroeffentlicht","status":"publish","type":"mini_blog","link":"https:\/\/www.asd-int.com\/de\/frankreich-das-neue-formular-fuer-die-franzoesische-umsatzsteuererklaerung-ca3-wurde-veroeffentlicht\/","title":{"rendered":"Frankreich: Das neue Formular f\u00fcr die franz\u00f6sische Umsatzsteuererkl\u00e4rung CA3 wurde ver\u00f6ffentlicht"},"content":{"rendered":"\n<p>Die franz\u00f6sische Steuerverwaltung hat die <strong>neue Version des Formulars f\u00fcr die Umsatzsteuererkl\u00e4rung (CA3), Ausgabejahr 2022<\/strong>, sowie die dazugeh\u00f6rigen Erl\u00e4uterungen ver\u00f6ffentlicht.<\/p>\n\n<p>Nach der <a href=\"https:\/\/www.asd-int.com\/france-rappel-generalisation-de-lautoliquidation-de-la-tva-a-limportation-au-1er-janvier-2022\/\">Einf\u00fchrung der automatischen und obligatorischen Umkehrung der Steuerschuldnerschaft f\u00fcr die Einfuhrumsatzsteuer<\/a> gibt es neue Erkl\u00e4rungsfelder, und auch die Codierung der Zeilen hat sich ge\u00e4ndert.<\/p>\n\n<p>Tats\u00e4chlich werden ab der Erkl\u00e4rung f\u00fcr den Monat Januar 2022 die im Rahmen des Reverse-Charge-Verfahrens anfallenden Umsatzsteuerbetr\u00e4ge im Zusammenhang mit im Januar 2022 get\u00e4tigten Einfuhren nach Frankreich f\u00fcr den genannten Zeitraum <strong>automatisch in der Umsatzsteuererkl\u00e4rung angef\u00fchrt<\/strong> und erscheinen ab dem 14. des Folgemonats der Einfuhr.<\/p>\n\n<p>Deshalb wurden neue Felder hinzugef\u00fcgt, die sich auf drei Arten von Einfuhren beziehen:<\/p>\n\n<ul class=\"wp-block-list\"><li>Einfuhren:<ul><li>Feld A4 f\u00fcr klassische Einfuhren (vorausgef\u00fcllt, wie oben angef\u00fchrt),<\/li><\/ul><\/li><li>\u00dcberf\u00fchrung in den steuerrechtlich freien Verkehr von Mineral\u00f6lprodukten:<ul><li>Feld B1 f\u00fcr steuerpflichtige Mineral\u00f6lerzeugnisse<\/li><\/ul><\/li><li>Innergemeinschaftliche Erwerbe<ul><li>Feld F1 f\u00fcr von der Umsatzsteuer befreite innergemeinschaftliche Erwerbe<\/li><\/ul><\/li><\/ul>\n\n<p>Au\u00dferdem haben sich auch die Bezeichnungen <strong>einiger Felder ge\u00e4ndert<\/strong>:<\/p>\n\n<ul class=\"wp-block-list\"><li>Verkauf, Erbringung von Dienstleistungen: Feld \u201eA1\u201c statt \u201e01\u201c<\/li><li>Sonstige steuerpflichtige Gesch\u00e4fte: Feld \u201eA2\u201c statt \u201e02\u201c<\/li><li>Kauf innergemeinschaftlicher Dienstleistungen: Feld \u201eA3\u201c statt \u201e2A\u201c<\/li><li>Innergemeinschaftliche Erwerbe: Feld \u201eB2\u201c statt \u201e03\u201c<\/li><li>Ausfuhren in Nicht-EU-L\u00e4nder: Feld \u201eE1\u201c statt \u201e04\u201c<\/li><li>Sonstige nicht steuerpflichtige Gesch\u00e4fte: Feld \u201eE2\u201c statt \u201e05\u201c<\/li><li>Innergemeinschaftliche Lieferungen: Feld \u201eF2\u201c statt \u201e06\u201c<\/li><\/ul>\n\n<p>Statt dem f\u00fcr die eingehobene Umsatzsteuer vorgesehenen Feld, scheinen jetzt neue Felder auf, damit zwischen den Umsatzsteuers\u00e4tzen f\u00fcr Mineral\u00f6lerzeugnisse (P1 und P2) und denen f\u00fcr Einfuhren (I1 bis I6) unterschieden werden kann.<\/p>\n\n<p>Wenden Sie sich bitte an unsere Experten, die Sie gerne dabei unterst\u00fctzen, sich auf diese \u00c4nderungen vorzubereiten.<\/p>\n\n<p>Quelle: <a href=\"https:\/\/www.impots.gouv.fr\/formulaire\/3310-ca3-sd\/tva-et-taxes-assimilees-regime-du-reel-normal-mini-reel\" target=\"_blank\" rel=\"noreferrer noopener\">impots.gouv.fr<\/a> (auf Franz\u00f6sisch)<\/p>\n","protected":false},"excerpt":{"rendered":"<p>Die franz\u00f6sische Steuerverwaltung hat die neue Version des Formulars f\u00fcr die Umsatzsteuererkl\u00e4rung (CA3), Ausgabejahr 2022, sowie die dazugeh\u00f6rigen Erl\u00e4uterungen ver\u00f6ffentlicht. Nach der Einf\u00fchrung der automatischen&#8230;<\/p>\n","protected":false},"author":36,"featured_media":122211,"menu_order":0,"template":"","format":"standard","meta":{"_eb_attr":"","_lmt_disableupdate":"","_lmt_disable":"","footnotes":""},"categories":[97,3485],"tags":[2049,3486],"pays":[865],"class_list":["post-124226","mini_blog","type-mini_blog","status-publish","format-standard","has-post-thumbnail","hentry","category-alle","category-mwst","tag-alle-de","tag-mwst","pays-france-de"],"yoast_head":"<!-- This site is optimized with the Yoast SEO plugin v27.4 - https:\/\/yoast.com\/product\/yoast-seo-wordpress\/ -->\n<title>Frankreich: Neues Formular f\u00fcr die franz\u00f6sische Umsatzsteuererkl\u00e4rung CA3 | ASD Gruppe<\/title>\n<meta name=\"description\" content=\"Die franz\u00f6sische Steuerbeh\u00f6rde hat die neue Version des Formulars f\u00fcr die Umsatzsteuererkl\u00e4rung (CA3), Ausgabejahr 2022, ver\u00f6ffentlicht.\" \/>\n<meta name=\"robots\" content=\"index, follow, max-snippet:-1, max-image-preview:large, max-video-preview:-1\" \/>\n<link rel=\"canonical\" href=\"https:\/\/www.asd-int.com\/de\/frankreich-das-neue-formular-fuer-die-franzoesische-umsatzsteuererklaerung-ca3-wurde-veroeffentlicht\/\" \/>\n<meta property=\"og:locale\" content=\"de_DE\" \/>\n<meta property=\"og:type\" content=\"article\" \/>\n<meta property=\"og:title\" content=\"Frankreich: Neues Formular f\u00fcr die franz\u00f6sische Umsatzsteuererkl\u00e4rung CA3 | ASD Gruppe\" \/>\n<meta property=\"og:description\" content=\"Die franz\u00f6sische Steuerbeh\u00f6rde hat die neue Version des Formulars f\u00fcr die Umsatzsteuererkl\u00e4rung (CA3), Ausgabejahr 2022, ver\u00f6ffentlicht.\" \/>\n<meta property=\"og:url\" content=\"https:\/\/www.asd-int.com\/de\/frankreich-das-neue-formular-fuer-die-franzoesische-umsatzsteuererklaerung-ca3-wurde-veroeffentlicht\/\" \/>\n<meta property=\"og:site_name\" content=\"ASD\" \/>\n<meta property=\"article:modified_time\" content=\"2022-02-17T14:37:20+00:00\" \/>\n<meta property=\"og:image\" content=\"https:\/\/www.asd-int.com\/wp-content\/uploads\/2022\/02\/france-nouvelle-declaration-tva-francaise-ca3.jpg\" \/>\n\t<meta property=\"og:image:width\" content=\"1440\" \/>\n\t<meta property=\"og:image:height\" content=\"960\" \/>\n\t<meta property=\"og:image:type\" content=\"image\/jpeg\" \/>\n<meta name=\"twitter:card\" content=\"summary_large_image\" \/>\n<meta name=\"twitter:label1\" content=\"Gesch\u00e4tzte Lesezeit\" \/>\n\t<meta name=\"twitter:data1\" content=\"2\u00a0Minuten\" \/>\n<script type=\"application\/ld+json\" class=\"yoast-schema-graph\">{\"@context\":\"https:\\\/\\\/schema.org\",\"@graph\":[{\"@type\":\"WebPage\",\"@id\":\"https:\\\/\\\/www.asd-int.com\\\/de\\\/frankreich-das-neue-formular-fuer-die-franzoesische-umsatzsteuererklaerung-ca3-wurde-veroeffentlicht\\\/\",\"url\":\"https:\\\/\\\/www.asd-int.com\\\/de\\\/frankreich-das-neue-formular-fuer-die-franzoesische-umsatzsteuererklaerung-ca3-wurde-veroeffentlicht\\\/\",\"name\":\"Frankreich: Neues Formular f\u00fcr die franz\u00f6sische Umsatzsteuererkl\u00e4rung CA3 | ASD Gruppe\",\"isPartOf\":{\"@id\":\"https:\\\/\\\/www.asd-int.com\\\/de\\\/#website\"},\"primaryImageOfPage\":{\"@id\":\"https:\\\/\\\/www.asd-int.com\\\/de\\\/frankreich-das-neue-formular-fuer-die-franzoesische-umsatzsteuererklaerung-ca3-wurde-veroeffentlicht\\\/#primaryimage\"},\"image\":{\"@id\":\"https:\\\/\\\/www.asd-int.com\\\/de\\\/frankreich-das-neue-formular-fuer-die-franzoesische-umsatzsteuererklaerung-ca3-wurde-veroeffentlicht\\\/#primaryimage\"},\"thumbnailUrl\":\"https:\\\/\\\/www.asd-int.com\\\/wp-content\\\/uploads\\\/2022\\\/02\\\/france-nouvelle-declaration-tva-francaise-ca3.jpg\",\"datePublished\":\"2022-02-17T14:25:15+00:00\",\"dateModified\":\"2022-02-17T14:37:20+00:00\",\"description\":\"Die franz\u00f6sische Steuerbeh\u00f6rde hat die neue Version des Formulars f\u00fcr die Umsatzsteuererkl\u00e4rung (CA3), Ausgabejahr 2022, ver\u00f6ffentlicht.\",\"breadcrumb\":{\"@id\":\"https:\\\/\\\/www.asd-int.com\\\/de\\\/frankreich-das-neue-formular-fuer-die-franzoesische-umsatzsteuererklaerung-ca3-wurde-veroeffentlicht\\\/#breadcrumb\"},\"inLanguage\":\"de\",\"potentialAction\":[{\"@type\":\"ReadAction\",\"target\":[\"https:\\\/\\\/www.asd-int.com\\\/de\\\/frankreich-das-neue-formular-fuer-die-franzoesische-umsatzsteuererklaerung-ca3-wurde-veroeffentlicht\\\/\"]}]},{\"@type\":\"ImageObject\",\"inLanguage\":\"de\",\"@id\":\"https:\\\/\\\/www.asd-int.com\\\/de\\\/frankreich-das-neue-formular-fuer-die-franzoesische-umsatzsteuererklaerung-ca3-wurde-veroeffentlicht\\\/#primaryimage\",\"url\":\"https:\\\/\\\/www.asd-int.com\\\/wp-content\\\/uploads\\\/2022\\\/02\\\/france-nouvelle-declaration-tva-francaise-ca3.jpg\",\"contentUrl\":\"https:\\\/\\\/www.asd-int.com\\\/wp-content\\\/uploads\\\/2022\\\/02\\\/france-nouvelle-declaration-tva-francaise-ca3.jpg\",\"width\":1440,\"height\":960,\"caption\":\"Frankreich: Das neue Formular f\u00fcr die franz\u00f6sische Umsatzsteuererkl\u00e4rung CA3 wurde ver\u00f6ffentlicht\"},{\"@type\":\"BreadcrumbList\",\"@id\":\"https:\\\/\\\/www.asd-int.com\\\/de\\\/frankreich-das-neue-formular-fuer-die-franzoesische-umsatzsteuererklaerung-ca3-wurde-veroeffentlicht\\\/#breadcrumb\",\"itemListElement\":[{\"@type\":\"ListItem\",\"position\":1,\"name\":\"ASD Group\",\"item\":\"https:\\\/\\\/www.asd-int.com\\\/de\\\/\"},{\"@type\":\"ListItem\",\"position\":2,\"name\":\"Frankreich: Neues Formular f\u00fcr die franz\u00f6sische Umsatzsteuererkl\u00e4rung CA3\"}]},{\"@type\":\"WebSite\",\"@id\":\"https:\\\/\\\/www.asd-int.com\\\/de\\\/#website\",\"url\":\"https:\\\/\\\/www.asd-int.com\\\/de\\\/\",\"name\":\"ASD\",\"description\":\"Vereinfachen Sie Ihre internationalen Gesch\u00e4fte\",\"publisher\":{\"@id\":\"https:\\\/\\\/www.asd-int.com\\\/de\\\/#organization\"},\"potentialAction\":[{\"@type\":\"SearchAction\",\"target\":{\"@type\":\"EntryPoint\",\"urlTemplate\":\"https:\\\/\\\/www.asd-int.com\\\/de\\\/?s={search_term_string}\"},\"query-input\":{\"@type\":\"PropertyValueSpecification\",\"valueRequired\":true,\"valueName\":\"search_term_string\"}}],\"inLanguage\":\"de\"},{\"@type\":\"Organization\",\"@id\":\"https:\\\/\\\/www.asd-int.com\\\/de\\\/#organization\",\"name\":\"ASD Group\",\"url\":\"https:\\\/\\\/www.asd-int.com\\\/de\\\/\",\"logo\":{\"@type\":\"ImageObject\",\"inLanguage\":\"de\",\"@id\":\"https:\\\/\\\/www.asd-int.com\\\/de\\\/#\\\/schema\\\/logo\\\/image\\\/\",\"url\":\"https:\\\/\\\/www.asd-int.com\\\/wp-content\\\/uploads\\\/2020\\\/07\\\/Logo-ASD_noir.png\",\"contentUrl\":\"https:\\\/\\\/www.asd-int.com\\\/wp-content\\\/uploads\\\/2020\\\/07\\\/Logo-ASD_noir.png\",\"width\":1054,\"height\":714,\"caption\":\"ASD Group\"},\"image\":{\"@id\":\"https:\\\/\\\/www.asd-int.com\\\/de\\\/#\\\/schema\\\/logo\\\/image\\\/\"}}]}<\/script>\n<!-- \/ Yoast SEO plugin. -->","yoast_head_json":{"title":"Frankreich: Neues Formular f\u00fcr die franz\u00f6sische Umsatzsteuererkl\u00e4rung CA3 | ASD Gruppe","description":"Die franz\u00f6sische Steuerbeh\u00f6rde hat die neue Version des Formulars f\u00fcr die Umsatzsteuererkl\u00e4rung (CA3), Ausgabejahr 2022, ver\u00f6ffentlicht.","robots":{"index":"index","follow":"follow","max-snippet":"max-snippet:-1","max-image-preview":"max-image-preview:large","max-video-preview":"max-video-preview:-1"},"canonical":"https:\/\/www.asd-int.com\/de\/frankreich-das-neue-formular-fuer-die-franzoesische-umsatzsteuererklaerung-ca3-wurde-veroeffentlicht\/","og_locale":"de_DE","og_type":"article","og_title":"Frankreich: Neues Formular f\u00fcr die franz\u00f6sische Umsatzsteuererkl\u00e4rung CA3 | ASD Gruppe","og_description":"Die franz\u00f6sische Steuerbeh\u00f6rde hat die neue Version des Formulars f\u00fcr die Umsatzsteuererkl\u00e4rung (CA3), Ausgabejahr 2022, ver\u00f6ffentlicht.","og_url":"https:\/\/www.asd-int.com\/de\/frankreich-das-neue-formular-fuer-die-franzoesische-umsatzsteuererklaerung-ca3-wurde-veroeffentlicht\/","og_site_name":"ASD","article_modified_time":"2022-02-17T14:37:20+00:00","og_image":[{"width":1440,"height":960,"url":"https:\/\/www.asd-int.com\/wp-content\/uploads\/2022\/02\/france-nouvelle-declaration-tva-francaise-ca3.jpg","type":"image\/jpeg"}],"twitter_card":"summary_large_image","twitter_misc":{"Gesch\u00e4tzte Lesezeit":"2\u00a0Minuten"},"schema":{"@context":"https:\/\/schema.org","@graph":[{"@type":"WebPage","@id":"https:\/\/www.asd-int.com\/de\/frankreich-das-neue-formular-fuer-die-franzoesische-umsatzsteuererklaerung-ca3-wurde-veroeffentlicht\/","url":"https:\/\/www.asd-int.com\/de\/frankreich-das-neue-formular-fuer-die-franzoesische-umsatzsteuererklaerung-ca3-wurde-veroeffentlicht\/","name":"Frankreich: Neues Formular f\u00fcr die franz\u00f6sische Umsatzsteuererkl\u00e4rung CA3 | ASD Gruppe","isPartOf":{"@id":"https:\/\/www.asd-int.com\/de\/#website"},"primaryImageOfPage":{"@id":"https:\/\/www.asd-int.com\/de\/frankreich-das-neue-formular-fuer-die-franzoesische-umsatzsteuererklaerung-ca3-wurde-veroeffentlicht\/#primaryimage"},"image":{"@id":"https:\/\/www.asd-int.com\/de\/frankreich-das-neue-formular-fuer-die-franzoesische-umsatzsteuererklaerung-ca3-wurde-veroeffentlicht\/#primaryimage"},"thumbnailUrl":"https:\/\/www.asd-int.com\/wp-content\/uploads\/2022\/02\/france-nouvelle-declaration-tva-francaise-ca3.jpg","datePublished":"2022-02-17T14:25:15+00:00","dateModified":"2022-02-17T14:37:20+00:00","description":"Die franz\u00f6sische Steuerbeh\u00f6rde hat die neue Version des Formulars f\u00fcr die Umsatzsteuererkl\u00e4rung (CA3), Ausgabejahr 2022, ver\u00f6ffentlicht.","breadcrumb":{"@id":"https:\/\/www.asd-int.com\/de\/frankreich-das-neue-formular-fuer-die-franzoesische-umsatzsteuererklaerung-ca3-wurde-veroeffentlicht\/#breadcrumb"},"inLanguage":"de","potentialAction":[{"@type":"ReadAction","target":["https:\/\/www.asd-int.com\/de\/frankreich-das-neue-formular-fuer-die-franzoesische-umsatzsteuererklaerung-ca3-wurde-veroeffentlicht\/"]}]},{"@type":"ImageObject","inLanguage":"de","@id":"https:\/\/www.asd-int.com\/de\/frankreich-das-neue-formular-fuer-die-franzoesische-umsatzsteuererklaerung-ca3-wurde-veroeffentlicht\/#primaryimage","url":"https:\/\/www.asd-int.com\/wp-content\/uploads\/2022\/02\/france-nouvelle-declaration-tva-francaise-ca3.jpg","contentUrl":"https:\/\/www.asd-int.com\/wp-content\/uploads\/2022\/02\/france-nouvelle-declaration-tva-francaise-ca3.jpg","width":1440,"height":960,"caption":"Frankreich: Das neue Formular f\u00fcr die franz\u00f6sische Umsatzsteuererkl\u00e4rung CA3 wurde ver\u00f6ffentlicht"},{"@type":"BreadcrumbList","@id":"https:\/\/www.asd-int.com\/de\/frankreich-das-neue-formular-fuer-die-franzoesische-umsatzsteuererklaerung-ca3-wurde-veroeffentlicht\/#breadcrumb","itemListElement":[{"@type":"ListItem","position":1,"name":"ASD Group","item":"https:\/\/www.asd-int.com\/de\/"},{"@type":"ListItem","position":2,"name":"Frankreich: Neues Formular f\u00fcr die franz\u00f6sische Umsatzsteuererkl\u00e4rung CA3"}]},{"@type":"WebSite","@id":"https:\/\/www.asd-int.com\/de\/#website","url":"https:\/\/www.asd-int.com\/de\/","name":"ASD","description":"Vereinfachen Sie Ihre internationalen Gesch\u00e4fte","publisher":{"@id":"https:\/\/www.asd-int.com\/de\/#organization"},"potentialAction":[{"@type":"SearchAction","target":{"@type":"EntryPoint","urlTemplate":"https:\/\/www.asd-int.com\/de\/?s={search_term_string}"},"query-input":{"@type":"PropertyValueSpecification","valueRequired":true,"valueName":"search_term_string"}}],"inLanguage":"de"},{"@type":"Organization","@id":"https:\/\/www.asd-int.com\/de\/#organization","name":"ASD Group","url":"https:\/\/www.asd-int.com\/de\/","logo":{"@type":"ImageObject","inLanguage":"de","@id":"https:\/\/www.asd-int.com\/de\/#\/schema\/logo\/image\/","url":"https:\/\/www.asd-int.com\/wp-content\/uploads\/2020\/07\/Logo-ASD_noir.png","contentUrl":"https:\/\/www.asd-int.com\/wp-content\/uploads\/2020\/07\/Logo-ASD_noir.png","width":1054,"height":714,"caption":"ASD Group"},"image":{"@id":"https:\/\/www.asd-int.com\/de\/#\/schema\/logo\/image\/"}}]}},"_links":{"self":[{"href":"https:\/\/www.asd-int.com\/de\/wp-json\/wp\/v2\/mini_blog\/124226","targetHints":{"allow":["GET"]}}],"collection":[{"href":"https:\/\/www.asd-int.com\/de\/wp-json\/wp\/v2\/mini_blog"}],"about":[{"href":"https:\/\/www.asd-int.com\/de\/wp-json\/wp\/v2\/types\/mini_blog"}],"author":[{"embeddable":true,"href":"https:\/\/www.asd-int.com\/de\/wp-json\/wp\/v2\/users\/36"}],"version-history":[{"count":0,"href":"https:\/\/www.asd-int.com\/de\/wp-json\/wp\/v2\/mini_blog\/124226\/revisions"}],"wp:featuredmedia":[{"embeddable":true,"href":"https:\/\/www.asd-int.com\/de\/wp-json\/wp\/v2\/media\/122211"}],"wp:attachment":[{"href":"https:\/\/www.asd-int.com\/de\/wp-json\/wp\/v2\/media?parent=124226"}],"wp:term":[{"taxonomy":"category","embeddable":true,"href":"https:\/\/www.asd-int.com\/de\/wp-json\/wp\/v2\/categories?post=124226"},{"taxonomy":"post_tag","embeddable":true,"href":"https:\/\/www.asd-int.com\/de\/wp-json\/wp\/v2\/tags?post=124226"},{"taxonomy":"pays","embeddable":true,"href":"https:\/\/www.asd-int.com\/de\/wp-json\/wp\/v2\/pays?post=124226"}],"curies":[{"name":"wp","href":"https:\/\/api.w.org\/{rel}","templated":true}]}}