{"id":211188,"date":"2026-04-27T16:34:29","date_gmt":"2026-04-27T14:34:29","guid":{"rendered":"https:\/\/www.asd-int.com\/?post_type=mini_blog&#038;p=211188"},"modified":"2026-04-27T16:34:42","modified_gmt":"2026-04-27T14:34:42","slug":"belgien-die-massnahmen-der-mwst-kette-treten-am-1-mai-2026-in-kraft","status":"publish","type":"mini_blog","link":"https:\/\/www.asd-int.com\/de\/belgien-die-massnahmen-der-mwst-kette-treten-am-1-mai-2026-in-kraft\/","title":{"rendered":"Belgien: Die Ma\u00dfnahmen der MwSt-Kette treten am 1. Mai 2026 in Kraft"},"content":{"rendered":"\n<p><a href=\"https:\/\/www.asd-int.com\/de\/belgien-die-umsetzung-der-mwst-kette-wurde-auf-unbestimmte-zeit-verschoben\/\">Nach mehreren aufeinanderfolgenden Verschiebungen<\/a> best\u00e4tigt Belgien schlie\u00dflich den <strong>Zeitpunkt des Inkrafttretens der Reform der MwSt-Kette am 1. Mai 2026<\/strong><sup data-fn=\"40f4195b-53eb-48f8-9f80-4c3255271819\" class=\"fn\"><a href=\"#40f4195b-53eb-48f8-9f80-4c3255271819\" id=\"40f4195b-53eb-48f8-9f80-4c3255271819-link\">1<\/a><\/sup>. <\/p>\n\n\n\n<p>Die urspr\u00fcnglich durch das Gesetz vom 12. M\u00e4rz 2023 angek\u00fcndigte Reform war aufgrund technischer und betrieblicher Zw\u00e4nge bereits mehrmals verschoben worden.<\/p>\n\n\n\n<p><a href=\"https:\/\/www.asd-int.com\/de\/belgien-verschiebung-des-inkrafttretens-des-gesetzes-zur-modernisierung-der-umsatzsteuerkette\/\">Urspr\u00fcnglich f\u00fcr den 1. Januar 2025 vorgesehen<\/a>, wurde die Reform von einer \u00dcbergangsfrist begleitet, die ihrerseits mehrmals verl\u00e4ngert wurde. <\/p>\n\n\n\n<div class=\"wp-block-essential-blocks-notice  root-eb-notice-fll4o\"><div class=\"eb-parent-wrapper eb-parent-eb-notice-fll4o \"><div class=\"eb-notice-wrapper eb-notice-fll4o\" data-id=\"eb-notice-fll4o\" data-show-again=\"false\"><div class=\"eb-notice-title-wrapper\"><div class=\"eb-notice-title\">\u26a0\ufe0f <strong>Wichtig<\/strong><\/div><\/div><span class=\"eb-notice-dismiss\" style=\"cursor:pointer\"><\/span><div><div class=\"eb-notice-text\">Am 4. M\u00e4rz 2026 hat die belgische Bundesverwaltung <strong>das Inkrafttreten aller neuen Ma\u00dfnahmen mit Wirkung zum 1. Mai 2026 offiziell best\u00e4tigt<\/strong>.<\/div><\/div><\/div><\/div><\/div>\n\n\n\n<h2 class=\"wp-block-heading\">Das MwSt-Bereitstellungskonto ersetzt das MwSt-Laufkonto<\/h2>\n\n\n\n<p>Die Reform f\u00fchrt zu einer wesentlichen \u00c4nderung: die Abschaffung des MwSt-Laufkontos zugunsten eines <strong>MwSt-Bereitstellungskontos<\/strong>.<\/p>\n\n\n\n<p>Die Salden werden auf dieses neue Konto \u00fcbertragen, sofern alle periodischen Erkl\u00e4rungen bis zum <strong>30. April 2026<\/strong> eingereicht wurden. Andernfalls wird eine Frist zur Nachholung gew\u00e4hrt. <strong>Bei Nichteinhaltung kann die Verwaltung den Guthabenbetrag entweder erstatten oder auf eine bestehende Steuerschuld anrechnen<\/strong>.<\/p>\n\n\n\n<p>Ab dem 1. Mai 2026 betrifft der Erstattungsantrag \u00fcber die periodische Erkl\u00e4rung nur das Guthaben der Periode (Feld 72). Um ein Saldo des MwSt-Bereitstellungskontos zur\u00fcckzuerhalten, muss ein separater Antrag \u00fcber MyMinfin gestellt werden.<\/p>\n\n\n\n<h2 class=\"wp-block-heading\">Neue MwSt-Bankkontonummern<\/h2>\n\n\n\n<p>Ab dem 1. Mai 2026 sind MwSt-Zahlungen auf neuen Konten zu leisten:<\/p>\n\n\n\n<figure class=\"wp-block-table\"><table class=\"has-fixed-layout\"><thead><tr><th>Zahlungsart<\/th><th>Kontonummer<\/th><th>Beschreibung<\/th><\/tr><\/thead><tbody><tr><td>Geschuldete MwSt, Zinsen, Bu\u00dfgelder (au\u00dfer Vollstreckungstitel)<\/td><td>BE41 6792 0036 4210<\/td><td>Laufende Zahlungen im Zusammenhang mit MwSt-Erkl\u00e4rungen<\/td><\/tr><tr><td>Zahlung nach Vollstreckungstitel<\/td><td>BE42 6792 0000 0054<\/td><td>Beitreibung aufgrund einer offiziellen Entscheidung<\/td><\/tr><\/tbody><\/table><\/figure>\n\n\n\n<div class=\"wp-block-essential-blocks-notice  root-eb-notice-925dn\"><div class=\"eb-parent-wrapper eb-parent-eb-notice-925dn \"><div class=\"eb-notice-wrapper eb-notice-925dn\" data-id=\"eb-notice-925dn\" data-show-again=\"false\"><div class=\"eb-notice-title-wrapper\"><div class=\"eb-notice-title\">\u26a0\ufe0f <strong>Wichtig<\/strong><\/div><\/div><span class=\"eb-notice-dismiss\" style=\"cursor:pointer\"><\/span><div><div class=\"eb-notice-text\">Diese neuen Konten <strong>gelten grunds\u00e4tzlich f\u00fcr die Umsatzsteuererkl\u00e4rungen f\u00fcr den Zeitraum April 2026<\/strong>.<\/div><\/div><\/div><\/div><\/div>\n\n\n\n<h2 class=\"wp-block-heading\">MwSt-Kalender 2026: Wichtige \u00c4nderungen<\/h2>\n\n\n\n<p>Der MwSt-Kalender 2026 f\u00fchrt mehrere wichtige \u00c4nderungen ein.<\/p>\n\n\n\n<h3 class=\"wp-block-heading\">1. Abschaffung des Regimes der \u201eSteuerferien\u201c<\/h3>\n\n\n\n<p>Die Regelung, die eine Verschiebung der Einreichungsfristen f\u00fcr bestimmte Erkl\u00e4rungen erm\u00f6glichte, wird abgeschafft.<\/p>\n\n\n\n<h3 class=\"wp-block-heading\">2. Einreichungsfristen im Jahr 2026<\/h3>\n\n\n\n<figure class=\"wp-block-table\"><table class=\"has-fixed-layout\"><thead><tr><th>Erkl\u00e4rung<\/th><th>Normale Frist<\/th><th>Verschiebung bei Wochenende\/Feiertag<\/th><th>Bemerkungen<\/th><\/tr><\/thead><tbody><tr><td>MwSt 1. Quartal 2026<\/td><td>25. April 2026<\/td><td>27. April 2026<\/td><td>Verschiebung bleibt erhalten<\/td><\/tr><tr><td>MwSt 2. Quartal 2026<\/td><td>25. Juli 2026<\/td><td>\u274c Nicht anwendbar<\/td><td>Keine Verschiebung auf Montag<\/td><\/tr><tr><td>Monatliche Erkl\u00e4rungen<\/td><td>je nach Kalender<\/td><td>\u2714 Ja<\/td><td>Verschiebung bleibt erhalten<\/td><\/tr><\/tbody><\/table><\/figure>\n\n\n\n<div class=\"wp-block-essential-blocks-notice  root-eb-notice-5yec5\"><div class=\"eb-parent-wrapper eb-parent-eb-notice-5yec5 \"><div class=\"eb-notice-wrapper eb-notice-5yec5\" data-id=\"eb-notice-5yec5\" data-show-again=\"false\"><div class=\"eb-notice-title-wrapper\"><div class=\"eb-notice-title\">\u26a0\ufe0f <strong>Achtung<\/strong><\/div><\/div><span class=\"eb-notice-dismiss\" style=\"cursor:pointer\"><\/span><div><div class=\"eb-notice-text\">Die Verschiebung <strong>gilt nicht mehr f\u00fcr viertelj\u00e4hrliche Erkl\u00e4rungen, mit Ausnahme des ersten Quartals 2026<\/strong>.<\/div><\/div><\/div><\/div><\/div>\n\n\n\n<h3 class=\"wp-block-heading\">3. Innergemeinschaftliche Listen<\/h3>\n\n\n\n<figure class=\"wp-block-table\"><table class=\"has-fixed-layout\"><thead><tr><th>H\u00e4ufigkeit<\/th><th>Frist<\/th><th>Verschiebung bei Wochenende<\/th><th>Besonderheit<\/th><\/tr><\/thead><tbody><tr><td>Monatlich<\/td><td>je nach Kalender<\/td><td>\u2714 Ja<\/td><td>Verschiebung auf den n\u00e4chsten Werktag<\/td><\/tr><tr><td>Viertelj\u00e4hrlich<\/td><td>25. April 2026 (Q1)<\/td><td>\u274c Nein<\/td><td>Keine Verschiebung, im Gegensatz zur MwSt<\/td><\/tr><\/tbody><\/table><\/figure>\n\n\n\n<p>F\u00fcr das 1. Quartal 2026 ergibt sich eine deutliche Inkonsistenz: Die MwSt-Erkl\u00e4rung wird auf den 27. April verschoben, w\u00e4hrend die innergemeinschaftliche Liste bereits am 25. April 2026 f\u00e4llig bleibt.<\/p>\n\n\n\n<div class=\"wp-block-essential-blocks-call-to-action  root-eb-call-to-action-x33hj\"><div class=\"eb-parent-wrapper eb-parent-eb-call-to-action-x33hj \"><div class=\"eb-cia-wrapper eb-call-to-action-x33hj\" data-icon=\"dashicons-shield-alt\"><div class=\"eb-cia-text-wrapper\"><span class=\"dashicon dashicons dashicons-shield-alt eb-cia-icon\"><\/span><h3 class=\"eb-cia-title\"><strong>ASD Group begleitet Sie bei der MwSt-Konformit\u00e4t in Belgien<\/strong><\/h3><p class=\"eb-cia-description\"><strong>Antizipieren Sie die Auswirkungen der belgischen MwSt-Kettenreform<\/strong> und sichern Sie Ihre steuerlichen Pflichten mit unseren Experten.<\/p><\/div><div class=\"eb-cia-button-wrapper\"><a href=\"https:\/\/www.asd-int.com\/de\/kontakt\/\" target=\"_self\" rel=\"noopener\"><div class=\"eb-cia-button is-large\"><strong>Kontaktieren Sie unsere Experten f\u00fcr belgische MwSt ><\/strong><\/div><\/a><\/div><\/div><\/div><\/div>\n\n\n<ol class=\"wp-block-footnotes\"><li id=\"40f4195b-53eb-48f8-9f80-4c3255271819\"><a href=\"https:\/\/www.vat-consult.be\/blog\/belgian-vat-provision-account\" target=\"_blank\" rel=\"noreferrer noopener\">vat-consult.be<\/a> (auf Englisch) <a href=\"#40f4195b-53eb-48f8-9f80-4c3255271819-link\" aria-label=\"Zur Fu\u00dfnotenreferenz 1 navigieren\">\u21a9\ufe0e<\/a><\/li><\/ol>\n\n\n<hr class=\"wp-block-separator has-alpha-channel-opacity\"\/>\n\n\n\n<div class=\"wp-block-media-text is-vertically-aligned-top copywriter-card\" style=\"grid-template-columns:15% auto\"><figure class=\"wp-block-media-text__media\"><img fetchpriority=\"high\" decoding=\"async\" width=\"517\" height=\"521\" src=\"https:\/\/www.asd-int.com\/wp-content\/uploads\/2025\/12\/Noemie_Almot-CM-Medaillon-ASD-Group.png\" alt=\"\" class=\"wp-image-205439 size-full\" srcset=\"https:\/\/www.asd-int.com\/wp-content\/uploads\/2025\/12\/Noemie_Almot-CM-Medaillon-ASD-Group.png 517w, https:\/\/www.asd-int.com\/wp-content\/uploads\/2025\/12\/Noemie_Almot-CM-Medaillon-ASD-Group-298x300.png 298w, https:\/\/www.asd-int.com\/wp-content\/uploads\/2025\/12\/Noemie_Almot-CM-Medaillon-ASD-Group-150x150.png 150w\" sizes=\"(max-width: 517px) 100vw, 517px\" \/><\/figure><div class=\"wp-block-media-text__content\">\n<p><strong>No\u00e9mie Almot<\/strong><br><em>Community Managerin &amp; Redakteurin<\/em><\/p>\n\n\n\n<p class=\"has-small-font-size\">No\u00e9mie ist spezialisierte Redakteurin bei ASD Group. Sie erstellt und betreut Blogartikel sowie News auf unseren Websites, mit Schwerpunkt auf Mehrwertsteuer, internationalen Steuern, Zollvorg\u00e4ngen, Arbeitsrecht und internationalem Handel. Mit ihrem klaren und lehrreichen Schreibstil macht sie komplexe und technische Themen f\u00fcr Unternehmen leicht verst\u00e4ndlich und relevant.<\/p>\n\n\n\n<ul class=\"wp-block-social-links is-layout-flex wp-block-social-links-is-layout-flex\"><li class=\"wp-social-link wp-social-link-linkedin  wp-block-social-link\"><a rel=\"target=&quot;_blank&quot; noopener nofollow\" target=\"_blank\" href=\"https:\/\/www.linkedin.com\/in\/no%C3%A9mie-almot\/\" class=\"wp-block-social-link-anchor\"><svg width=\"24\" height=\"24\" viewBox=\"0 0 24 24\" version=\"1.1\" xmlns=\"http:\/\/www.w3.org\/2000\/svg\" aria-hidden=\"true\" focusable=\"false\"><path d=\"M19.7,3H4.3C3.582,3,3,3.582,3,4.3v15.4C3,20.418,3.582,21,4.3,21h15.4c0.718,0,1.3-0.582,1.3-1.3V4.3 C21,3.582,20.418,3,19.7,3z M8.339,18.338H5.667v-8.59h2.672V18.338z M7.004,8.574c-0.857,0-1.549-0.694-1.549-1.548 c0-0.855,0.691-1.548,1.549-1.548c0.854,0,1.547,0.694,1.547,1.548C8.551,7.881,7.858,8.574,7.004,8.574z M18.339,18.338h-2.669 v-4.177c0-0.996-0.017-2.278-1.387-2.278c-1.389,0-1.601,1.086-1.601,2.206v4.249h-2.667v-8.59h2.559v1.174h0.037 c0.356-0.675,1.227-1.387,2.526-1.387c2.703,0,3.203,1.779,3.203,4.092V18.338z\"><\/path><\/svg><span class=\"wp-block-social-link-label screen-reader-text\">LinkedIn<\/span><\/a><\/li><\/ul>\n<\/div><\/div>\n","protected":false},"excerpt":{"rendered":"<p>Nach mehreren aufeinanderfolgenden Verschiebungen best\u00e4tigt Belgien schlie\u00dflich den Zeitpunkt des Inkrafttretens der Reform der MwSt-Kette am 1. Mai 2026. Die urspr\u00fcnglich durch das Gesetz vom&#8230;<\/p>\n","protected":false},"author":36,"featured_media":211167,"menu_order":0,"template":"","format":"standard","meta":{"_eb_attr":"","_lmt_disableupdate":"","_lmt_disable":"","footnotes":"[{\"content\":\"<a href=\\\"https:\\\/\\\/www.vat-consult.be\\\/blog\\\/belgian-vat-provision-account\\\" target=\\\"_blank\\\" rel=\\\"noreferrer noopener\\\">vat-consult.be<\\\/a> (auf Englisch)\",\"id\":\"40f4195b-53eb-48f8-9f80-4c3255271819\"}]"},"categories":[377,3675],"tags":[4440,4412,4726,3349,3486,4846],"pays":[858],"class_list":["post-211188","mini_blog","type-mini_blog","status-publish","format-standard","has-post-thumbnail","hentry","category-fiscal","category-steuerrecht","tag-chaine-tva","tag-obligations-fiscales","tag-steuerliche-verpflichtungen","tag-tva","tag-mwst","tag-umsatzsteuerkette","pays-belgique-de"],"yoast_head":"<!-- This site is optimized with the Yoast SEO plugin v27.4 - https:\/\/yoast.com\/product\/yoast-seo-wordpress\/ -->\n<title>Belgien: MwSt-Kettenreform wirksam ab dem 1. Mai 2026 | ASD Group<\/title>\n<meta name=\"description\" content=\"Belgien best\u00e4tigt die Reform der MwSt-Kette zum 1. Mai 2026: Bereitstellungskonto, neue Zahlungen und ge\u00e4nderter Zeitplan.\" \/>\n<meta name=\"robots\" content=\"index, follow, max-snippet:-1, max-image-preview:large, max-video-preview:-1\" \/>\n<link rel=\"canonical\" href=\"https:\/\/www.asd-int.com\/de\/belgien-die-massnahmen-der-mwst-kette-treten-am-1-mai-2026-in-kraft\/\" \/>\n<meta property=\"og:locale\" content=\"de_DE\" \/>\n<meta property=\"og:type\" content=\"article\" \/>\n<meta property=\"og:title\" content=\"Belgien: MwSt-Kettenreform wirksam ab dem 1. Mai 2026 | ASD Group\" \/>\n<meta property=\"og:description\" content=\"Belgien best\u00e4tigt die Reform der MwSt-Kette zum 1. Mai 2026: Bereitstellungskonto, neue Zahlungen und ge\u00e4nderter Zeitplan.\" \/>\n<meta property=\"og:url\" content=\"https:\/\/www.asd-int.com\/de\/belgien-die-massnahmen-der-mwst-kette-treten-am-1-mai-2026-in-kraft\/\" \/>\n<meta property=\"og:site_name\" content=\"ASD\" \/>\n<meta property=\"article:modified_time\" content=\"2026-04-27T14:34:42+00:00\" \/>\n<meta property=\"og:image\" content=\"https:\/\/www.asd-int.com\/wp-content\/uploads\/2026\/04\/belgique-les-mesures-de-la-chaine-tva-entreront-en-vigueur-le-1er-mai-2026.jpg\" \/>\n\t<meta property=\"og:image:width\" content=\"1440\" \/>\n\t<meta property=\"og:image:height\" content=\"911\" \/>\n\t<meta property=\"og:image:type\" content=\"image\/jpeg\" \/>\n<meta name=\"twitter:card\" content=\"summary_large_image\" \/>\n<meta name=\"twitter:label1\" content=\"Gesch\u00e4tzte Lesezeit\" \/>\n\t<meta name=\"twitter:data1\" content=\"3\u00a0Minuten\" \/>\n<script type=\"application\/ld+json\" class=\"yoast-schema-graph\">{\"@context\":\"https:\\\/\\\/schema.org\",\"@graph\":[{\"@type\":\"WebPage\",\"@id\":\"https:\\\/\\\/www.asd-int.com\\\/de\\\/belgien-die-massnahmen-der-mwst-kette-treten-am-1-mai-2026-in-kraft\\\/\",\"url\":\"https:\\\/\\\/www.asd-int.com\\\/de\\\/belgien-die-massnahmen-der-mwst-kette-treten-am-1-mai-2026-in-kraft\\\/\",\"name\":\"Belgien: MwSt-Kettenreform wirksam ab dem 1. Mai 2026 | ASD Group\",\"isPartOf\":{\"@id\":\"https:\\\/\\\/www.asd-int.com\\\/de\\\/#website\"},\"primaryImageOfPage\":{\"@id\":\"https:\\\/\\\/www.asd-int.com\\\/de\\\/belgien-die-massnahmen-der-mwst-kette-treten-am-1-mai-2026-in-kraft\\\/#primaryimage\"},\"image\":{\"@id\":\"https:\\\/\\\/www.asd-int.com\\\/de\\\/belgien-die-massnahmen-der-mwst-kette-treten-am-1-mai-2026-in-kraft\\\/#primaryimage\"},\"thumbnailUrl\":\"https:\\\/\\\/www.asd-int.com\\\/wp-content\\\/uploads\\\/2026\\\/04\\\/belgique-les-mesures-de-la-chaine-tva-entreront-en-vigueur-le-1er-mai-2026.jpg\",\"datePublished\":\"2026-04-27T14:34:29+00:00\",\"dateModified\":\"2026-04-27T14:34:42+00:00\",\"description\":\"Belgien best\u00e4tigt die Reform der MwSt-Kette zum 1. Mai 2026: Bereitstellungskonto, neue Zahlungen und ge\u00e4nderter Zeitplan.\",\"breadcrumb\":{\"@id\":\"https:\\\/\\\/www.asd-int.com\\\/de\\\/belgien-die-massnahmen-der-mwst-kette-treten-am-1-mai-2026-in-kraft\\\/#breadcrumb\"},\"inLanguage\":\"de\",\"potentialAction\":[{\"@type\":\"ReadAction\",\"target\":[\"https:\\\/\\\/www.asd-int.com\\\/de\\\/belgien-die-massnahmen-der-mwst-kette-treten-am-1-mai-2026-in-kraft\\\/\"]}]},{\"@type\":\"ImageObject\",\"inLanguage\":\"de\",\"@id\":\"https:\\\/\\\/www.asd-int.com\\\/de\\\/belgien-die-massnahmen-der-mwst-kette-treten-am-1-mai-2026-in-kraft\\\/#primaryimage\",\"url\":\"https:\\\/\\\/www.asd-int.com\\\/wp-content\\\/uploads\\\/2026\\\/04\\\/belgique-les-mesures-de-la-chaine-tva-entreront-en-vigueur-le-1er-mai-2026.jpg\",\"contentUrl\":\"https:\\\/\\\/www.asd-int.com\\\/wp-content\\\/uploads\\\/2026\\\/04\\\/belgique-les-mesures-de-la-chaine-tva-entreront-en-vigueur-le-1er-mai-2026.jpg\",\"width\":1440,\"height\":911,\"caption\":\"Belgien: Die Ma\u00dfnahmen der MwSt-Kette treten am 1. Mai 2026 in Kraft\"},{\"@type\":\"BreadcrumbList\",\"@id\":\"https:\\\/\\\/www.asd-int.com\\\/de\\\/belgien-die-massnahmen-der-mwst-kette-treten-am-1-mai-2026-in-kraft\\\/#breadcrumb\",\"itemListElement\":[{\"@type\":\"ListItem\",\"position\":1,\"name\":\"ASD Group\",\"item\":\"https:\\\/\\\/www.asd-int.com\\\/de\\\/\"},{\"@type\":\"ListItem\",\"position\":2,\"name\":\"Belgien: Die Ma\u00dfnahmen der MwSt-Kette treten am 1. Mai 2026 in Kraft\"}]},{\"@type\":\"WebSite\",\"@id\":\"https:\\\/\\\/www.asd-int.com\\\/de\\\/#website\",\"url\":\"https:\\\/\\\/www.asd-int.com\\\/de\\\/\",\"name\":\"ASD\",\"description\":\"Vereinfachen Sie Ihre internationalen Gesch\u00e4fte\",\"publisher\":{\"@id\":\"https:\\\/\\\/www.asd-int.com\\\/de\\\/#organization\"},\"potentialAction\":[{\"@type\":\"SearchAction\",\"target\":{\"@type\":\"EntryPoint\",\"urlTemplate\":\"https:\\\/\\\/www.asd-int.com\\\/de\\\/?s={search_term_string}\"},\"query-input\":{\"@type\":\"PropertyValueSpecification\",\"valueRequired\":true,\"valueName\":\"search_term_string\"}}],\"inLanguage\":\"de\"},{\"@type\":\"Organization\",\"@id\":\"https:\\\/\\\/www.asd-int.com\\\/de\\\/#organization\",\"name\":\"ASD Group\",\"url\":\"https:\\\/\\\/www.asd-int.com\\\/de\\\/\",\"logo\":{\"@type\":\"ImageObject\",\"inLanguage\":\"de\",\"@id\":\"https:\\\/\\\/www.asd-int.com\\\/de\\\/#\\\/schema\\\/logo\\\/image\\\/\",\"url\":\"https:\\\/\\\/www.asd-int.com\\\/wp-content\\\/uploads\\\/2020\\\/07\\\/Logo-ASD_noir.png\",\"contentUrl\":\"https:\\\/\\\/www.asd-int.com\\\/wp-content\\\/uploads\\\/2020\\\/07\\\/Logo-ASD_noir.png\",\"width\":1054,\"height\":714,\"caption\":\"ASD Group\"},\"image\":{\"@id\":\"https:\\\/\\\/www.asd-int.com\\\/de\\\/#\\\/schema\\\/logo\\\/image\\\/\"}}]}<\/script>\n<!-- \/ Yoast SEO plugin. -->","yoast_head_json":{"title":"Belgien: MwSt-Kettenreform wirksam ab dem 1. Mai 2026 | ASD Group","description":"Belgien best\u00e4tigt die Reform der MwSt-Kette zum 1. Mai 2026: Bereitstellungskonto, neue Zahlungen und ge\u00e4nderter Zeitplan.","robots":{"index":"index","follow":"follow","max-snippet":"max-snippet:-1","max-image-preview":"max-image-preview:large","max-video-preview":"max-video-preview:-1"},"canonical":"https:\/\/www.asd-int.com\/de\/belgien-die-massnahmen-der-mwst-kette-treten-am-1-mai-2026-in-kraft\/","og_locale":"de_DE","og_type":"article","og_title":"Belgien: MwSt-Kettenreform wirksam ab dem 1. Mai 2026 | ASD Group","og_description":"Belgien best\u00e4tigt die Reform der MwSt-Kette zum 1. Mai 2026: Bereitstellungskonto, neue Zahlungen und ge\u00e4nderter Zeitplan.","og_url":"https:\/\/www.asd-int.com\/de\/belgien-die-massnahmen-der-mwst-kette-treten-am-1-mai-2026-in-kraft\/","og_site_name":"ASD","article_modified_time":"2026-04-27T14:34:42+00:00","og_image":[{"width":1440,"height":911,"url":"https:\/\/www.asd-int.com\/wp-content\/uploads\/2026\/04\/belgique-les-mesures-de-la-chaine-tva-entreront-en-vigueur-le-1er-mai-2026.jpg","type":"image\/jpeg"}],"twitter_card":"summary_large_image","twitter_misc":{"Gesch\u00e4tzte Lesezeit":"3\u00a0Minuten"},"schema":{"@context":"https:\/\/schema.org","@graph":[{"@type":"WebPage","@id":"https:\/\/www.asd-int.com\/de\/belgien-die-massnahmen-der-mwst-kette-treten-am-1-mai-2026-in-kraft\/","url":"https:\/\/www.asd-int.com\/de\/belgien-die-massnahmen-der-mwst-kette-treten-am-1-mai-2026-in-kraft\/","name":"Belgien: MwSt-Kettenreform wirksam ab dem 1. Mai 2026 | ASD Group","isPartOf":{"@id":"https:\/\/www.asd-int.com\/de\/#website"},"primaryImageOfPage":{"@id":"https:\/\/www.asd-int.com\/de\/belgien-die-massnahmen-der-mwst-kette-treten-am-1-mai-2026-in-kraft\/#primaryimage"},"image":{"@id":"https:\/\/www.asd-int.com\/de\/belgien-die-massnahmen-der-mwst-kette-treten-am-1-mai-2026-in-kraft\/#primaryimage"},"thumbnailUrl":"https:\/\/www.asd-int.com\/wp-content\/uploads\/2026\/04\/belgique-les-mesures-de-la-chaine-tva-entreront-en-vigueur-le-1er-mai-2026.jpg","datePublished":"2026-04-27T14:34:29+00:00","dateModified":"2026-04-27T14:34:42+00:00","description":"Belgien best\u00e4tigt die Reform der MwSt-Kette zum 1. Mai 2026: Bereitstellungskonto, neue Zahlungen und ge\u00e4nderter Zeitplan.","breadcrumb":{"@id":"https:\/\/www.asd-int.com\/de\/belgien-die-massnahmen-der-mwst-kette-treten-am-1-mai-2026-in-kraft\/#breadcrumb"},"inLanguage":"de","potentialAction":[{"@type":"ReadAction","target":["https:\/\/www.asd-int.com\/de\/belgien-die-massnahmen-der-mwst-kette-treten-am-1-mai-2026-in-kraft\/"]}]},{"@type":"ImageObject","inLanguage":"de","@id":"https:\/\/www.asd-int.com\/de\/belgien-die-massnahmen-der-mwst-kette-treten-am-1-mai-2026-in-kraft\/#primaryimage","url":"https:\/\/www.asd-int.com\/wp-content\/uploads\/2026\/04\/belgique-les-mesures-de-la-chaine-tva-entreront-en-vigueur-le-1er-mai-2026.jpg","contentUrl":"https:\/\/www.asd-int.com\/wp-content\/uploads\/2026\/04\/belgique-les-mesures-de-la-chaine-tva-entreront-en-vigueur-le-1er-mai-2026.jpg","width":1440,"height":911,"caption":"Belgien: Die Ma\u00dfnahmen der MwSt-Kette treten am 1. Mai 2026 in Kraft"},{"@type":"BreadcrumbList","@id":"https:\/\/www.asd-int.com\/de\/belgien-die-massnahmen-der-mwst-kette-treten-am-1-mai-2026-in-kraft\/#breadcrumb","itemListElement":[{"@type":"ListItem","position":1,"name":"ASD Group","item":"https:\/\/www.asd-int.com\/de\/"},{"@type":"ListItem","position":2,"name":"Belgien: Die Ma\u00dfnahmen der MwSt-Kette treten am 1. Mai 2026 in Kraft"}]},{"@type":"WebSite","@id":"https:\/\/www.asd-int.com\/de\/#website","url":"https:\/\/www.asd-int.com\/de\/","name":"ASD","description":"Vereinfachen Sie Ihre internationalen Gesch\u00e4fte","publisher":{"@id":"https:\/\/www.asd-int.com\/de\/#organization"},"potentialAction":[{"@type":"SearchAction","target":{"@type":"EntryPoint","urlTemplate":"https:\/\/www.asd-int.com\/de\/?s={search_term_string}"},"query-input":{"@type":"PropertyValueSpecification","valueRequired":true,"valueName":"search_term_string"}}],"inLanguage":"de"},{"@type":"Organization","@id":"https:\/\/www.asd-int.com\/de\/#organization","name":"ASD Group","url":"https:\/\/www.asd-int.com\/de\/","logo":{"@type":"ImageObject","inLanguage":"de","@id":"https:\/\/www.asd-int.com\/de\/#\/schema\/logo\/image\/","url":"https:\/\/www.asd-int.com\/wp-content\/uploads\/2020\/07\/Logo-ASD_noir.png","contentUrl":"https:\/\/www.asd-int.com\/wp-content\/uploads\/2020\/07\/Logo-ASD_noir.png","width":1054,"height":714,"caption":"ASD Group"},"image":{"@id":"https:\/\/www.asd-int.com\/de\/#\/schema\/logo\/image\/"}}]}},"_links":{"self":[{"href":"https:\/\/www.asd-int.com\/de\/wp-json\/wp\/v2\/mini_blog\/211188","targetHints":{"allow":["GET"]}}],"collection":[{"href":"https:\/\/www.asd-int.com\/de\/wp-json\/wp\/v2\/mini_blog"}],"about":[{"href":"https:\/\/www.asd-int.com\/de\/wp-json\/wp\/v2\/types\/mini_blog"}],"author":[{"embeddable":true,"href":"https:\/\/www.asd-int.com\/de\/wp-json\/wp\/v2\/users\/36"}],"version-history":[{"count":4,"href":"https:\/\/www.asd-int.com\/de\/wp-json\/wp\/v2\/mini_blog\/211188\/revisions"}],"predecessor-version":[{"id":211234,"href":"https:\/\/www.asd-int.com\/de\/wp-json\/wp\/v2\/mini_blog\/211188\/revisions\/211234"}],"wp:featuredmedia":[{"embeddable":true,"href":"https:\/\/www.asd-int.com\/de\/wp-json\/wp\/v2\/media\/211167"}],"wp:attachment":[{"href":"https:\/\/www.asd-int.com\/de\/wp-json\/wp\/v2\/media?parent=211188"}],"wp:term":[{"taxonomy":"category","embeddable":true,"href":"https:\/\/www.asd-int.com\/de\/wp-json\/wp\/v2\/categories?post=211188"},{"taxonomy":"post_tag","embeddable":true,"href":"https:\/\/www.asd-int.com\/de\/wp-json\/wp\/v2\/tags?post=211188"},{"taxonomy":"pays","embeddable":true,"href":"https:\/\/www.asd-int.com\/de\/wp-json\/wp\/v2\/pays?post=211188"}],"curies":[{"name":"wp","href":"https:\/\/api.w.org\/{rel}","templated":true}]}}