{"id":222665,"date":"2026-09-01T00:00:00","date_gmt":"2026-08-31T22:00:00","guid":{"rendered":"https:\/\/www.asd-int.com\/?post_type=mini_blog&#038;p=222665"},"modified":"2026-08-10T13:52:22","modified_gmt":"2026-08-10T11:52:22","slug":"frankreich-e-reporting-tritt-fur-auslandische-gross-und-mittelgrosse-mwst-unternehmen-in-kraft","status":"publish","type":"mini_blog","link":"https:\/\/www.asd-int.com\/de\/frankreich-e-reporting-tritt-fur-auslandische-gross-und-mittelgrosse-mwst-unternehmen-in-kraft\/","title":{"rendered":"Frankreich: E-Reporting tritt f\u00fcr ausl\u00e4ndische Gro\u00df- und mittelgro\u00dfe MwSt.-Unternehmen in Kraft"},"content":{"rendered":"\n<p class=\"wp-block-paragraph\"><strong>Heute, am 1. September 2026, tritt <a href=\"https:\/\/www.asd-int.com\/de\/frankreich-wie-funktioniert-das-e-reporting-2026-fuer-auslaendische-unternehmen-die-der-mehrwertsteuer-unterliegen\/\">die E-Reporting-Pflicht in Frankreich<\/a> f\u00fcr gro\u00dfe Unternehmen (GU) und Unternehmen mittlerer Gr\u00f6\u00dfe (ETI)<\/strong> <strong>in Kraft, die als ausl\u00e4ndische Unternehmen in Frankreich umsatzsteuerlich registriert sind<\/strong>.<br><br>Sie sind betroffen, sobald sie bestimmte steuerpflichtige Ums\u00e4tze auf franz\u00f6sischem Gebiet t\u00e4tigen.<\/p>\n\n\n\n<p class=\"wp-block-paragraph\">Das E-Reporting schreibt die <strong>elektronische \u00dcbermittlung von Daten zu Transaktionen und in bestimmten F\u00e4llen zu Zahlungen<\/strong> an die franz\u00f6sische Steuerverwaltung vor. Die betroffenen Unternehmen m\u00fcssen diese \u00dcbermittlungen \u00fcber eine <strong>zugelassene Plattform (PA)<\/strong> vornehmen.<\/p>\n\n\n\n<p class=\"wp-block-paragraph\">Diese neue Pflicht stellt einen wesentlichen Schritt der franz\u00f6sischen Reform der elektronischen Rechnungsstellung dar und verst\u00e4rkt die Umsatzsteuer-Compliance-Pflichten ausl\u00e4ndischer Unternehmen, die in Frankreich t\u00e4tig sind.<\/p>\n\n\n\n<p class=\"wp-block-paragraph\"><strong>ASD Group unterst\u00fctzt nicht ans\u00e4ssige Gesellschaften bei der Identifizierung ihrer Pflichten und dem operativen Management ihres E-Reportings<\/strong>, von der Datenerfassung bis zur \u00dcbermittlung.<\/p>\n\n\n\n<div class=\"wp-block-essential-blocks-call-to-action  root-eb-call-to-action-vp78u\"><div class=\"eb-parent-wrapper eb-parent-eb-call-to-action-vp78u \"><div class=\"eb-cia-wrapper eb-call-to-action-vp78u\" data-icon=\"dashicons-warning\"><div class=\"eb-cia-text-wrapper\"><span class=\"dashicon dashicons dashicons-warning eb-cia-icon\"><\/span><h3 class=\"eb-cia-title\">Ihr E-Reporting muss ab heute einsatzbereit sein!<\/h3><p class=\"eb-cia-description\">Zu \u00fcbermittelnde Daten, Fristen, zugelassene Plattform\u2026 <strong><strong>ASD Group \u00fcbernimmt Ihr E-Reporting in Frankreich.<\/strong><\/strong><\/p><\/div><div class=\"eb-cia-button-wrapper\"><a href=\"https:\/\/www.asd-int.com\/de\/e-reporting-in-frankreich\/\" target=\"_self\" rel=\"noopener\"><div class=\"eb-cia-button is-large\"><strong>Sichern Sie Ihr E-Reporting ><\/strong><\/div><\/a><\/div><\/div><\/div><\/div>\n","protected":false},"excerpt":{"rendered":"<p>Heute, am 1. September 2026, tritt die E-Reporting-Pflicht in Frankreich f\u00fcr gro\u00dfe Unternehmen (GU) und Unternehmen mittlerer Gr\u00f6\u00dfe (ETI) in Kraft, die als ausl\u00e4ndische Unternehmen&#8230;<\/p>\n","protected":false},"author":36,"featured_media":222664,"menu_order":0,"template":"","format":"standard","meta":{"_eb_attr":"","_lmt_disableupdate":"","_lmt_disable":"","footnotes":""},"categories":[3675,3346],"tags":[5186,4726,3486],"pays":[865],"class_list":["post-222665","mini_blog","type-mini_blog","status-publish","format-standard","has-post-thumbnail","hentry","category-steuerrecht","category-tva","tag-e-reporting","tag-steuerliche-verpflichtungen","tag-mwst","pays-france-de"],"yoast_head":"<!-- This site is optimized with the Yoast SEO plugin v28.3 - https:\/\/yoast.com\/product\/yoast-seo-wordpress\/ -->\n<title>Das E-Reporting tritt am 1. September 2026 in Frankreich in Kraft | ASD<\/title>\n<meta name=\"description\" content=\"Das E-Reporting tritt heute f\u00fcr gro\u00dfe Unternehmen und Unternehmen mittlerer Gr\u00f6\u00dfe (ETI) in Kraft. Ausl\u00e4ndische Gesellschaften, die der Umsatzsteuer unterliegen, sind betroffen.\" \/>\n<meta name=\"robots\" content=\"index, follow, max-snippet:-1, max-image-preview:large, max-video-preview:-1\" \/>\n<link rel=\"canonical\" href=\"https:\/\/www.asd-int.com\/de\/frankreich-e-reporting-tritt-fur-auslandische-gross-und-mittelgrosse-mwst-unternehmen-in-kraft\/\" \/>\n<meta property=\"og:locale\" content=\"de_DE\" \/>\n<meta property=\"og:type\" content=\"article\" \/>\n<meta property=\"og:title\" content=\"Das E-Reporting tritt am 1. September 2026 in Frankreich in Kraft | ASD\" \/>\n<meta property=\"og:description\" content=\"Das E-Reporting tritt heute f\u00fcr gro\u00dfe Unternehmen und Unternehmen mittlerer Gr\u00f6\u00dfe (ETI) in Kraft. Ausl\u00e4ndische Gesellschaften, die der Umsatzsteuer unterliegen, sind betroffen.\" \/>\n<meta property=\"og:url\" content=\"https:\/\/www.asd-int.com\/de\/frankreich-e-reporting-tritt-fur-auslandische-gross-und-mittelgrosse-mwst-unternehmen-in-kraft\/\" \/>\n<meta property=\"og:site_name\" content=\"ASD\" \/>\n<meta property=\"og:image\" content=\"https:\/\/www.asd-int.com\/wp-content\/uploads\/2026\/09\/e-reporting-france-2026.jpg\" \/>\n\t<meta property=\"og:image:width\" content=\"1440\" \/>\n\t<meta property=\"og:image:height\" content=\"796\" \/>\n\t<meta property=\"og:image:type\" content=\"image\/jpeg\" \/>\n<meta name=\"twitter:card\" content=\"summary_large_image\" \/>\n<meta name=\"twitter:label1\" content=\"Gesch\u00e4tzte Lesezeit\" \/>\n\t<meta name=\"twitter:data1\" content=\"1\u00a0Minute\" \/>\n<script type=\"application\/ld+json\" class=\"yoast-schema-graph\">{\"@context\":\"https:\\\/\\\/schema.org\",\"@graph\":[{\"@type\":\"WebPage\",\"@id\":\"https:\\\/\\\/www.asd-int.com\\\/de\\\/frankreich-e-reporting-tritt-fur-auslandische-gross-und-mittelgrosse-mwst-unternehmen-in-kraft\\\/\",\"url\":\"https:\\\/\\\/www.asd-int.com\\\/de\\\/frankreich-e-reporting-tritt-fur-auslandische-gross-und-mittelgrosse-mwst-unternehmen-in-kraft\\\/\",\"name\":\"Das E-Reporting tritt am 1. September 2026 in Frankreich in Kraft | ASD\",\"isPartOf\":{\"@id\":\"https:\\\/\\\/www.asd-int.com\\\/de\\\/#website\"},\"primaryImageOfPage\":{\"@id\":\"https:\\\/\\\/www.asd-int.com\\\/de\\\/frankreich-e-reporting-tritt-fur-auslandische-gross-und-mittelgrosse-mwst-unternehmen-in-kraft\\\/#primaryimage\"},\"image\":{\"@id\":\"https:\\\/\\\/www.asd-int.com\\\/de\\\/frankreich-e-reporting-tritt-fur-auslandische-gross-und-mittelgrosse-mwst-unternehmen-in-kraft\\\/#primaryimage\"},\"thumbnailUrl\":\"https:\\\/\\\/www.asd-int.com\\\/wp-content\\\/uploads\\\/2026\\\/09\\\/e-reporting-france-2026.jpg\",\"datePublished\":\"2026-08-31T22:00:00+00:00\",\"description\":\"Das E-Reporting tritt heute f\u00fcr gro\u00dfe Unternehmen und Unternehmen mittlerer Gr\u00f6\u00dfe (ETI) in Kraft. Ausl\u00e4ndische Gesellschaften, die der Umsatzsteuer unterliegen, sind betroffen.\",\"breadcrumb\":{\"@id\":\"https:\\\/\\\/www.asd-int.com\\\/de\\\/frankreich-e-reporting-tritt-fur-auslandische-gross-und-mittelgrosse-mwst-unternehmen-in-kraft\\\/#breadcrumb\"},\"inLanguage\":\"de\",\"potentialAction\":[{\"@type\":\"ReadAction\",\"target\":[\"https:\\\/\\\/www.asd-int.com\\\/de\\\/frankreich-e-reporting-tritt-fur-auslandische-gross-und-mittelgrosse-mwst-unternehmen-in-kraft\\\/\"]}]},{\"@type\":\"ImageObject\",\"inLanguage\":\"de\",\"@id\":\"https:\\\/\\\/www.asd-int.com\\\/de\\\/frankreich-e-reporting-tritt-fur-auslandische-gross-und-mittelgrosse-mwst-unternehmen-in-kraft\\\/#primaryimage\",\"url\":\"https:\\\/\\\/www.asd-int.com\\\/wp-content\\\/uploads\\\/2026\\\/09\\\/e-reporting-france-2026.jpg\",\"contentUrl\":\"https:\\\/\\\/www.asd-int.com\\\/wp-content\\\/uploads\\\/2026\\\/09\\\/e-reporting-france-2026.jpg\",\"width\":1440,\"height\":796,\"caption\":\"Frankreich: Das E-Reporting tritt f\u00fcr gro\u00dfe Unternehmen und ausl\u00e4ndische Unternehmen mittlerer Gr\u00f6\u00dfe (ETI), die der Umsatzsteuer unterliegen, in Kraft\"},{\"@type\":\"BreadcrumbList\",\"@id\":\"https:\\\/\\\/www.asd-int.com\\\/de\\\/frankreich-e-reporting-tritt-fur-auslandische-gross-und-mittelgrosse-mwst-unternehmen-in-kraft\\\/#breadcrumb\",\"itemListElement\":[{\"@type\":\"ListItem\",\"position\":1,\"name\":\"ASD Group\",\"item\":\"https:\\\/\\\/www.asd-int.com\\\/de\\\/\"},{\"@type\":\"ListItem\",\"position\":2,\"name\":\"E-Reporting Frankreich 2026\"}]},{\"@type\":\"WebSite\",\"@id\":\"https:\\\/\\\/www.asd-int.com\\\/de\\\/#website\",\"url\":\"https:\\\/\\\/www.asd-int.com\\\/de\\\/\",\"name\":\"ASD\",\"description\":\"Vereinfachen Sie Ihre internationalen Gesch\u00e4fte\",\"publisher\":{\"@id\":\"https:\\\/\\\/www.asd-int.com\\\/de\\\/#organization\"},\"potentialAction\":[{\"@type\":\"SearchAction\",\"target\":{\"@type\":\"EntryPoint\",\"urlTemplate\":\"https:\\\/\\\/www.asd-int.com\\\/de\\\/?s={search_term_string}\"},\"query-input\":{\"@type\":\"PropertyValueSpecification\",\"valueRequired\":true,\"valueName\":\"search_term_string\"}}],\"inLanguage\":\"de\"},{\"@type\":\"Organization\",\"@id\":\"https:\\\/\\\/www.asd-int.com\\\/de\\\/#organization\",\"name\":\"ASD Group\",\"url\":\"https:\\\/\\\/www.asd-int.com\\\/de\\\/\",\"logo\":{\"@type\":\"ImageObject\",\"inLanguage\":\"de\",\"@id\":\"https:\\\/\\\/www.asd-int.com\\\/de\\\/#\\\/schema\\\/logo\\\/image\\\/\",\"url\":\"https:\\\/\\\/www.asd-int.com\\\/wp-content\\\/uploads\\\/2020\\\/07\\\/Logo-ASD_noir.png\",\"contentUrl\":\"https:\\\/\\\/www.asd-int.com\\\/wp-content\\\/uploads\\\/2020\\\/07\\\/Logo-ASD_noir.png\",\"width\":1054,\"height\":714,\"caption\":\"ASD Group\"},\"image\":{\"@id\":\"https:\\\/\\\/www.asd-int.com\\\/de\\\/#\\\/schema\\\/logo\\\/image\\\/\"}}]}<\/script>\n<!-- \/ Yoast SEO plugin. -->","yoast_head_json":{"title":"Das E-Reporting tritt am 1. September 2026 in Frankreich in Kraft | ASD","description":"Das E-Reporting tritt heute f\u00fcr gro\u00dfe Unternehmen und Unternehmen mittlerer Gr\u00f6\u00dfe (ETI) in Kraft. Ausl\u00e4ndische Gesellschaften, die der Umsatzsteuer unterliegen, sind betroffen.","robots":{"index":"index","follow":"follow","max-snippet":"max-snippet:-1","max-image-preview":"max-image-preview:large","max-video-preview":"max-video-preview:-1"},"canonical":"https:\/\/www.asd-int.com\/de\/frankreich-e-reporting-tritt-fur-auslandische-gross-und-mittelgrosse-mwst-unternehmen-in-kraft\/","og_locale":"de_DE","og_type":"article","og_title":"Das E-Reporting tritt am 1. September 2026 in Frankreich in Kraft | ASD","og_description":"Das E-Reporting tritt heute f\u00fcr gro\u00dfe Unternehmen und Unternehmen mittlerer Gr\u00f6\u00dfe (ETI) in Kraft. Ausl\u00e4ndische Gesellschaften, die der Umsatzsteuer unterliegen, sind betroffen.","og_url":"https:\/\/www.asd-int.com\/de\/frankreich-e-reporting-tritt-fur-auslandische-gross-und-mittelgrosse-mwst-unternehmen-in-kraft\/","og_site_name":"ASD","og_image":[{"width":1440,"height":796,"url":"https:\/\/www.asd-int.com\/wp-content\/uploads\/2026\/09\/e-reporting-france-2026.jpg","type":"image\/jpeg"}],"twitter_card":"summary_large_image","twitter_misc":{"Gesch\u00e4tzte Lesezeit":"1\u00a0Minute"},"schema":{"@context":"https:\/\/schema.org","@graph":[{"@type":"WebPage","@id":"https:\/\/www.asd-int.com\/de\/frankreich-e-reporting-tritt-fur-auslandische-gross-und-mittelgrosse-mwst-unternehmen-in-kraft\/","url":"https:\/\/www.asd-int.com\/de\/frankreich-e-reporting-tritt-fur-auslandische-gross-und-mittelgrosse-mwst-unternehmen-in-kraft\/","name":"Das E-Reporting tritt am 1. September 2026 in Frankreich in Kraft | ASD","isPartOf":{"@id":"https:\/\/www.asd-int.com\/de\/#website"},"primaryImageOfPage":{"@id":"https:\/\/www.asd-int.com\/de\/frankreich-e-reporting-tritt-fur-auslandische-gross-und-mittelgrosse-mwst-unternehmen-in-kraft\/#primaryimage"},"image":{"@id":"https:\/\/www.asd-int.com\/de\/frankreich-e-reporting-tritt-fur-auslandische-gross-und-mittelgrosse-mwst-unternehmen-in-kraft\/#primaryimage"},"thumbnailUrl":"https:\/\/www.asd-int.com\/wp-content\/uploads\/2026\/09\/e-reporting-france-2026.jpg","datePublished":"2026-08-31T22:00:00+00:00","description":"Das E-Reporting tritt heute f\u00fcr gro\u00dfe Unternehmen und Unternehmen mittlerer Gr\u00f6\u00dfe (ETI) in Kraft. Ausl\u00e4ndische Gesellschaften, die der Umsatzsteuer unterliegen, sind betroffen.","breadcrumb":{"@id":"https:\/\/www.asd-int.com\/de\/frankreich-e-reporting-tritt-fur-auslandische-gross-und-mittelgrosse-mwst-unternehmen-in-kraft\/#breadcrumb"},"inLanguage":"de","potentialAction":[{"@type":"ReadAction","target":["https:\/\/www.asd-int.com\/de\/frankreich-e-reporting-tritt-fur-auslandische-gross-und-mittelgrosse-mwst-unternehmen-in-kraft\/"]}]},{"@type":"ImageObject","inLanguage":"de","@id":"https:\/\/www.asd-int.com\/de\/frankreich-e-reporting-tritt-fur-auslandische-gross-und-mittelgrosse-mwst-unternehmen-in-kraft\/#primaryimage","url":"https:\/\/www.asd-int.com\/wp-content\/uploads\/2026\/09\/e-reporting-france-2026.jpg","contentUrl":"https:\/\/www.asd-int.com\/wp-content\/uploads\/2026\/09\/e-reporting-france-2026.jpg","width":1440,"height":796,"caption":"Frankreich: Das E-Reporting tritt f\u00fcr gro\u00dfe Unternehmen und ausl\u00e4ndische Unternehmen mittlerer Gr\u00f6\u00dfe (ETI), die der Umsatzsteuer unterliegen, in Kraft"},{"@type":"BreadcrumbList","@id":"https:\/\/www.asd-int.com\/de\/frankreich-e-reporting-tritt-fur-auslandische-gross-und-mittelgrosse-mwst-unternehmen-in-kraft\/#breadcrumb","itemListElement":[{"@type":"ListItem","position":1,"name":"ASD Group","item":"https:\/\/www.asd-int.com\/de\/"},{"@type":"ListItem","position":2,"name":"E-Reporting Frankreich 2026"}]},{"@type":"WebSite","@id":"https:\/\/www.asd-int.com\/de\/#website","url":"https:\/\/www.asd-int.com\/de\/","name":"ASD","description":"Vereinfachen Sie Ihre internationalen Gesch\u00e4fte","publisher":{"@id":"https:\/\/www.asd-int.com\/de\/#organization"},"potentialAction":[{"@type":"SearchAction","target":{"@type":"EntryPoint","urlTemplate":"https:\/\/www.asd-int.com\/de\/?s={search_term_string}"},"query-input":{"@type":"PropertyValueSpecification","valueRequired":true,"valueName":"search_term_string"}}],"inLanguage":"de"},{"@type":"Organization","@id":"https:\/\/www.asd-int.com\/de\/#organization","name":"ASD Group","url":"https:\/\/www.asd-int.com\/de\/","logo":{"@type":"ImageObject","inLanguage":"de","@id":"https:\/\/www.asd-int.com\/de\/#\/schema\/logo\/image\/","url":"https:\/\/www.asd-int.com\/wp-content\/uploads\/2020\/07\/Logo-ASD_noir.png","contentUrl":"https:\/\/www.asd-int.com\/wp-content\/uploads\/2020\/07\/Logo-ASD_noir.png","width":1054,"height":714,"caption":"ASD Group"},"image":{"@id":"https:\/\/www.asd-int.com\/de\/#\/schema\/logo\/image\/"}}]}},"_links":{"self":[{"href":"https:\/\/www.asd-int.com\/de\/wp-json\/wp\/v2\/mini_blog\/222665","targetHints":{"allow":["GET"]}}],"collection":[{"href":"https:\/\/www.asd-int.com\/de\/wp-json\/wp\/v2\/mini_blog"}],"about":[{"href":"https:\/\/www.asd-int.com\/de\/wp-json\/wp\/v2\/types\/mini_blog"}],"author":[{"embeddable":true,"href":"https:\/\/www.asd-int.com\/de\/wp-json\/wp\/v2\/users\/36"}],"version-history":[{"count":6,"href":"https:\/\/www.asd-int.com\/de\/wp-json\/wp\/v2\/mini_blog\/222665\/revisions"}],"predecessor-version":[{"id":222733,"href":"https:\/\/www.asd-int.com\/de\/wp-json\/wp\/v2\/mini_blog\/222665\/revisions\/222733"}],"wp:featuredmedia":[{"embeddable":true,"href":"https:\/\/www.asd-int.com\/de\/wp-json\/wp\/v2\/media\/222664"}],"wp:attachment":[{"href":"https:\/\/www.asd-int.com\/de\/wp-json\/wp\/v2\/media?parent=222665"}],"wp:term":[{"taxonomy":"category","embeddable":true,"href":"https:\/\/www.asd-int.com\/de\/wp-json\/wp\/v2\/categories?post=222665"},{"taxonomy":"post_tag","embeddable":true,"href":"https:\/\/www.asd-int.com\/de\/wp-json\/wp\/v2\/tags?post=222665"},{"taxonomy":"pays","embeddable":true,"href":"https:\/\/www.asd-int.com\/de\/wp-json\/wp\/v2\/pays?post=222665"}],"curies":[{"name":"wp","href":"https:\/\/api.w.org\/{rel}","templated":true}]}}