{"id":161229,"date":"2022-11-22T14:32:00","date_gmt":"2022-11-22T13:32:00","guid":{"rendered":"https:\/\/www.asd-int.com\/mini_blog\/espana-nuevo-impuesto-sobre-los-envases-de-plastico-no-retornables\/"},"modified":"2023-06-26T14:21:00","modified_gmt":"2023-06-26T12:21:00","slug":"espana-nuevo-impuesto-sobre-los-envases-de-plastico-no-retornables","status":"publish","type":"mini_blog","link":"https:\/\/www.asd-int.com\/es\/espana-nuevo-impuesto-sobre-los-envases-de-plastico-no-retornables\/","title":{"rendered":"Espa\u00f1a: nuevo impuesto sobre pl\u00e1sticos"},"content":{"rendered":"\t\t<div data-elementor-type=\"wp-post\" data-elementor-id=\"161229\" class=\"elementor elementor-161229 elementor-154620\" data-elementor-post-type=\"mini_blog\">\n\t\t\t\t\t\t<section class=\"elementor-section elementor-top-section elementor-element elementor-element-5f9e44c7 elementor-section-boxed elementor-section-height-default elementor-section-height-default\" data-id=\"5f9e44c7\" data-element_type=\"section\" data-e-type=\"section\">\n\t\t\t\t\t\t<div class=\"elementor-container elementor-column-gap-default\">\n\t\t\t\t\t<div class=\"elementor-column elementor-col-100 elementor-top-column elementor-element elementor-element-1d08f503\" data-id=\"1d08f503\" data-element_type=\"column\" data-e-type=\"column\">\n\t\t\t<div class=\"elementor-widget-wrap elementor-element-populated\">\n\t\t\t\t\t\t<div class=\"elementor-element elementor-element-68dba337 elementor-widget elementor-widget-text-editor\" data-id=\"68dba337\" data-element_type=\"widget\" data-e-type=\"widget\" data-widget_type=\"text-editor.default\">\n\t\t\t\t<div class=\"elementor-widget-container\">\n\t\t\t\t\t\t\t\t\tLos legisladores espa\u00f1oles, adaptando la legislaci\u00f3n local a la directiva europea, han <strong>aprobado un nuevo impuesto sobre los envases de pl\u00e1stico no reutilizables<\/strong>, que entrar\u00e1 en vigor el 1 de enero de 2023.\r\n<br \/><br \/>\r\nLa <em>nueva Ley 7\/2022 de Residuos y Suelos Contaminados, de 8 de abril de 2022<\/em>, pretende establecer los principios de la econom\u00eda circular, adem\u00e1s de <strong>contribuir a la lucha contra el cambio clim\u00e1tico y a la protecci\u00f3n del medio marino<\/strong>.\r\n<br \/><br \/>\r\nEl impuesto se aplicar\u00e1 a:\r\n<ul>\r\n \t<li>Los envases de pl\u00e1stico no reutilizables,<\/li>\r\n \t<li>Los productos de pl\u00e1stico semiacabados que vayan a utilizarse para crear envases no reutilizables,<\/li>\r\n \t<li>Los productos de pl\u00e1stico destinados a ser utilizados para cerrar, intercambiar o exponer envases no reutilizables.<\/li>\r\n<\/ul><br \/><br \/>\r\n<h2 class=\"wp-block-heading\">\u00bfA cu\u00e1nto asciende la cuota del impuesto sobre los pl\u00e1sticos en Espa\u00f1a?<\/h2>\r\nLa base imponible est\u00e1 constituida por la cantidad de pl\u00e1stico no reciclado, expresada en kilogramos. <strong>La contribuci\u00f3n se fija en 0,45 euros\/Kg.<\/strong>\r\n<br \/><br \/>\r\n<strong>Algunos productos est\u00e1n exentos o tienen un tipo cero<\/strong>, por ejemplo\r\n<ul>\r\n \t<li>los envases de pl\u00e1stico para productos farmac\u00e9uticos ;<\/li>\r\n \t<li>y otros tipos de bienes relacionados con la asistencia sanitaria y el uso hospitalario.<\/li>\r\n<\/ul><br \/><br \/>\r\nComo hechos imponibles, se considerar\u00e1n como tales:\r\n<ul>\r\n \t<li>Fabricaci\u00f3n,<\/li>\r\n \t<li>Adquisiciones intracomunitarias,<\/li>\r\n \t<li>Importaciones en Espa\u00f1a de envases no reutilizables que contengan materias pl\u00e1sticas.<\/li>\r\n<\/ul><br \/><br \/>\r\n<strong>Los sujetos pasivos est\u00e1n obligados a darse de alta en el registro territorial del impuesto especial sobre envases de pl\u00e1stico no recargables<\/strong> antes de iniciar su actividad.\r\n<br \/><br \/>\r\nLos sujetos pasivos no establecidos en Espa\u00f1a est\u00e1n obligados a designar un representante ante la Administraci\u00f3n tributaria.\r\n<br \/><br \/>\r\n\u00bfDesea <a href=\"https:\/\/www.asd-int.com\/es\/impuesto-sobre-envases-de-plastico-no-reciclables-en-espana\/\">externalizar la tramitaci\u00f3n de este nuevo impuesto en Espa\u00f1a<\/a>? <a href=\"https:\/\/www.asd-int.com\/es\/contacto\/\">P\u00f3ngase en contacto con nuestros expertos<\/a> para obtener m\u00e1s informaci\u00f3n.\r\n<br \/><br \/>\r\nFuente:\r\n<ul>\r\n \t<li><a href=\"https:\/\/www.boe.es\/eli\/es\/l\/2022\/04\/08\/7\">www.boe.es<\/a><\/li>\r\n \t<li><a href=\"https:\/\/sede.agenciatributaria.gob.es\/Sede\/impuestos-especiales-medioambientales\/impuesto-especial-sobre-envases-plastico-reutilizables.html\">Agencia Tributaria<\/a><\/li>\r\n<\/ul>\t\t\t\t\t\t\t\t<\/div>\n\t\t\t\t<\/div>\n\t\t\t\t\t<\/div>\n\t\t<\/div>\n\t\t\t\t\t<\/div>\n\t\t<\/section>\n\t\t\t\t<\/div>\n\t\t","protected":false},"excerpt":{"rendered":"<p>Los legisladores espa\u00f1oles, adaptando la legislaci\u00f3n local a la directiva europea, han aprobado un nuevo impuesto sobre los envases de pl\u00e1stico no reutilizables, que entrar\u00e1&#8230;<\/p>\n","protected":false},"author":36,"featured_media":154693,"menu_order":0,"template":"","format":"standard","meta":{"_eb_attr":"","_lmt_disableupdate":"","_lmt_disable":"","footnotes":""},"categories":[4102],"tags":[4371],"pays":[1174],"class_list":["post-161229","mini_blog","type-mini_blog","status-publish","format-standard","has-post-thumbnail","hentry","category-tasas-internacionales","tag-impuesto-sobre-los-envases-de-plastico-no-reciclables","pays-espagne-es"],"yoast_head":"<!-- This site is optimized with the Yoast SEO plugin v27.4 - https:\/\/yoast.com\/product\/yoast-seo-wordpress\/ -->\n<title>Espa\u00f1a: nuevo impuesto sobre los envases de pl\u00e1stico no retornables | ASD Group<\/title>\n<meta name=\"description\" content=\"Impuesto sobre el pl\u00e1stico en Espa\u00f1a: todo sobre el nuevo impuesto espa\u00f1ol sobre los envases de pl\u00e1stico no reutilizables.\" \/>\n<meta name=\"robots\" content=\"index, follow, max-snippet:-1, max-image-preview:large, max-video-preview:-1\" \/>\n<link rel=\"canonical\" href=\"https:\/\/www.asd-int.com\/es\/espana-nuevo-impuesto-sobre-los-envases-de-plastico-no-retornables\/\" \/>\n<meta property=\"og:locale\" content=\"es_ES\" \/>\n<meta property=\"og:type\" content=\"article\" \/>\n<meta property=\"og:title\" content=\"Espa\u00f1a: nuevo impuesto sobre los envases de pl\u00e1stico no retornables | ASD Group\" \/>\n<meta property=\"og:description\" content=\"Impuesto sobre el pl\u00e1stico en Espa\u00f1a: todo sobre el nuevo impuesto espa\u00f1ol sobre los envases de pl\u00e1stico no reutilizables.\" \/>\n<meta property=\"og:url\" content=\"https:\/\/www.asd-int.com\/es\/espana-nuevo-impuesto-sobre-los-envases-de-plastico-no-retornables\/\" \/>\n<meta property=\"og:site_name\" content=\"ASD\" \/>\n<meta property=\"article:modified_time\" content=\"2023-06-26T12:21:00+00:00\" \/>\n<meta property=\"og:image\" content=\"https:\/\/www.asd-int.com\/wp-content\/uploads\/2022\/11\/espagne-nouvelle-taxe-sur-les-emballages-plastiques-non-reutilisables.jpg\" \/>\n\t<meta property=\"og:image:width\" content=\"1440\" \/>\n\t<meta property=\"og:image:height\" content=\"1080\" \/>\n\t<meta property=\"og:image:type\" content=\"image\/jpeg\" \/>\n<meta name=\"twitter:card\" content=\"summary_large_image\" \/>\n<meta name=\"twitter:label1\" content=\"Tiempo de lectura\" \/>\n\t<meta name=\"twitter:data1\" content=\"2 minutos\" \/>\n<script type=\"application\/ld+json\" class=\"yoast-schema-graph\">{\"@context\":\"https:\\\/\\\/schema.org\",\"@graph\":[{\"@type\":\"WebPage\",\"@id\":\"https:\\\/\\\/www.asd-int.com\\\/es\\\/espana-nuevo-impuesto-sobre-los-envases-de-plastico-no-retornables\\\/\",\"url\":\"https:\\\/\\\/www.asd-int.com\\\/es\\\/espana-nuevo-impuesto-sobre-los-envases-de-plastico-no-retornables\\\/\",\"name\":\"Espa\u00f1a: nuevo impuesto sobre los envases de pl\u00e1stico no retornables | ASD Group\",\"isPartOf\":{\"@id\":\"https:\\\/\\\/www.asd-int.com\\\/es\\\/#website\"},\"primaryImageOfPage\":{\"@id\":\"https:\\\/\\\/www.asd-int.com\\\/es\\\/espana-nuevo-impuesto-sobre-los-envases-de-plastico-no-retornables\\\/#primaryimage\"},\"image\":{\"@id\":\"https:\\\/\\\/www.asd-int.com\\\/es\\\/espana-nuevo-impuesto-sobre-los-envases-de-plastico-no-retornables\\\/#primaryimage\"},\"thumbnailUrl\":\"https:\\\/\\\/www.asd-int.com\\\/wp-content\\\/uploads\\\/2022\\\/11\\\/espagne-nouvelle-taxe-sur-les-emballages-plastiques-non-reutilisables.jpg\",\"datePublished\":\"2022-11-22T13:32:00+00:00\",\"dateModified\":\"2023-06-26T12:21:00+00:00\",\"description\":\"Impuesto sobre el pl\u00e1stico en Espa\u00f1a: todo sobre el nuevo impuesto espa\u00f1ol sobre los envases de pl\u00e1stico no reutilizables.\",\"breadcrumb\":{\"@id\":\"https:\\\/\\\/www.asd-int.com\\\/es\\\/espana-nuevo-impuesto-sobre-los-envases-de-plastico-no-retornables\\\/#breadcrumb\"},\"inLanguage\":\"es\",\"potentialAction\":[{\"@type\":\"ReadAction\",\"target\":[\"https:\\\/\\\/www.asd-int.com\\\/es\\\/espana-nuevo-impuesto-sobre-los-envases-de-plastico-no-retornables\\\/\"]}]},{\"@type\":\"ImageObject\",\"inLanguage\":\"es\",\"@id\":\"https:\\\/\\\/www.asd-int.com\\\/es\\\/espana-nuevo-impuesto-sobre-los-envases-de-plastico-no-retornables\\\/#primaryimage\",\"url\":\"https:\\\/\\\/www.asd-int.com\\\/wp-content\\\/uploads\\\/2022\\\/11\\\/espagne-nouvelle-taxe-sur-les-emballages-plastiques-non-reutilisables.jpg\",\"contentUrl\":\"https:\\\/\\\/www.asd-int.com\\\/wp-content\\\/uploads\\\/2022\\\/11\\\/espagne-nouvelle-taxe-sur-les-emballages-plastiques-non-reutilisables.jpg\",\"width\":1440,\"height\":1080,\"caption\":\"Espagne : Nouvelle taxe sur les emballages plastiques non r\u00e9utilisables\"},{\"@type\":\"BreadcrumbList\",\"@id\":\"https:\\\/\\\/www.asd-int.com\\\/es\\\/espana-nuevo-impuesto-sobre-los-envases-de-plastico-no-retornables\\\/#breadcrumb\",\"itemListElement\":[{\"@type\":\"ListItem\",\"position\":1,\"name\":\"ASD Group\",\"item\":\"https:\\\/\\\/www.asd-int.com\\\/es\\\/\"},{\"@type\":\"ListItem\",\"position\":2,\"name\":\"Espa\u00f1a: nuevo impuesto sobre pl\u00e1sticos\"}]},{\"@type\":\"WebSite\",\"@id\":\"https:\\\/\\\/www.asd-int.com\\\/es\\\/#website\",\"url\":\"https:\\\/\\\/www.asd-int.com\\\/es\\\/\",\"name\":\"ASD\",\"description\":\"Simplifique su desarrollo internacional\",\"publisher\":{\"@id\":\"https:\\\/\\\/www.asd-int.com\\\/es\\\/#organization\"},\"potentialAction\":[{\"@type\":\"SearchAction\",\"target\":{\"@type\":\"EntryPoint\",\"urlTemplate\":\"https:\\\/\\\/www.asd-int.com\\\/es\\\/?s={search_term_string}\"},\"query-input\":{\"@type\":\"PropertyValueSpecification\",\"valueRequired\":true,\"valueName\":\"search_term_string\"}}],\"inLanguage\":\"es\"},{\"@type\":\"Organization\",\"@id\":\"https:\\\/\\\/www.asd-int.com\\\/es\\\/#organization\",\"name\":\"ASD Group\",\"url\":\"https:\\\/\\\/www.asd-int.com\\\/es\\\/\",\"logo\":{\"@type\":\"ImageObject\",\"inLanguage\":\"es\",\"@id\":\"https:\\\/\\\/www.asd-int.com\\\/es\\\/#\\\/schema\\\/logo\\\/image\\\/\",\"url\":\"https:\\\/\\\/www.asd-int.com\\\/wp-content\\\/uploads\\\/2020\\\/07\\\/Logo-ASD_noir.png\",\"contentUrl\":\"https:\\\/\\\/www.asd-int.com\\\/wp-content\\\/uploads\\\/2020\\\/07\\\/Logo-ASD_noir.png\",\"width\":1054,\"height\":714,\"caption\":\"ASD Group\"},\"image\":{\"@id\":\"https:\\\/\\\/www.asd-int.com\\\/es\\\/#\\\/schema\\\/logo\\\/image\\\/\"}}]}<\/script>\n<!-- \/ Yoast SEO plugin. -->","yoast_head_json":{"title":"Espa\u00f1a: nuevo impuesto sobre los envases de pl\u00e1stico no retornables | ASD Group","description":"Impuesto sobre el pl\u00e1stico en Espa\u00f1a: todo sobre el nuevo impuesto espa\u00f1ol sobre los envases de pl\u00e1stico no reutilizables.","robots":{"index":"index","follow":"follow","max-snippet":"max-snippet:-1","max-image-preview":"max-image-preview:large","max-video-preview":"max-video-preview:-1"},"canonical":"https:\/\/www.asd-int.com\/es\/espana-nuevo-impuesto-sobre-los-envases-de-plastico-no-retornables\/","og_locale":"es_ES","og_type":"article","og_title":"Espa\u00f1a: nuevo impuesto sobre los envases de pl\u00e1stico no retornables | ASD Group","og_description":"Impuesto sobre el pl\u00e1stico en Espa\u00f1a: todo sobre el nuevo impuesto espa\u00f1ol sobre los envases de pl\u00e1stico no reutilizables.","og_url":"https:\/\/www.asd-int.com\/es\/espana-nuevo-impuesto-sobre-los-envases-de-plastico-no-retornables\/","og_site_name":"ASD","article_modified_time":"2023-06-26T12:21:00+00:00","og_image":[{"width":1440,"height":1080,"url":"https:\/\/www.asd-int.com\/wp-content\/uploads\/2022\/11\/espagne-nouvelle-taxe-sur-les-emballages-plastiques-non-reutilisables.jpg","type":"image\/jpeg"}],"twitter_card":"summary_large_image","twitter_misc":{"Tiempo de lectura":"2 minutos"},"schema":{"@context":"https:\/\/schema.org","@graph":[{"@type":"WebPage","@id":"https:\/\/www.asd-int.com\/es\/espana-nuevo-impuesto-sobre-los-envases-de-plastico-no-retornables\/","url":"https:\/\/www.asd-int.com\/es\/espana-nuevo-impuesto-sobre-los-envases-de-plastico-no-retornables\/","name":"Espa\u00f1a: nuevo impuesto sobre los envases de pl\u00e1stico no retornables | ASD Group","isPartOf":{"@id":"https:\/\/www.asd-int.com\/es\/#website"},"primaryImageOfPage":{"@id":"https:\/\/www.asd-int.com\/es\/espana-nuevo-impuesto-sobre-los-envases-de-plastico-no-retornables\/#primaryimage"},"image":{"@id":"https:\/\/www.asd-int.com\/es\/espana-nuevo-impuesto-sobre-los-envases-de-plastico-no-retornables\/#primaryimage"},"thumbnailUrl":"https:\/\/www.asd-int.com\/wp-content\/uploads\/2022\/11\/espagne-nouvelle-taxe-sur-les-emballages-plastiques-non-reutilisables.jpg","datePublished":"2022-11-22T13:32:00+00:00","dateModified":"2023-06-26T12:21:00+00:00","description":"Impuesto sobre el pl\u00e1stico en Espa\u00f1a: todo sobre el nuevo impuesto espa\u00f1ol sobre los envases de pl\u00e1stico no reutilizables.","breadcrumb":{"@id":"https:\/\/www.asd-int.com\/es\/espana-nuevo-impuesto-sobre-los-envases-de-plastico-no-retornables\/#breadcrumb"},"inLanguage":"es","potentialAction":[{"@type":"ReadAction","target":["https:\/\/www.asd-int.com\/es\/espana-nuevo-impuesto-sobre-los-envases-de-plastico-no-retornables\/"]}]},{"@type":"ImageObject","inLanguage":"es","@id":"https:\/\/www.asd-int.com\/es\/espana-nuevo-impuesto-sobre-los-envases-de-plastico-no-retornables\/#primaryimage","url":"https:\/\/www.asd-int.com\/wp-content\/uploads\/2022\/11\/espagne-nouvelle-taxe-sur-les-emballages-plastiques-non-reutilisables.jpg","contentUrl":"https:\/\/www.asd-int.com\/wp-content\/uploads\/2022\/11\/espagne-nouvelle-taxe-sur-les-emballages-plastiques-non-reutilisables.jpg","width":1440,"height":1080,"caption":"Espagne : Nouvelle taxe sur les emballages plastiques non r\u00e9utilisables"},{"@type":"BreadcrumbList","@id":"https:\/\/www.asd-int.com\/es\/espana-nuevo-impuesto-sobre-los-envases-de-plastico-no-retornables\/#breadcrumb","itemListElement":[{"@type":"ListItem","position":1,"name":"ASD Group","item":"https:\/\/www.asd-int.com\/es\/"},{"@type":"ListItem","position":2,"name":"Espa\u00f1a: nuevo impuesto sobre pl\u00e1sticos"}]},{"@type":"WebSite","@id":"https:\/\/www.asd-int.com\/es\/#website","url":"https:\/\/www.asd-int.com\/es\/","name":"ASD","description":"Simplifique su desarrollo internacional","publisher":{"@id":"https:\/\/www.asd-int.com\/es\/#organization"},"potentialAction":[{"@type":"SearchAction","target":{"@type":"EntryPoint","urlTemplate":"https:\/\/www.asd-int.com\/es\/?s={search_term_string}"},"query-input":{"@type":"PropertyValueSpecification","valueRequired":true,"valueName":"search_term_string"}}],"inLanguage":"es"},{"@type":"Organization","@id":"https:\/\/www.asd-int.com\/es\/#organization","name":"ASD Group","url":"https:\/\/www.asd-int.com\/es\/","logo":{"@type":"ImageObject","inLanguage":"es","@id":"https:\/\/www.asd-int.com\/es\/#\/schema\/logo\/image\/","url":"https:\/\/www.asd-int.com\/wp-content\/uploads\/2020\/07\/Logo-ASD_noir.png","contentUrl":"https:\/\/www.asd-int.com\/wp-content\/uploads\/2020\/07\/Logo-ASD_noir.png","width":1054,"height":714,"caption":"ASD Group"},"image":{"@id":"https:\/\/www.asd-int.com\/es\/#\/schema\/logo\/image\/"}}]}},"_links":{"self":[{"href":"https:\/\/www.asd-int.com\/es\/wp-json\/wp\/v2\/mini_blog\/161229","targetHints":{"allow":["GET"]}}],"collection":[{"href":"https:\/\/www.asd-int.com\/es\/wp-json\/wp\/v2\/mini_blog"}],"about":[{"href":"https:\/\/www.asd-int.com\/es\/wp-json\/wp\/v2\/types\/mini_blog"}],"author":[{"embeddable":true,"href":"https:\/\/www.asd-int.com\/es\/wp-json\/wp\/v2\/users\/36"}],"version-history":[{"count":5,"href":"https:\/\/www.asd-int.com\/es\/wp-json\/wp\/v2\/mini_blog\/161229\/revisions"}],"predecessor-version":[{"id":167215,"href":"https:\/\/www.asd-int.com\/es\/wp-json\/wp\/v2\/mini_blog\/161229\/revisions\/167215"}],"wp:featuredmedia":[{"embeddable":true,"href":"https:\/\/www.asd-int.com\/es\/wp-json\/wp\/v2\/media\/154693"}],"wp:attachment":[{"href":"https:\/\/www.asd-int.com\/es\/wp-json\/wp\/v2\/media?parent=161229"}],"wp:term":[{"taxonomy":"category","embeddable":true,"href":"https:\/\/www.asd-int.com\/es\/wp-json\/wp\/v2\/categories?post=161229"},{"taxonomy":"post_tag","embeddable":true,"href":"https:\/\/www.asd-int.com\/es\/wp-json\/wp\/v2\/tags?post=161229"},{"taxonomy":"pays","embeddable":true,"href":"https:\/\/www.asd-int.com\/es\/wp-json\/wp\/v2\/pays?post=161229"}],"curies":[{"name":"wp","href":"https:\/\/api.w.org\/{rel}","templated":true}]}}