{"id":211206,"date":"2026-04-27T16:34:11","date_gmt":"2026-04-27T14:34:11","guid":{"rendered":"https:\/\/www.asd-int.com\/?post_type=mini_blog&#038;p=211206"},"modified":"2026-04-27T16:53:32","modified_gmt":"2026-04-27T14:53:32","slug":"belgica-las-medidas-de-la-cadena-del-iva-entraran-en-vigor-el-1-de-mayo-de-2026","status":"publish","type":"mini_blog","link":"https:\/\/www.asd-int.com\/es\/belgica-las-medidas-de-la-cadena-del-iva-entraran-en-vigor-el-1-de-mayo-de-2026\/","title":{"rendered":"B\u00e9lgica: las medidas de la cadena del IVA entrar\u00e1n en vigor el 1 de mayo de 2026"},"content":{"rendered":"\n<p><a href=\"https:\/\/www.asd-int.com\/es\/belgica-la-aplicacion-de-la-cadena-del-iva-aplazada-indefinidamente\/\">Tras varios aplazamientos sucesivos<\/a>, B\u00e9lgica confirma finalmente la <strong>fecha de entrada en vigor de la reforma de la cadena del IVA el 1 de mayo de 2026<\/strong><sup data-fn=\"40f4195b-53eb-48f8-9f80-4c3255271819\" class=\"fn\"><a href=\"#40f4195b-53eb-48f8-9f80-4c3255271819\" id=\"40f4195b-53eb-48f8-9f80-4c3255271819-link\">1<\/a><\/sup>. <\/p>\n\n\n\n<p>Anunciada inicialmente por la ley de 12 de marzo de 2023, esta reforma ya hab\u00eda sido aplazada en varias ocasiones debido a restricciones t\u00e9cnicas y operativas.<\/p>\n\n\n\n<p><a href=\"https:\/\/www.asd-int.com\/es\/belgica-aplazada-la-entrada-en-vigor-de-la-ley-de-modernizacion-del-sistema-del-iva\/\">Prevista en un primer momento el 1 de enero de 2025<\/a>, la reforma se acompa\u00f1\u00f3 de un per\u00edodo transitorio, que a su vez se prolong\u00f3 en varias ocasiones. <\/p>\n\n\n\n<div class=\"wp-block-essential-blocks-notice  root-eb-notice-zdnxh\"><div class=\"eb-parent-wrapper eb-parent-eb-notice-zdnxh \"><div class=\"eb-notice-wrapper eb-notice-zdnxh\" data-id=\"eb-notice-zdnxh\" data-show-again=\"false\"><div class=\"eb-notice-title-wrapper\"><div class=\"eb-notice-title\">\u26a0\ufe0f <strong>Importante<\/strong><\/div><\/div><span class=\"eb-notice-dismiss\" style=\"cursor:pointer\"><\/span><div><div class=\"eb-notice-text\">El 4 de marzo de 2026, la Administraci\u00f3n Federal belga hizo oficial <strong>la entrada en vigor efectiva de todas las nuevas medidas a partir del 1 de mayo de 2026<\/strong>.<\/div><\/div><\/div><\/div><\/div>\n\n\n\n<h2 class=\"wp-block-heading\">La cuenta de provisi\u00f3n de IVA sustituye a la cuenta corriente de IVA<\/h2>\n\n\n\n<p>La reforma introduce un cambio importante: la supresi\u00f3n de la cuenta corriente de IVA en favor de una <strong>cuenta de provisi\u00f3n de IVA<\/strong>.<\/p>\n\n\n\n<p>Los saldos se transferir\u00e1n a esta nueva cuenta siempre que se hayan presentado todas las declaraciones peri\u00f3dicas antes del <strong>30 de abril de 2026<\/strong>. En caso contrario, se conceder\u00e1 un plazo de regularizaci\u00f3n. <strong>En caso de incumplimiento, la administraci\u00f3n podr\u00e1 reembolsar el cr\u00e9dito o imputarlo a una deuda fiscal existente<\/strong>.<\/p>\n\n\n\n<p>A partir del 1 de mayo de 2026, la solicitud de reembolso a trav\u00e9s de la declaraci\u00f3n peri\u00f3dica solo afectar\u00e1 al cr\u00e9dito del per\u00edodo (casilla 72). Para recuperar un saldo de la cuenta de provisi\u00f3n de IVA, se deber\u00e1 realizar una solicitud separada a trav\u00e9s de MyMinfin.<\/p>\n\n\n\n<h2 class=\"wp-block-heading\">Nuevos n\u00fameros de cuenta bancaria de IVA<\/h2>\n\n\n\n<p>A partir del 1 de mayo de 2026, los pagos de IVA deber\u00e1n realizarse en nuevas cuentas:<\/p>\n\n\n\n<figure class=\"wp-block-table\"><table class=\"has-fixed-layout\"><thead><tr><th>Tipo de pago<\/th><th>N\u00famero de cuenta<\/th><th>Descripci\u00f3n<\/th><\/tr><\/thead><tbody><tr><td>IVA debido, intereses, multas (excepto t\u00edtulo ejecutivo)<\/td><td>BE41 6792 0036 4210<\/td><td>Pagos corrientes relacionados con las declaraciones de IVA<\/td><\/tr><tr><td>Pago tras t\u00edtulo ejecutivo<\/td><td>BE42 6792 0000 0054<\/td><td>Recaudaci\u00f3n tras decisi\u00f3n oficial<\/td><\/tr><\/tbody><\/table><\/figure>\n\n\n\n<div class=\"wp-block-essential-blocks-notice  root-eb-notice-s3a9r\"><div class=\"eb-parent-wrapper eb-parent-eb-notice-s3a9r \"><div class=\"eb-notice-wrapper eb-notice-s3a9r\" data-id=\"eb-notice-s3a9r\" data-show-again=\"false\"><div class=\"eb-notice-title-wrapper\"><div class=\"eb-notice-title\">\u26a0\ufe0f Importante<\/div><\/div><span class=\"eb-notice-dismiss\" style=\"cursor:pointer\"><\/span><div><div class=\"eb-notice-text\">En principio, estas nuevas normas <strong>se aplicar\u00e1n a las declaraciones del IVA correspondientes al periodo de abril de 2026<\/strong>.<\/div><\/div><\/div><\/div><\/div>\n\n\n\n<h2 class=\"wp-block-heading\">Calendario de IVA 2026: principales cambios<\/h2>\n\n\n\n<p>El calendario de IVA 2026 introduce varias modificaciones importantes.<\/p>\n\n\n\n<h3 class=\"wp-block-heading\">1. Supresi\u00f3n del r\u00e9gimen de \u201cvacaciones fiscales\u201d<\/h3>\n\n\n\n<p>Se suprime el dispositivo que permit\u00eda aplazar los plazos de presentaci\u00f3n de ciertas declaraciones.<\/p>\n\n\n\n<h3 class=\"wp-block-heading\">2. Plazos de presentaci\u00f3n en 2026<\/h3>\n\n\n\n<figure class=\"wp-block-table\"><table class=\"has-fixed-layout\"><thead><tr><th>Declaraci\u00f3n<\/th><th>Fecha l\u00edmite normal<\/th><th>Aplazamiento fin de semana\/d\u00eda festivo<\/th><th>Observaciones<\/th><\/tr><\/thead><tbody><tr><td>IVA 1er trimestre 2026<\/td><td>25 de abril de 2026<\/td><td>27 de abril de 2026<\/td><td>Aplazamiento mantenido<\/td><\/tr><tr><td>IVA 2\u00ba trimestre 2026<\/td><td>25 de julio de 2026<\/td><td>\u274c No aplicable<\/td><td>Sin aplazamiento al lunes<\/td><\/tr><tr><td>Declaraciones mensuales<\/td><td>seg\u00fan calendario<\/td><td>\u2714 S\u00ed<\/td><td>Aplazamiento mantenido<\/td><\/tr><\/tbody><\/table><\/figure>\n\n\n\n<div class=\"wp-block-essential-blocks-notice  root-eb-notice-imdih\"><div class=\"eb-parent-wrapper eb-parent-eb-notice-imdih \"><div class=\"eb-notice-wrapper eb-notice-imdih\" data-id=\"eb-notice-imdih\" data-show-again=\"false\"><div class=\"eb-notice-title-wrapper\"><div class=\"eb-notice-title\">\u26a0\ufe0f <strong>Atenci\u00f3n<\/strong><\/div><\/div><span class=\"eb-notice-dismiss\" style=\"cursor:pointer\"><\/span><div><div class=\"eb-notice-text\"><strong>El aplazamiento ya no se aplica a las declaraciones trimestrales<\/strong>, salvo en el caso del primer trimestre de 2026.<\/div><\/div><\/div><\/div><\/div>\n\n\n\n<h3 class=\"wp-block-heading\">3. Listas intracomunitarias<\/h3>\n\n\n\n<figure class=\"wp-block-table\"><table class=\"has-fixed-layout\"><thead><tr><th>Periodicidad<\/th><th>Fecha l\u00edmite<\/th><th>Aplazamiento fin de semana<\/th><th>Particularidad<\/th><\/tr><\/thead><tbody><tr><td>Mensual<\/td><td>seg\u00fan calendario<\/td><td>\u2714 S\u00ed<\/td><td>Aplazamiento al siguiente d\u00eda laborable<\/td><\/tr><tr><td>Trimestral<\/td><td>25 de abril de 2026 (T1)<\/td><td>\u274c No<\/td><td>Sin aplazamiento, a diferencia del IVA<\/td><\/tr><\/tbody><\/table><\/figure>\n\n\n\n<p>Aparece una incoherencia notable para el primer trimestre de 2026: la declaraci\u00f3n de IVA se beneficia de un aplazamiento hasta el 27 de abril, mientras que la lista intracomunitaria sigue debi\u00e9ndose el 25 de abril de 2026.<\/p>\n\n\n\n<div class=\"wp-block-essential-blocks-call-to-action  root-eb-call-to-action-x33hj\"><div class=\"eb-parent-wrapper eb-parent-eb-call-to-action-x33hj \"><div class=\"eb-cia-wrapper eb-call-to-action-x33hj\" data-icon=\"dashicons-shield-alt\"><div class=\"eb-cia-text-wrapper\"><span class=\"dashicon dashicons dashicons-shield-alt eb-cia-icon\"><\/span><h3 class=\"eb-cia-title\"><strong>ASD Group te acompa\u00f1a en el cumplimiento de la normativa de IVA en B\u00e9lgica<\/strong><\/h3><p class=\"eb-cia-description\"><strong>Antic\u00edpate a los impactos de la reforma de la cadena del IVA belga<\/strong> y aseg\u00farate de cumplir tus obligaciones fiscales con nuestros expertos.<\/p><\/div><div class=\"eb-cia-button-wrapper\"><a href=\"https:\/\/www.asd-int.com\/es\/contacto\/\" target=\"_self\" rel=\"noopener\"><div class=\"eb-cia-button is-large\"><strong>Contacta con nuestros expertos en IVA belga ><\/strong><\/div><\/a><\/div><\/div><\/div><\/div>\n\n\n<ol class=\"wp-block-footnotes\"><li id=\"40f4195b-53eb-48f8-9f80-4c3255271819\"><a href=\"https:\/\/www.vat-consult.be\/blog\/belgian-vat-provision-account\" target=\"_blank\" rel=\"noreferrer noopener\">vat-consult.be<\/a> (en ingl\u00e9s) <a href=\"#40f4195b-53eb-48f8-9f80-4c3255271819-link\" aria-label=\"Saltar a la referencia de la nota 1\">\u21a9\ufe0e<\/a><\/li><\/ol>\n\n\n<hr class=\"wp-block-separator has-alpha-channel-opacity\"\/>\n\n\n\n<div class=\"wp-block-media-text is-vertically-aligned-top copywriter-card\" style=\"grid-template-columns:15% auto\"><figure class=\"wp-block-media-text__media\"><img fetchpriority=\"high\" decoding=\"async\" width=\"517\" height=\"521\" src=\"https:\/\/www.asd-int.com\/wp-content\/uploads\/2025\/12\/Noemie_Almot-CM-Medaillon-ASD-Group.png\" alt=\"\" class=\"wp-image-205439 size-full\" srcset=\"https:\/\/www.asd-int.com\/wp-content\/uploads\/2025\/12\/Noemie_Almot-CM-Medaillon-ASD-Group.png 517w, https:\/\/www.asd-int.com\/wp-content\/uploads\/2025\/12\/Noemie_Almot-CM-Medaillon-ASD-Group-298x300.png 298w, https:\/\/www.asd-int.com\/wp-content\/uploads\/2025\/12\/Noemie_Almot-CM-Medaillon-ASD-Group-150x150.png 150w\" sizes=\"(max-width: 517px) 100vw, 517px\" \/><\/figure><div class=\"wp-block-media-text__content\">\n<p><strong>No\u00e9mie Almot<\/strong><br><em>Community Manager y Redactora<\/em><\/p>\n\n\n\n<p class=\"has-small-font-size\">No\u00e9mie es redactora especializada en ASD Group. Crea y gestiona art\u00edculos de blog, as\u00ed como noticias en nuestros sitios web, centr\u00e1ndose en el IVA, los impuestos internacionales, las operaciones aduaneras, la normativa laboral y el comercio internacional. Con su estilo claro y did\u00e1ctico, convierte temas complejos y t\u00e9cnicos en contenidos f\u00e1cilmente comprensibles y relevantes para las empresas.<\/p>\n\n\n\n<ul class=\"wp-block-social-links is-layout-flex wp-block-social-links-is-layout-flex\"><li class=\"wp-social-link wp-social-link-linkedin  wp-block-social-link\"><a rel=\"target=&quot;_blank&quot; noopener nofollow\" target=\"_blank\" href=\"https:\/\/www.linkedin.com\/in\/no%C3%A9mie-almot\/\" class=\"wp-block-social-link-anchor\"><svg width=\"24\" height=\"24\" viewBox=\"0 0 24 24\" version=\"1.1\" xmlns=\"http:\/\/www.w3.org\/2000\/svg\" aria-hidden=\"true\" focusable=\"false\"><path d=\"M19.7,3H4.3C3.582,3,3,3.582,3,4.3v15.4C3,20.418,3.582,21,4.3,21h15.4c0.718,0,1.3-0.582,1.3-1.3V4.3 C21,3.582,20.418,3,19.7,3z M8.339,18.338H5.667v-8.59h2.672V18.338z M7.004,8.574c-0.857,0-1.549-0.694-1.549-1.548 c0-0.855,0.691-1.548,1.549-1.548c0.854,0,1.547,0.694,1.547,1.548C8.551,7.881,7.858,8.574,7.004,8.574z M18.339,18.338h-2.669 v-4.177c0-0.996-0.017-2.278-1.387-2.278c-1.389,0-1.601,1.086-1.601,2.206v4.249h-2.667v-8.59h2.559v1.174h0.037 c0.356-0.675,1.227-1.387,2.526-1.387c2.703,0,3.203,1.779,3.203,4.092V18.338z\"><\/path><\/svg><span class=\"wp-block-social-link-label screen-reader-text\">LinkedIn<\/span><\/a><\/li><\/ul>\n<\/div><\/div>\n","protected":false},"excerpt":{"rendered":"<p>Tras varios aplazamientos sucesivos, B\u00e9lgica confirma finalmente la fecha de entrada en vigor de la reforma de la cadena del IVA el 1 de mayo&#8230;<\/p>\n","protected":false},"author":36,"featured_media":211173,"menu_order":0,"template":"","format":"standard","meta":{"_eb_attr":"","_lmt_disableupdate":"","_lmt_disable":"","footnotes":"[{\"content\":\"<a href=\\\"https:\\\/\\\/www.vat-consult.be\\\/blog\\\/belgian-vat-provision-account\\\" target=\\\"_blank\\\" rel=\\\"noreferrer noopener\\\">vat-consult.be<\\\/a> (en ingl\\u00e9s)\",\"id\":\"40f4195b-53eb-48f8-9f80-4c3255271819\"}]"},"categories":[377,3678],"tags":[4441,4440,3482,4714,4412,3349],"pays":[1170],"class_list":["post-211206","mini_blog","type-mini_blog","status-publish","format-standard","has-post-thumbnail","hentry","category-fiscal","category-fiscal-es","tag-sistema-del-iva","tag-chaine-tva","tag-iva-es","tag-obligaciones-fiscales","tag-obligations-fiscales","tag-tva","pays-belgique-es"],"yoast_head":"<!-- This site is optimized with the Yoast SEO plugin v27.4 - https:\/\/yoast.com\/product\/yoast-seo-wordpress\/ -->\n<title>B\u00e9lgica: reforma de la cadena del IVA efectiva el 1 de mayo de 2026 | ASD Group<\/title>\n<meta name=\"description\" content=\"B\u00e9lgica confirma la reforma de la cadena del IVA el 1 de mayo de 2026: cuenta de provisi\u00f3n, nuevos pagos y calendario modificado.\" \/>\n<meta name=\"robots\" content=\"index, follow, max-snippet:-1, max-image-preview:large, max-video-preview:-1\" \/>\n<link rel=\"canonical\" href=\"https:\/\/www.asd-int.com\/es\/belgica-las-medidas-de-la-cadena-del-iva-entraran-en-vigor-el-1-de-mayo-de-2026\/\" \/>\n<meta property=\"og:locale\" content=\"es_ES\" \/>\n<meta property=\"og:type\" content=\"article\" \/>\n<meta property=\"og:title\" content=\"B\u00e9lgica: reforma de la cadena del IVA efectiva el 1 de mayo de 2026 | ASD Group\" \/>\n<meta property=\"og:description\" content=\"B\u00e9lgica confirma la reforma de la cadena del IVA el 1 de mayo de 2026: cuenta de provisi\u00f3n, nuevos pagos y calendario modificado.\" \/>\n<meta property=\"og:url\" content=\"https:\/\/www.asd-int.com\/es\/belgica-las-medidas-de-la-cadena-del-iva-entraran-en-vigor-el-1-de-mayo-de-2026\/\" \/>\n<meta property=\"og:site_name\" content=\"ASD\" \/>\n<meta property=\"article:modified_time\" content=\"2026-04-27T14:53:32+00:00\" \/>\n<meta property=\"og:image\" content=\"https:\/\/www.asd-int.com\/wp-content\/uploads\/2026\/04\/belgique-les-mesures-de-la-chaine-tva-entreront-en-vigueur-le-1er-mai-2026.jpg\" \/>\n\t<meta property=\"og:image:width\" content=\"1440\" \/>\n\t<meta property=\"og:image:height\" content=\"911\" \/>\n\t<meta property=\"og:image:type\" content=\"image\/jpeg\" \/>\n<meta name=\"twitter:card\" content=\"summary_large_image\" \/>\n<meta name=\"twitter:label1\" content=\"Tiempo de lectura\" \/>\n\t<meta name=\"twitter:data1\" content=\"6 minutos\" \/>\n<script type=\"application\/ld+json\" class=\"yoast-schema-graph\">{\"@context\":\"https:\\\/\\\/schema.org\",\"@graph\":[{\"@type\":\"WebPage\",\"@id\":\"https:\\\/\\\/www.asd-int.com\\\/es\\\/belgica-las-medidas-de-la-cadena-del-iva-entraran-en-vigor-el-1-de-mayo-de-2026\\\/\",\"url\":\"https:\\\/\\\/www.asd-int.com\\\/es\\\/belgica-las-medidas-de-la-cadena-del-iva-entraran-en-vigor-el-1-de-mayo-de-2026\\\/\",\"name\":\"B\u00e9lgica: reforma de la cadena del IVA efectiva el 1 de mayo de 2026 | ASD Group\",\"isPartOf\":{\"@id\":\"https:\\\/\\\/www.asd-int.com\\\/es\\\/#website\"},\"primaryImageOfPage\":{\"@id\":\"https:\\\/\\\/www.asd-int.com\\\/es\\\/belgica-las-medidas-de-la-cadena-del-iva-entraran-en-vigor-el-1-de-mayo-de-2026\\\/#primaryimage\"},\"image\":{\"@id\":\"https:\\\/\\\/www.asd-int.com\\\/es\\\/belgica-las-medidas-de-la-cadena-del-iva-entraran-en-vigor-el-1-de-mayo-de-2026\\\/#primaryimage\"},\"thumbnailUrl\":\"https:\\\/\\\/www.asd-int.com\\\/wp-content\\\/uploads\\\/2026\\\/04\\\/belgique-les-mesures-de-la-chaine-tva-entreront-en-vigueur-le-1er-mai-2026.jpg\",\"datePublished\":\"2026-04-27T14:34:11+00:00\",\"dateModified\":\"2026-04-27T14:53:32+00:00\",\"description\":\"B\u00e9lgica confirma la reforma de la cadena del IVA el 1 de mayo de 2026: cuenta de provisi\u00f3n, nuevos pagos y calendario modificado.\",\"breadcrumb\":{\"@id\":\"https:\\\/\\\/www.asd-int.com\\\/es\\\/belgica-las-medidas-de-la-cadena-del-iva-entraran-en-vigor-el-1-de-mayo-de-2026\\\/#breadcrumb\"},\"inLanguage\":\"es\",\"potentialAction\":[{\"@type\":\"ReadAction\",\"target\":[\"https:\\\/\\\/www.asd-int.com\\\/es\\\/belgica-las-medidas-de-la-cadena-del-iva-entraran-en-vigor-el-1-de-mayo-de-2026\\\/\"]}]},{\"@type\":\"ImageObject\",\"inLanguage\":\"es\",\"@id\":\"https:\\\/\\\/www.asd-int.com\\\/es\\\/belgica-las-medidas-de-la-cadena-del-iva-entraran-en-vigor-el-1-de-mayo-de-2026\\\/#primaryimage\",\"url\":\"https:\\\/\\\/www.asd-int.com\\\/wp-content\\\/uploads\\\/2026\\\/04\\\/belgique-les-mesures-de-la-chaine-tva-entreront-en-vigueur-le-1er-mai-2026.jpg\",\"contentUrl\":\"https:\\\/\\\/www.asd-int.com\\\/wp-content\\\/uploads\\\/2026\\\/04\\\/belgique-les-mesures-de-la-chaine-tva-entreront-en-vigueur-le-1er-mai-2026.jpg\",\"width\":1440,\"height\":911,\"caption\":\"B\u00e9lgica: las medidas de la cadena del IVA entrar\u00e1n en vigor el 1 de mayo de 2026\"},{\"@type\":\"BreadcrumbList\",\"@id\":\"https:\\\/\\\/www.asd-int.com\\\/es\\\/belgica-las-medidas-de-la-cadena-del-iva-entraran-en-vigor-el-1-de-mayo-de-2026\\\/#breadcrumb\",\"itemListElement\":[{\"@type\":\"ListItem\",\"position\":1,\"name\":\"ASD Group\",\"item\":\"https:\\\/\\\/www.asd-int.com\\\/es\\\/\"},{\"@type\":\"ListItem\",\"position\":2,\"name\":\"B\u00e9lgica: las medidas de la cadena del IVA entrar\u00e1n en vigor el 1 de mayo de 2026\"}]},{\"@type\":\"WebSite\",\"@id\":\"https:\\\/\\\/www.asd-int.com\\\/es\\\/#website\",\"url\":\"https:\\\/\\\/www.asd-int.com\\\/es\\\/\",\"name\":\"ASD\",\"description\":\"Simplifique su desarrollo internacional\",\"publisher\":{\"@id\":\"https:\\\/\\\/www.asd-int.com\\\/es\\\/#organization\"},\"potentialAction\":[{\"@type\":\"SearchAction\",\"target\":{\"@type\":\"EntryPoint\",\"urlTemplate\":\"https:\\\/\\\/www.asd-int.com\\\/es\\\/?s={search_term_string}\"},\"query-input\":{\"@type\":\"PropertyValueSpecification\",\"valueRequired\":true,\"valueName\":\"search_term_string\"}}],\"inLanguage\":\"es\"},{\"@type\":\"Organization\",\"@id\":\"https:\\\/\\\/www.asd-int.com\\\/es\\\/#organization\",\"name\":\"ASD Group\",\"url\":\"https:\\\/\\\/www.asd-int.com\\\/es\\\/\",\"logo\":{\"@type\":\"ImageObject\",\"inLanguage\":\"es\",\"@id\":\"https:\\\/\\\/www.asd-int.com\\\/es\\\/#\\\/schema\\\/logo\\\/image\\\/\",\"url\":\"https:\\\/\\\/www.asd-int.com\\\/wp-content\\\/uploads\\\/2020\\\/07\\\/Logo-ASD_noir.png\",\"contentUrl\":\"https:\\\/\\\/www.asd-int.com\\\/wp-content\\\/uploads\\\/2020\\\/07\\\/Logo-ASD_noir.png\",\"width\":1054,\"height\":714,\"caption\":\"ASD Group\"},\"image\":{\"@id\":\"https:\\\/\\\/www.asd-int.com\\\/es\\\/#\\\/schema\\\/logo\\\/image\\\/\"}}]}<\/script>\n<!-- \/ Yoast SEO plugin. -->","yoast_head_json":{"title":"B\u00e9lgica: reforma de la cadena del IVA efectiva el 1 de mayo de 2026 | ASD Group","description":"B\u00e9lgica confirma la reforma de la cadena del IVA el 1 de mayo de 2026: cuenta de provisi\u00f3n, nuevos pagos y calendario modificado.","robots":{"index":"index","follow":"follow","max-snippet":"max-snippet:-1","max-image-preview":"max-image-preview:large","max-video-preview":"max-video-preview:-1"},"canonical":"https:\/\/www.asd-int.com\/es\/belgica-las-medidas-de-la-cadena-del-iva-entraran-en-vigor-el-1-de-mayo-de-2026\/","og_locale":"es_ES","og_type":"article","og_title":"B\u00e9lgica: reforma de la cadena del IVA efectiva el 1 de mayo de 2026 | ASD Group","og_description":"B\u00e9lgica confirma la reforma de la cadena del IVA el 1 de mayo de 2026: cuenta de provisi\u00f3n, nuevos pagos y calendario modificado.","og_url":"https:\/\/www.asd-int.com\/es\/belgica-las-medidas-de-la-cadena-del-iva-entraran-en-vigor-el-1-de-mayo-de-2026\/","og_site_name":"ASD","article_modified_time":"2026-04-27T14:53:32+00:00","og_image":[{"width":1440,"height":911,"url":"https:\/\/www.asd-int.com\/wp-content\/uploads\/2026\/04\/belgique-les-mesures-de-la-chaine-tva-entreront-en-vigueur-le-1er-mai-2026.jpg","type":"image\/jpeg"}],"twitter_card":"summary_large_image","twitter_misc":{"Tiempo de lectura":"6 minutos"},"schema":{"@context":"https:\/\/schema.org","@graph":[{"@type":"WebPage","@id":"https:\/\/www.asd-int.com\/es\/belgica-las-medidas-de-la-cadena-del-iva-entraran-en-vigor-el-1-de-mayo-de-2026\/","url":"https:\/\/www.asd-int.com\/es\/belgica-las-medidas-de-la-cadena-del-iva-entraran-en-vigor-el-1-de-mayo-de-2026\/","name":"B\u00e9lgica: reforma de la cadena del IVA efectiva el 1 de mayo de 2026 | ASD Group","isPartOf":{"@id":"https:\/\/www.asd-int.com\/es\/#website"},"primaryImageOfPage":{"@id":"https:\/\/www.asd-int.com\/es\/belgica-las-medidas-de-la-cadena-del-iva-entraran-en-vigor-el-1-de-mayo-de-2026\/#primaryimage"},"image":{"@id":"https:\/\/www.asd-int.com\/es\/belgica-las-medidas-de-la-cadena-del-iva-entraran-en-vigor-el-1-de-mayo-de-2026\/#primaryimage"},"thumbnailUrl":"https:\/\/www.asd-int.com\/wp-content\/uploads\/2026\/04\/belgique-les-mesures-de-la-chaine-tva-entreront-en-vigueur-le-1er-mai-2026.jpg","datePublished":"2026-04-27T14:34:11+00:00","dateModified":"2026-04-27T14:53:32+00:00","description":"B\u00e9lgica confirma la reforma de la cadena del IVA el 1 de mayo de 2026: cuenta de provisi\u00f3n, nuevos pagos y calendario modificado.","breadcrumb":{"@id":"https:\/\/www.asd-int.com\/es\/belgica-las-medidas-de-la-cadena-del-iva-entraran-en-vigor-el-1-de-mayo-de-2026\/#breadcrumb"},"inLanguage":"es","potentialAction":[{"@type":"ReadAction","target":["https:\/\/www.asd-int.com\/es\/belgica-las-medidas-de-la-cadena-del-iva-entraran-en-vigor-el-1-de-mayo-de-2026\/"]}]},{"@type":"ImageObject","inLanguage":"es","@id":"https:\/\/www.asd-int.com\/es\/belgica-las-medidas-de-la-cadena-del-iva-entraran-en-vigor-el-1-de-mayo-de-2026\/#primaryimage","url":"https:\/\/www.asd-int.com\/wp-content\/uploads\/2026\/04\/belgique-les-mesures-de-la-chaine-tva-entreront-en-vigueur-le-1er-mai-2026.jpg","contentUrl":"https:\/\/www.asd-int.com\/wp-content\/uploads\/2026\/04\/belgique-les-mesures-de-la-chaine-tva-entreront-en-vigueur-le-1er-mai-2026.jpg","width":1440,"height":911,"caption":"B\u00e9lgica: las medidas de la cadena del IVA entrar\u00e1n en vigor el 1 de mayo de 2026"},{"@type":"BreadcrumbList","@id":"https:\/\/www.asd-int.com\/es\/belgica-las-medidas-de-la-cadena-del-iva-entraran-en-vigor-el-1-de-mayo-de-2026\/#breadcrumb","itemListElement":[{"@type":"ListItem","position":1,"name":"ASD Group","item":"https:\/\/www.asd-int.com\/es\/"},{"@type":"ListItem","position":2,"name":"B\u00e9lgica: las medidas de la cadena del IVA entrar\u00e1n en vigor el 1 de mayo de 2026"}]},{"@type":"WebSite","@id":"https:\/\/www.asd-int.com\/es\/#website","url":"https:\/\/www.asd-int.com\/es\/","name":"ASD","description":"Simplifique su desarrollo internacional","publisher":{"@id":"https:\/\/www.asd-int.com\/es\/#organization"},"potentialAction":[{"@type":"SearchAction","target":{"@type":"EntryPoint","urlTemplate":"https:\/\/www.asd-int.com\/es\/?s={search_term_string}"},"query-input":{"@type":"PropertyValueSpecification","valueRequired":true,"valueName":"search_term_string"}}],"inLanguage":"es"},{"@type":"Organization","@id":"https:\/\/www.asd-int.com\/es\/#organization","name":"ASD Group","url":"https:\/\/www.asd-int.com\/es\/","logo":{"@type":"ImageObject","inLanguage":"es","@id":"https:\/\/www.asd-int.com\/es\/#\/schema\/logo\/image\/","url":"https:\/\/www.asd-int.com\/wp-content\/uploads\/2020\/07\/Logo-ASD_noir.png","contentUrl":"https:\/\/www.asd-int.com\/wp-content\/uploads\/2020\/07\/Logo-ASD_noir.png","width":1054,"height":714,"caption":"ASD Group"},"image":{"@id":"https:\/\/www.asd-int.com\/es\/#\/schema\/logo\/image\/"}}]}},"_links":{"self":[{"href":"https:\/\/www.asd-int.com\/es\/wp-json\/wp\/v2\/mini_blog\/211206","targetHints":{"allow":["GET"]}}],"collection":[{"href":"https:\/\/www.asd-int.com\/es\/wp-json\/wp\/v2\/mini_blog"}],"about":[{"href":"https:\/\/www.asd-int.com\/es\/wp-json\/wp\/v2\/types\/mini_blog"}],"author":[{"embeddable":true,"href":"https:\/\/www.asd-int.com\/es\/wp-json\/wp\/v2\/users\/36"}],"version-history":[{"count":5,"href":"https:\/\/www.asd-int.com\/es\/wp-json\/wp\/v2\/mini_blog\/211206\/revisions"}],"predecessor-version":[{"id":211230,"href":"https:\/\/www.asd-int.com\/es\/wp-json\/wp\/v2\/mini_blog\/211206\/revisions\/211230"}],"wp:featuredmedia":[{"embeddable":true,"href":"https:\/\/www.asd-int.com\/es\/wp-json\/wp\/v2\/media\/211173"}],"wp:attachment":[{"href":"https:\/\/www.asd-int.com\/es\/wp-json\/wp\/v2\/media?parent=211206"}],"wp:term":[{"taxonomy":"category","embeddable":true,"href":"https:\/\/www.asd-int.com\/es\/wp-json\/wp\/v2\/categories?post=211206"},{"taxonomy":"post_tag","embeddable":true,"href":"https:\/\/www.asd-int.com\/es\/wp-json\/wp\/v2\/tags?post=211206"},{"taxonomy":"pays","embeddable":true,"href":"https:\/\/www.asd-int.com\/es\/wp-json\/wp\/v2\/pays?post=211206"}],"curies":[{"name":"wp","href":"https:\/\/api.w.org\/{rel}","templated":true}]}}