{"id":222641,"date":"2026-09-01T00:00:00","date_gmt":"2026-08-31T22:00:00","guid":{"rendered":"https:\/\/www.asd-int.com\/?post_type=mini_blog&#038;p=222641"},"modified":"2026-08-10T13:46:11","modified_gmt":"2026-08-10T11:46:11","slug":"francia-el-e-reporting-entra-en-vigor-para-las-grandes-y-medianas-empresas-extranjeras-sujetas-al-iva","status":"publish","type":"mini_blog","link":"https:\/\/www.asd-int.com\/es\/francia-el-e-reporting-entra-en-vigor-para-las-grandes-y-medianas-empresas-extranjeras-sujetas-al-iva\/","title":{"rendered":"Francia: el e-reporting entra en vigor para las grandes y medianas empresas extranjeras sujetas al IVA"},"content":{"rendered":"\n<p class=\"wp-block-paragraph\"><strong>Hoy, 1 de septiembre de 2026, <a href=\"https:\/\/www.asd-int.com\/es\/francia-como-funciona-el-e-reporting-2026-para-las-empresas-extranjeras-sujetas-al-iva\/\">la obligaci\u00f3n de e-reporting entra en vigor en Francia<\/a> para las grandes empresas (GE) y empresas de tama\u00f1o intermedio (ETI)<\/strong> <strong>extranjeras inscritas a efectos del IVA en Francia<\/strong>.<br><br>Est\u00e1n afectadas siempre que realicen determinadas operaciones gravadas en el territorio franc\u00e9s.<\/p>\n\n\n\n<p class=\"wp-block-paragraph\">El e-reporting impone la <strong>transmisi\u00f3n electr\u00f3nica de datos relativos a las transacciones y, en determinados casos, a los pagos<\/strong> a la administraci\u00f3n fiscal francesa. Las empresas afectadas deben realizar estas transmisiones a trav\u00e9s de una <strong>plataforma autorizada (PA)<\/strong>.<\/p>\n\n\n\n<p class=\"wp-block-paragraph\">Esta nueva obligaci\u00f3n constituye una etapa importante de la reforma francesa de la facturaci\u00f3n electr\u00f3nica y refuerza las obligaciones de cumplimiento del IVA de las empresas extranjeras que operan en Francia.<\/p>\n\n\n\n<p class=\"wp-block-paragraph\"><strong>ASD Group acompa\u00f1a a las sociedades no residentes en la identificaci\u00f3n de sus obligaciones y en la gesti\u00f3n operativa de su e-reporting<\/strong>, desde la recogida de los datos hasta su transmisi\u00f3n.<\/p>\n\n\n\n<div class=\"wp-block-essential-blocks-call-to-action  root-eb-call-to-action-vp78u\"><div class=\"eb-parent-wrapper eb-parent-eb-call-to-action-vp78u \"><div class=\"eb-cia-wrapper eb-call-to-action-vp78u\" data-icon=\"dashicons-warning\"><div class=\"eb-cia-text-wrapper\"><span class=\"dashicon dashicons dashicons-warning eb-cia-icon\"><\/span><h3 class=\"eb-cia-title\">\u00a1Tu e-reporting debe estar operativo desde hoy!<\/h3><p class=\"eb-cia-description\">Datos a transmitir, plazos, plataforma autorizada\u2026 <strong><strong>ASD Group se encarga de tu e-reporting en Francia.<\/strong><\/strong><\/p><\/div><div class=\"eb-cia-button-wrapper\"><a href=\"https:\/\/www.asd-int.com\/es\/e-reporting-en-francia\/\" target=\"_self\" rel=\"noopener\"><div class=\"eb-cia-button is-large\"><strong>Asegura tu e-reporting ><\/strong><\/div><\/a><\/div><\/div><\/div><\/div>\n","protected":false},"excerpt":{"rendered":"<p>Hoy, 1 de septiembre de 2026, la obligaci\u00f3n de e-reporting entra en vigor en Francia para las grandes empresas (GE) y empresas de tama\u00f1o intermedio&#8230;<\/p>\n","protected":false},"author":36,"featured_media":222640,"menu_order":0,"template":"","format":"standard","meta":{"_eb_attr":"","_lmt_disableupdate":"","_lmt_disable":"","footnotes":""},"categories":[3678,3346],"tags":[5188,3482,4714],"pays":[1177],"class_list":["post-222641","mini_blog","type-mini_blog","status-publish","format-standard","has-post-thumbnail","hentry","category-fiscal-es","category-tva","tag-e-reporting","tag-iva-es","tag-obligaciones-fiscales","pays-france-es"],"yoast_head":"<!-- This site is optimized with the Yoast SEO plugin v28.3 - https:\/\/yoast.com\/product\/yoast-seo-wordpress\/ -->\n<title>El e-reporting entra en vigor el 1 de septiembre de 2026 en Francia | ASD<\/title>\n<meta name=\"description\" content=\"El e-reporting entra en vigor hoy para las grandes empresas y empresas de tama\u00f1o intermediario. Las sociedades extranjeras sujetas al IVA est\u00e1n afectadas.\" \/>\n<meta name=\"robots\" content=\"index, follow, max-snippet:-1, max-image-preview:large, max-video-preview:-1\" \/>\n<link rel=\"canonical\" href=\"https:\/\/www.asd-int.com\/es\/francia-el-e-reporting-entra-en-vigor-para-las-grandes-y-medianas-empresas-extranjeras-sujetas-al-iva\/\" \/>\n<meta property=\"og:locale\" content=\"es_ES\" \/>\n<meta property=\"og:type\" content=\"article\" \/>\n<meta property=\"og:title\" content=\"El e-reporting entra en vigor el 1 de septiembre de 2026 en Francia | ASD\" \/>\n<meta property=\"og:description\" content=\"El e-reporting entra en vigor hoy para las grandes empresas y empresas de tama\u00f1o intermediario. Las sociedades extranjeras sujetas al IVA est\u00e1n afectadas.\" \/>\n<meta property=\"og:url\" content=\"https:\/\/www.asd-int.com\/es\/francia-el-e-reporting-entra-en-vigor-para-las-grandes-y-medianas-empresas-extranjeras-sujetas-al-iva\/\" \/>\n<meta property=\"og:site_name\" content=\"ASD\" \/>\n<meta property=\"og:image\" content=\"https:\/\/www.asd-int.com\/wp-content\/uploads\/2026\/09\/e-reporting-france-2026.jpg\" \/>\n\t<meta property=\"og:image:width\" content=\"1440\" \/>\n\t<meta property=\"og:image:height\" content=\"796\" \/>\n\t<meta property=\"og:image:type\" content=\"image\/jpeg\" \/>\n<meta name=\"twitter:card\" content=\"summary_large_image\" \/>\n<meta name=\"twitter:label1\" content=\"Tiempo de lectura\" \/>\n\t<meta name=\"twitter:data1\" content=\"2 minutos\" \/>\n<script type=\"application\/ld+json\" class=\"yoast-schema-graph\">{\"@context\":\"https:\\\/\\\/schema.org\",\"@graph\":[{\"@type\":\"WebPage\",\"@id\":\"https:\\\/\\\/www.asd-int.com\\\/es\\\/francia-el-e-reporting-entra-en-vigor-para-las-grandes-y-medianas-empresas-extranjeras-sujetas-al-iva\\\/\",\"url\":\"https:\\\/\\\/www.asd-int.com\\\/es\\\/francia-el-e-reporting-entra-en-vigor-para-las-grandes-y-medianas-empresas-extranjeras-sujetas-al-iva\\\/\",\"name\":\"El e-reporting entra en vigor el 1 de septiembre de 2026 en Francia | ASD\",\"isPartOf\":{\"@id\":\"https:\\\/\\\/www.asd-int.com\\\/es\\\/#website\"},\"primaryImageOfPage\":{\"@id\":\"https:\\\/\\\/www.asd-int.com\\\/es\\\/francia-el-e-reporting-entra-en-vigor-para-las-grandes-y-medianas-empresas-extranjeras-sujetas-al-iva\\\/#primaryimage\"},\"image\":{\"@id\":\"https:\\\/\\\/www.asd-int.com\\\/es\\\/francia-el-e-reporting-entra-en-vigor-para-las-grandes-y-medianas-empresas-extranjeras-sujetas-al-iva\\\/#primaryimage\"},\"thumbnailUrl\":\"https:\\\/\\\/www.asd-int.com\\\/wp-content\\\/uploads\\\/2026\\\/09\\\/e-reporting-france-2026.jpg\",\"datePublished\":\"2026-08-31T22:00:00+00:00\",\"description\":\"El e-reporting entra en vigor hoy para las grandes empresas y empresas de tama\u00f1o intermediario. Las sociedades extranjeras sujetas al IVA est\u00e1n afectadas.\",\"breadcrumb\":{\"@id\":\"https:\\\/\\\/www.asd-int.com\\\/es\\\/francia-el-e-reporting-entra-en-vigor-para-las-grandes-y-medianas-empresas-extranjeras-sujetas-al-iva\\\/#breadcrumb\"},\"inLanguage\":\"es\",\"potentialAction\":[{\"@type\":\"ReadAction\",\"target\":[\"https:\\\/\\\/www.asd-int.com\\\/es\\\/francia-el-e-reporting-entra-en-vigor-para-las-grandes-y-medianas-empresas-extranjeras-sujetas-al-iva\\\/\"]}]},{\"@type\":\"ImageObject\",\"inLanguage\":\"es\",\"@id\":\"https:\\\/\\\/www.asd-int.com\\\/es\\\/francia-el-e-reporting-entra-en-vigor-para-las-grandes-y-medianas-empresas-extranjeras-sujetas-al-iva\\\/#primaryimage\",\"url\":\"https:\\\/\\\/www.asd-int.com\\\/wp-content\\\/uploads\\\/2026\\\/09\\\/e-reporting-france-2026.jpg\",\"contentUrl\":\"https:\\\/\\\/www.asd-int.com\\\/wp-content\\\/uploads\\\/2026\\\/09\\\/e-reporting-france-2026.jpg\",\"width\":1440,\"height\":796,\"caption\":\"Francia: el e-reporting entra en vigor para las grandes empresas y ETI extranjeras sujetas al IVA\"},{\"@type\":\"BreadcrumbList\",\"@id\":\"https:\\\/\\\/www.asd-int.com\\\/es\\\/francia-el-e-reporting-entra-en-vigor-para-las-grandes-y-medianas-empresas-extranjeras-sujetas-al-iva\\\/#breadcrumb\",\"itemListElement\":[{\"@type\":\"ListItem\",\"position\":1,\"name\":\"ASD Group\",\"item\":\"https:\\\/\\\/www.asd-int.com\\\/es\\\/\"},{\"@type\":\"ListItem\",\"position\":2,\"name\":\"E-reporting Francia 2026\"}]},{\"@type\":\"WebSite\",\"@id\":\"https:\\\/\\\/www.asd-int.com\\\/es\\\/#website\",\"url\":\"https:\\\/\\\/www.asd-int.com\\\/es\\\/\",\"name\":\"ASD\",\"description\":\"Simplifique su desarrollo internacional\",\"publisher\":{\"@id\":\"https:\\\/\\\/www.asd-int.com\\\/es\\\/#organization\"},\"potentialAction\":[{\"@type\":\"SearchAction\",\"target\":{\"@type\":\"EntryPoint\",\"urlTemplate\":\"https:\\\/\\\/www.asd-int.com\\\/es\\\/?s={search_term_string}\"},\"query-input\":{\"@type\":\"PropertyValueSpecification\",\"valueRequired\":true,\"valueName\":\"search_term_string\"}}],\"inLanguage\":\"es\"},{\"@type\":\"Organization\",\"@id\":\"https:\\\/\\\/www.asd-int.com\\\/es\\\/#organization\",\"name\":\"ASD Group\",\"url\":\"https:\\\/\\\/www.asd-int.com\\\/es\\\/\",\"logo\":{\"@type\":\"ImageObject\",\"inLanguage\":\"es\",\"@id\":\"https:\\\/\\\/www.asd-int.com\\\/es\\\/#\\\/schema\\\/logo\\\/image\\\/\",\"url\":\"https:\\\/\\\/www.asd-int.com\\\/wp-content\\\/uploads\\\/2020\\\/07\\\/Logo-ASD_noir.png\",\"contentUrl\":\"https:\\\/\\\/www.asd-int.com\\\/wp-content\\\/uploads\\\/2020\\\/07\\\/Logo-ASD_noir.png\",\"width\":1054,\"height\":714,\"caption\":\"ASD Group\"},\"image\":{\"@id\":\"https:\\\/\\\/www.asd-int.com\\\/es\\\/#\\\/schema\\\/logo\\\/image\\\/\"}}]}<\/script>\n<!-- \/ Yoast SEO plugin. -->","yoast_head_json":{"title":"El e-reporting entra en vigor el 1 de septiembre de 2026 en Francia | ASD","description":"El e-reporting entra en vigor hoy para las grandes empresas y empresas de tama\u00f1o intermediario. Las sociedades extranjeras sujetas al IVA est\u00e1n afectadas.","robots":{"index":"index","follow":"follow","max-snippet":"max-snippet:-1","max-image-preview":"max-image-preview:large","max-video-preview":"max-video-preview:-1"},"canonical":"https:\/\/www.asd-int.com\/es\/francia-el-e-reporting-entra-en-vigor-para-las-grandes-y-medianas-empresas-extranjeras-sujetas-al-iva\/","og_locale":"es_ES","og_type":"article","og_title":"El e-reporting entra en vigor el 1 de septiembre de 2026 en Francia | ASD","og_description":"El e-reporting entra en vigor hoy para las grandes empresas y empresas de tama\u00f1o intermediario. Las sociedades extranjeras sujetas al IVA est\u00e1n afectadas.","og_url":"https:\/\/www.asd-int.com\/es\/francia-el-e-reporting-entra-en-vigor-para-las-grandes-y-medianas-empresas-extranjeras-sujetas-al-iva\/","og_site_name":"ASD","og_image":[{"width":1440,"height":796,"url":"https:\/\/www.asd-int.com\/wp-content\/uploads\/2026\/09\/e-reporting-france-2026.jpg","type":"image\/jpeg"}],"twitter_card":"summary_large_image","twitter_misc":{"Tiempo de lectura":"2 minutos"},"schema":{"@context":"https:\/\/schema.org","@graph":[{"@type":"WebPage","@id":"https:\/\/www.asd-int.com\/es\/francia-el-e-reporting-entra-en-vigor-para-las-grandes-y-medianas-empresas-extranjeras-sujetas-al-iva\/","url":"https:\/\/www.asd-int.com\/es\/francia-el-e-reporting-entra-en-vigor-para-las-grandes-y-medianas-empresas-extranjeras-sujetas-al-iva\/","name":"El e-reporting entra en vigor el 1 de septiembre de 2026 en Francia | ASD","isPartOf":{"@id":"https:\/\/www.asd-int.com\/es\/#website"},"primaryImageOfPage":{"@id":"https:\/\/www.asd-int.com\/es\/francia-el-e-reporting-entra-en-vigor-para-las-grandes-y-medianas-empresas-extranjeras-sujetas-al-iva\/#primaryimage"},"image":{"@id":"https:\/\/www.asd-int.com\/es\/francia-el-e-reporting-entra-en-vigor-para-las-grandes-y-medianas-empresas-extranjeras-sujetas-al-iva\/#primaryimage"},"thumbnailUrl":"https:\/\/www.asd-int.com\/wp-content\/uploads\/2026\/09\/e-reporting-france-2026.jpg","datePublished":"2026-08-31T22:00:00+00:00","description":"El e-reporting entra en vigor hoy para las grandes empresas y empresas de tama\u00f1o intermediario. Las sociedades extranjeras sujetas al IVA est\u00e1n afectadas.","breadcrumb":{"@id":"https:\/\/www.asd-int.com\/es\/francia-el-e-reporting-entra-en-vigor-para-las-grandes-y-medianas-empresas-extranjeras-sujetas-al-iva\/#breadcrumb"},"inLanguage":"es","potentialAction":[{"@type":"ReadAction","target":["https:\/\/www.asd-int.com\/es\/francia-el-e-reporting-entra-en-vigor-para-las-grandes-y-medianas-empresas-extranjeras-sujetas-al-iva\/"]}]},{"@type":"ImageObject","inLanguage":"es","@id":"https:\/\/www.asd-int.com\/es\/francia-el-e-reporting-entra-en-vigor-para-las-grandes-y-medianas-empresas-extranjeras-sujetas-al-iva\/#primaryimage","url":"https:\/\/www.asd-int.com\/wp-content\/uploads\/2026\/09\/e-reporting-france-2026.jpg","contentUrl":"https:\/\/www.asd-int.com\/wp-content\/uploads\/2026\/09\/e-reporting-france-2026.jpg","width":1440,"height":796,"caption":"Francia: el e-reporting entra en vigor para las grandes empresas y ETI extranjeras sujetas al IVA"},{"@type":"BreadcrumbList","@id":"https:\/\/www.asd-int.com\/es\/francia-el-e-reporting-entra-en-vigor-para-las-grandes-y-medianas-empresas-extranjeras-sujetas-al-iva\/#breadcrumb","itemListElement":[{"@type":"ListItem","position":1,"name":"ASD Group","item":"https:\/\/www.asd-int.com\/es\/"},{"@type":"ListItem","position":2,"name":"E-reporting Francia 2026"}]},{"@type":"WebSite","@id":"https:\/\/www.asd-int.com\/es\/#website","url":"https:\/\/www.asd-int.com\/es\/","name":"ASD","description":"Simplifique su desarrollo internacional","publisher":{"@id":"https:\/\/www.asd-int.com\/es\/#organization"},"potentialAction":[{"@type":"SearchAction","target":{"@type":"EntryPoint","urlTemplate":"https:\/\/www.asd-int.com\/es\/?s={search_term_string}"},"query-input":{"@type":"PropertyValueSpecification","valueRequired":true,"valueName":"search_term_string"}}],"inLanguage":"es"},{"@type":"Organization","@id":"https:\/\/www.asd-int.com\/es\/#organization","name":"ASD Group","url":"https:\/\/www.asd-int.com\/es\/","logo":{"@type":"ImageObject","inLanguage":"es","@id":"https:\/\/www.asd-int.com\/es\/#\/schema\/logo\/image\/","url":"https:\/\/www.asd-int.com\/wp-content\/uploads\/2020\/07\/Logo-ASD_noir.png","contentUrl":"https:\/\/www.asd-int.com\/wp-content\/uploads\/2020\/07\/Logo-ASD_noir.png","width":1054,"height":714,"caption":"ASD Group"},"image":{"@id":"https:\/\/www.asd-int.com\/es\/#\/schema\/logo\/image\/"}}]}},"_links":{"self":[{"href":"https:\/\/www.asd-int.com\/es\/wp-json\/wp\/v2\/mini_blog\/222641","targetHints":{"allow":["GET"]}}],"collection":[{"href":"https:\/\/www.asd-int.com\/es\/wp-json\/wp\/v2\/mini_blog"}],"about":[{"href":"https:\/\/www.asd-int.com\/es\/wp-json\/wp\/v2\/types\/mini_blog"}],"author":[{"embeddable":true,"href":"https:\/\/www.asd-int.com\/es\/wp-json\/wp\/v2\/users\/36"}],"version-history":[{"count":7,"href":"https:\/\/www.asd-int.com\/es\/wp-json\/wp\/v2\/mini_blog\/222641\/revisions"}],"predecessor-version":[{"id":222729,"href":"https:\/\/www.asd-int.com\/es\/wp-json\/wp\/v2\/mini_blog\/222641\/revisions\/222729"}],"wp:featuredmedia":[{"embeddable":true,"href":"https:\/\/www.asd-int.com\/es\/wp-json\/wp\/v2\/media\/222640"}],"wp:attachment":[{"href":"https:\/\/www.asd-int.com\/es\/wp-json\/wp\/v2\/media?parent=222641"}],"wp:term":[{"taxonomy":"category","embeddable":true,"href":"https:\/\/www.asd-int.com\/es\/wp-json\/wp\/v2\/categories?post=222641"},{"taxonomy":"post_tag","embeddable":true,"href":"https:\/\/www.asd-int.com\/es\/wp-json\/wp\/v2\/tags?post=222641"},{"taxonomy":"pays","embeddable":true,"href":"https:\/\/www.asd-int.com\/es\/wp-json\/wp\/v2\/pays?post=222641"}],"curies":[{"name":"wp","href":"https:\/\/api.w.org\/{rel}","templated":true}]}}