{"id":162233,"date":"2023-02-16T10:24:50","date_gmt":"2023-02-16T09:24:50","guid":{"rendered":"https:\/\/www.asd-int.com\/como-ha-cambiado-espana-con-el-nuevo-impuesto-sobre-envases-de-plastico-no-reciclables\/"},"modified":"2023-04-24T14:50:39","modified_gmt":"2023-04-24T12:50:39","slug":"como-ha-cambiado-espana-con-el-nuevo-impuesto-sobre-envases-de-plastico-no-reciclables","status":"publish","type":"post","link":"https:\/\/www.asd-int.com\/es\/como-ha-cambiado-espana-con-el-nuevo-impuesto-sobre-envases-de-plastico-no-reciclables\/","title":{"rendered":"\u00bfC\u00f3mo ha cambiado Espa\u00f1a con el nuevo impuesto sobre envases de pl\u00e1stico no reciclables?"},"content":{"rendered":"\n<p>Descubramos c\u00f3mo esta medida fiscal est\u00e1 cambiando el panorama econ\u00f3mico espa\u00f1ol.<\/p>\n\n<!--more-->\n\n<p>Con el nuevo impuesto sobre los envases de pl\u00e1stico no rellenables que se aplica en Espa\u00f1a desde el 1 de enero de 2023, muchos espa\u00f1oles se preguntan qu\u00e9 impacto tendr\u00e1 en todos los sectores. Una cosa es cierta: este nuevo impuesto se\u00f1ala un cambio importante, como si la rueda girara hacia una econom\u00eda m\u00e1s sostenible.<\/p>\n\n<p>Descubramos en este blog <strong>c\u00f3mo esta medida fiscal est\u00e1 cambiando el panorama econ\u00f3mico espa\u00f1ol<\/strong>.<\/p>\n\n<h2 class=\"wp-block-heading\">\u00bfEn qu\u00e9 consiste el nuevo impuesto sobre envases de pl\u00e1stico no retornables?<\/h2>\n\n<p>La nueva ley espa\u00f1ola sobre residuos y econom\u00eda circular prev\u00e9 la introducci\u00f3n de un nuevo impuesto sobre los envases de pl\u00e1stico no reutilizables a partir del 1 de enero de 2023. <strong>Esta medida se aplicar\u00e1 a todas las cajas, envases, botellas y bolsas de pl\u00e1stico no reutilizables que entren en el mercado espa\u00f1ol<\/strong> e ir\u00e1 acompa\u00f1ada de una tasa de 0,45 \u20ac por kilo de pl\u00e1stico.<\/p>\n\n<h3 class=\"wp-block-heading\">\u00bfQu\u00e9 productos est\u00e1n afectados?<\/h3>\n\n<figure class=\"wp-block-image size-large\"><img fetchpriority=\"high\" decoding=\"async\" width=\"1024\" height=\"683\" src=\"https:\/\/www.asd-int.com\/wp-content\/uploads\/2023\/02\/comment-la-nouvelle-taxe-sur-les-emballages-en-plastique-non-reutilisable-a-t-elle-change-lespagne-1024x683.jpg\" alt=\"\" class=\"wp-image-161999\" srcset=\"https:\/\/www.asd-int.com\/wp-content\/uploads\/2023\/02\/comment-la-nouvelle-taxe-sur-les-emballages-en-plastique-non-reutilisable-a-t-elle-change-lespagne-1024x683.jpg 1024w, https:\/\/www.asd-int.com\/wp-content\/uploads\/2023\/02\/comment-la-nouvelle-taxe-sur-les-emballages-en-plastique-non-reutilisable-a-t-elle-change-lespagne-300x200.jpg 300w, https:\/\/www.asd-int.com\/wp-content\/uploads\/2023\/02\/comment-la-nouvelle-taxe-sur-les-emballages-en-plastique-non-reutilisable-a-t-elle-change-lespagne-768x512.jpg 768w, https:\/\/www.asd-int.com\/wp-content\/uploads\/2023\/02\/comment-la-nouvelle-taxe-sur-les-emballages-en-plastique-non-reutilisable-a-t-elle-change-lespagne-1200x800.jpg 1200w, https:\/\/www.asd-int.com\/wp-content\/uploads\/2023\/02\/comment-la-nouvelle-taxe-sur-les-emballages-en-plastique-non-reutilisable-a-t-elle-change-lespagne.jpg 1440w\" sizes=\"(max-width: 1024px) 100vw, 1024px\" \/><figcaption class=\"wp-element-caption\"><strong>Esta medida se aplicar\u00e1 a todas las cajas, envases, botellas y bolsas de pl\u00e1stico no reciclables que entren en el mercado espa\u00f1ol.<\/strong><\/figcaption><\/figure>\n\n<p><strong>Este impuesto afectar\u00e1 especialmente a los sectores de la alimentaci\u00f3n y otros bienes de consumo<\/strong>, as\u00ed como a los de la hosteler\u00eda, el textil, los bienes tecnol\u00f3gicos y la ferreter\u00eda.<\/p>\n\n<h3 class=\"wp-block-heading\">\u00bfA cu\u00e1nto asciende el impuesto?<\/h3>\n\n<p>Como ya se ha dicho, este nuevo impuesto ser\u00e1 de 0,45 euros por kilo de pl\u00e1stico para los productos cuyos envases se vean afectados por \u00e9l.<\/p>\n\n<h2 class=\"wp-block-heading\">\u00bfCu\u00e1les son las repercusiones de este nuevo impuesto?<\/h2>\n\n<p>La imposici\u00f3n adicional a los operadores que fabrican o adquieren envases de pl\u00e1stico repercutir\u00e1 directamente en el precio de los alimentos y otros productos afectados por esta medida. Adem\u00e1s, tambi\u00e9n <strong>supondr\u00e1 cambios para las empresas afectadas<\/strong> por su aplicaci\u00f3n.<\/p>\n\n<blockquote class=\"wp-block-quote is-layout-flow wp-block-quote-is-layout-flow\">\n<p>M\u00e1s informaci\u00f3n sobre el mismo tema <\/p>\n<cite><a href=\"https:\/\/www.asd-int.com\/espagne-nouvelle-taxe-sur-les-emballages-plastiques-non-reutilisables\/\"><a href=\"https:\/\/www.asd-int.com\/es\/espana-nuevo-impuesto-sobre-los-envases-de-plastico-no-retornables\/\">Espa\u00f1a: nuevo impuesto sobre los envases de pl\u00e1stico no rellenables<\/a><\/a><\/cite><\/blockquote>\n\n<h3 class=\"wp-block-heading\">\u00bfCu\u00e1les son las repercusiones para los consumidores?<\/h3>\n\n<p><strong>Para los consumidores, el aumento de precios provocado por esta nueva medida afectar\u00e1 a su presupuesto y a su poder adquisitivo.<\/strong> Adem\u00e1s, algunas compras pueden llevarles a comprar menos o a buscar alternativas m\u00e1s baratas con el fin de garantizar un mayor poder adquisitivo para todos en Espa\u00f1a.<\/p>\n\n<h3 class=\"wp-block-heading\">\u00bfCu\u00e1les son las repercusiones para las empresas?<\/h3>\n\n<p><strong>Las empresas tendr\u00e1n que revisar sus estrategias comerciales y de marketing<\/strong> para limitar el impacto financiero de la fiscalidad adicional impuesta a sus productos alimenticios y otros art\u00edculos cubiertos por la nueva ley. Adem\u00e1s, los costes adicionales repercutir\u00e1n significativamente en sus beneficios financieros y deber\u00e1n tenerse en cuenta en sus cuentas para ajustar el precio de los productos vendidos.<\/p>\n\n<h2 class=\"wp-block-heading\">\u00bfC\u00f3mo pueden adaptarse las empresas a este nuevo impuesto?<\/h2>\n\n<p>Las empresas tendr\u00e1n que tomar medidas y adaptar sus procesos para <strong>reducir el impacto financiero directo del impuesto en su negocio<\/strong>.<\/p>\n\n<h3 class=\"wp-block-heading\">\u00bfCu\u00e1les son las formas de reducir el impacto del impuesto?<\/h3>\n\n<p>Una de las principales soluciones es <strong>utilizar menos envases de pl\u00e1stico no reutilizables y pasarse a productos m\u00e1s sostenibles<\/strong>, como el vidrio, la madera u otros envases biodegradables. Las empresas tambi\u00e9n pueden ofrecer a sus clientes programas de reciclaje para animarles a reutilizar varias veces los envases. Adem\u00e1s, es importante que revisen a fondo su cadena de suministro, ya que este impuesto tendr\u00e1 un impacto significativo en la gesti\u00f3n y el transporte de mercanc\u00edas.<\/p>\n\n<h3 class=\"wp-block-heading\">\u00bfQu\u00e9 medidas deben tomarse para adaptarse a este nuevo impuesto?<\/h3>\n\n<figure class=\"wp-block-image size-large\"><img decoding=\"async\" width=\"1024\" height=\"647\" src=\"https:\/\/www.asd-int.com\/wp-content\/uploads\/2023\/02\/espagne-reduire-impact-emballages-en-plastique-non-reutilisable-1024x647.jpg\" alt=\"\" class=\"wp-image-162014\" srcset=\"https:\/\/www.asd-int.com\/wp-content\/uploads\/2023\/02\/espagne-reduire-impact-emballages-en-plastique-non-reutilisable-1024x647.jpg 1024w, https:\/\/www.asd-int.com\/wp-content\/uploads\/2023\/02\/espagne-reduire-impact-emballages-en-plastique-non-reutilisable-300x190.jpg 300w, https:\/\/www.asd-int.com\/wp-content\/uploads\/2023\/02\/espagne-reduire-impact-emballages-en-plastique-non-reutilisable-768x485.jpg 768w, https:\/\/www.asd-int.com\/wp-content\/uploads\/2023\/02\/espagne-reduire-impact-emballages-en-plastique-non-reutilisable-1200x758.jpg 1200w, https:\/\/www.asd-int.com\/wp-content\/uploads\/2023\/02\/espagne-reduire-impact-emballages-en-plastique-non-reutilisable.jpg 1440w\" sizes=\"(max-width: 1024px) 100vw, 1024px\" \/><figcaption class=\"wp-element-caption\"><strong>Minimizar el coste adicional de los impuestos adicionales<\/strong> reducir\u00e1 el impacto del pl\u00e1stico en los oc\u00e9anos.<\/figcaption><\/figure>\n\n<p>Las empresas deben aplicar una estrategia que incluya la revisi\u00f3n, optimizaci\u00f3n y elecci\u00f3n del envase adecuado que acompa\u00f1e a sus productos y servicios para <strong>minimizar el coste adicional de la fiscalidad extra<\/strong>. Tambi\u00e9n tendr\u00e1n que considerar el impacto del cambio en los consumidores y posicionarse claramente al respecto para que puedan beneficiarse de un producto sostenible y respetuoso con el medio ambiente.<\/p>\n\n<h2 class=\"wp-block-heading\">\u00bfCu\u00e1les son las ventajas y los inconvenientes de este nuevo impuesto?<\/h2>\n\n<p>Aunque esta medida pretende <strong>limitar el uso excesivo de envases de pl\u00e1stico no reutilizables<\/strong> y fomentar la utilizaci\u00f3n de productos sostenibles, tambi\u00e9n presenta una serie de ventajas e inconvenientes para los consumidores y las empresas afectadas.<\/p>\n\n<h3 class=\"wp-block-heading\">\u00bfCu\u00e1les son los beneficios medioambientales?<\/h3>\n\n<p>La primera y m\u00e1s importante raz\u00f3n es la protecci\u00f3n de nuestro planeta: menos consumo de pl\u00e1stico no reutilizable significa menos contaminaci\u00f3n marina, menos residuos generados, menos animales muertos o heridos por el pl\u00e1stico y una mejor calidad ecol\u00f3gica general. La promesa de una <strong>mejor protecci\u00f3n de nuestro medio ambiente<\/strong> puede cumplirse si la ley se aplica correctamente.<\/p>\n\n<h3 class=\"wp-block-heading\">\u00bfCu\u00e1les son las desventajas para los consumidores y las empresas?<\/h3>\n\n<p>Lamentablemente, como ya se ha mencionado, el precio de los productos afectados por esta medida aumentar\u00e1. Otra consecuencia negativa es que las empresas tendr\u00e1n que adaptarse a la aplicaci\u00f3n de la ley y realizar inversiones adicionales para cumplir las obligaciones que impone.<\/p>\n\n<h2 class=\"wp-block-heading\">\u00bfCu\u00e1l es la posici\u00f3n de Espa\u00f1a ante este nuevo impuesto?<\/h2>\n\n<p>En Espa\u00f1a existe un consenso general sobre la <strong>necesidad de reducir el consumo excesivo de envases de pl\u00e1stico no reutilizables<\/strong> y pasar a un uso m\u00e1s sostenible y respetuoso con el medio ambiente. La fiscalidad adicional animar\u00e1 y deber\u00eda animar a las empresas a adoptar soluciones sostenibles para limitar su impacto medioambiental y econ\u00f3mico.<\/p>\n\n<h3 class=\"wp-block-heading\">\u00bfCu\u00e1l es la posici\u00f3n de otros pa\u00edses europeos?<\/h3>\n\n<p>Los Estados miembros de la UE han puesto en marcha una iniciativa conjunta para reducir significativamente el uso de envases de pl\u00e1stico no recargables en Europa. Varios pa\u00edses han introducido o se espera que introduzcan un <strong>impuesto espec\u00edfico sobre los productos que contienen pl\u00e1stico<\/strong> que anime a las empresas fabricantes y comercializadoras a adoptar pr\u00e1cticas m\u00e1s responsables. Sin embargo, cada pa\u00eds tiene su propia pol\u00edtica fiscal y su propia estrategia para aplicar estas medidas.<\/p>\n\n<h3 class=\"wp-block-heading\">\u00bfCu\u00e1l es la posici\u00f3n de las organizaciones internacionales?<\/h3>\n\n<p>Varios organismos internacionales como las Naciones Unidas (ONU), la Organizaci\u00f3n Mundial del Comercio (OMC) y la Agencia Europea de Medio Ambiente (AEMA) <strong>respaldan esta iniciativa para proteger nuestro entorno<\/strong>. El objetivo \u00faltimo es promover una mejor gesti\u00f3n de los recursos naturales, un crecimiento sostenible e integrador y una reducci\u00f3n significativa de los residuos pl\u00e1sticos y los contaminantes relacionados con el pl\u00e1stico en todos los entornos marinos del mundo.<\/p>\n\n<p>Con la entrada en vigor en Espa\u00f1a del nuevo impuesto sobre los envases de pl\u00e1stico no rellenables el 1 de enero de 2023, es justo decir que esta medida no solo afectar\u00e1 a los consumidores, sino tambi\u00e9n a un amplio abanico de industrias. El recargo oscilar\u00e1 entre 0,45 euros\/kg para los productos afectados y tendr\u00e1 implicaciones mucho m\u00e1s amplias para todo el sistema comercial espa\u00f1ol. Tras analizar los puntos fuertes y d\u00e9biles de las repercusiones previsibles, est\u00e1 claro que ser\u00e1 necesaria una adaptaci\u00f3n constante para acomodar los cambios que se avecinan. Con este objetivo en mente, se espera que <strong>este nuevo impuesto permita a Espa\u00f1a dar un giro significativo hacia una pol\u00edtica econ\u00f3mica sostenible y responsable<\/strong>.<\/p>\n\n<p>ASD Group, especialista en fiscalidad internacional desde hace m\u00e1s de 20 a\u00f1os, especialmente en Espa\u00f1a, <strong>puede ayudarle en la gesti\u00f3n y tramitaci\u00f3n de este impuesto sobre pl\u00e1sticos no reciclables<\/strong>.&#13;\n&#13;\n\u00bfDesea saber m\u00e1s? <a href=\"https:\/\/www.asd-int.com\/es\/impuesto-sobre-envases-de-plastico-no-reciclables-en-espana\/\">Descubra nuestro servicio<\/a>.&#13;\n&#13;\n\u00a0<\/p>\n","protected":false},"excerpt":{"rendered":"<p>Descubramos c\u00f3mo esta medida fiscal est\u00e1 cambiando el panorama econ\u00f3mico espa\u00f1ol.<\/p>\n","protected":false},"author":36,"featured_media":161868,"comment_status":"closed","ping_status":"closed","sticky":false,"template":"","format":"standard","meta":{"_eb_attr":"","_lmt_disableupdate":"","_lmt_disable":"","footnotes":""},"categories":[4102],"tags":[4371],"pays":[1174],"class_list":["post-162233","post","type-post","status-publish","format-standard","has-post-thumbnail","hentry","category-tasas-internacionales","tag-impuesto-sobre-los-envases-de-plastico-no-reciclables","pays-espagne-es"],"yoast_head":"<!-- This site is optimized with the Yoast SEO plugin v27.4 - https:\/\/yoast.com\/product\/yoast-seo-wordpress\/ -->\n<title>Espa\u00f1a: nuevo impuesto sobre los envases de pl\u00e1stico no reutilizables | ASD Group<\/title>\n<meta name=\"description\" content=\"\u00bfSe aplica en toda Europa el nuevo impuesto espa\u00f1ol sobre envases y productos de pl\u00e1stico no recuperables?\" \/>\n<meta name=\"robots\" content=\"index, follow, max-snippet:-1, max-image-preview:large, max-video-preview:-1\" \/>\n<link rel=\"canonical\" href=\"https:\/\/www.asd-int.com\/es\/como-ha-cambiado-espana-con-el-nuevo-impuesto-sobre-envases-de-plastico-no-reciclables\/\" \/>\n<meta property=\"og:locale\" content=\"es_ES\" \/>\n<meta property=\"og:type\" content=\"article\" \/>\n<meta property=\"og:title\" content=\"Espa\u00f1a: nuevo impuesto sobre los envases de pl\u00e1stico no reutilizables | ASD Group\" \/>\n<meta property=\"og:description\" content=\"\u00bfSe aplica en toda Europa el nuevo impuesto espa\u00f1ol sobre envases y productos de pl\u00e1stico no recuperables?\" \/>\n<meta property=\"og:url\" content=\"https:\/\/www.asd-int.com\/es\/como-ha-cambiado-espana-con-el-nuevo-impuesto-sobre-envases-de-plastico-no-reciclables\/\" \/>\n<meta property=\"og:site_name\" content=\"ASD\" \/>\n<meta property=\"article:published_time\" content=\"2023-02-16T09:24:50+00:00\" \/>\n<meta property=\"article:modified_time\" content=\"2023-04-24T12:50:39+00:00\" \/>\n<meta property=\"og:image\" content=\"https:\/\/www.asd-int.com\/wp-content\/uploads\/2023\/02\/taxe-sur-les-emballages-plastiques-non-reutilisables-en-espagne.jpg\" \/>\n\t<meta property=\"og:image:width\" content=\"1440\" \/>\n\t<meta property=\"og:image:height\" content=\"960\" \/>\n\t<meta property=\"og:image:type\" content=\"image\/jpeg\" \/>\n<meta name=\"author\" content=\"No\u00e9mie Almot\" \/>\n<meta name=\"twitter:card\" content=\"summary_large_image\" \/>\n<meta name=\"twitter:label1\" content=\"Escrito por\" \/>\n\t<meta name=\"twitter:data1\" content=\"No\u00e9mie Almot\" \/>\n\t<meta name=\"twitter:label2\" content=\"Tiempo de lectura\" \/>\n\t<meta name=\"twitter:data2\" content=\"6 minutos\" \/>\n<script type=\"application\/ld+json\" class=\"yoast-schema-graph\">{\"@context\":\"https:\\\/\\\/schema.org\",\"@graph\":[{\"@type\":\"Article\",\"@id\":\"https:\\\/\\\/www.asd-int.com\\\/es\\\/como-ha-cambiado-espana-con-el-nuevo-impuesto-sobre-envases-de-plastico-no-reciclables\\\/#article\",\"isPartOf\":{\"@id\":\"https:\\\/\\\/www.asd-int.com\\\/es\\\/como-ha-cambiado-espana-con-el-nuevo-impuesto-sobre-envases-de-plastico-no-reciclables\\\/\"},\"author\":{\"name\":\"No\u00e9mie Almot\",\"@id\":\"https:\\\/\\\/www.asd-int.com\\\/es\\\/#\\\/schema\\\/person\\\/ce2b34c81cda744c0b6ce91648ab367b\"},\"headline\":\"\u00bfC\u00f3mo ha cambiado Espa\u00f1a con el nuevo impuesto sobre envases de pl\u00e1stico no reciclables?\",\"datePublished\":\"2023-02-16T09:24:50+00:00\",\"dateModified\":\"2023-04-24T12:50:39+00:00\",\"mainEntityOfPage\":{\"@id\":\"https:\\\/\\\/www.asd-int.com\\\/es\\\/como-ha-cambiado-espana-con-el-nuevo-impuesto-sobre-envases-de-plastico-no-reciclables\\\/\"},\"wordCount\":1298,\"publisher\":{\"@id\":\"https:\\\/\\\/www.asd-int.com\\\/es\\\/#organization\"},\"image\":{\"@id\":\"https:\\\/\\\/www.asd-int.com\\\/es\\\/como-ha-cambiado-espana-con-el-nuevo-impuesto-sobre-envases-de-plastico-no-reciclables\\\/#primaryimage\"},\"thumbnailUrl\":\"https:\\\/\\\/www.asd-int.com\\\/wp-content\\\/uploads\\\/2023\\\/02\\\/taxe-sur-les-emballages-plastiques-non-reutilisables-en-espagne.jpg\",\"keywords\":[\"Impuesto sobre los envases de pl\u00e1stico no reciclables\"],\"articleSection\":[\"Impuestos internacionales\"],\"inLanguage\":\"es\"},{\"@type\":\"WebPage\",\"@id\":\"https:\\\/\\\/www.asd-int.com\\\/es\\\/como-ha-cambiado-espana-con-el-nuevo-impuesto-sobre-envases-de-plastico-no-reciclables\\\/\",\"url\":\"https:\\\/\\\/www.asd-int.com\\\/es\\\/como-ha-cambiado-espana-con-el-nuevo-impuesto-sobre-envases-de-plastico-no-reciclables\\\/\",\"name\":\"Espa\u00f1a: nuevo impuesto sobre los envases de pl\u00e1stico no reutilizables | ASD Group\",\"isPartOf\":{\"@id\":\"https:\\\/\\\/www.asd-int.com\\\/es\\\/#website\"},\"primaryImageOfPage\":{\"@id\":\"https:\\\/\\\/www.asd-int.com\\\/es\\\/como-ha-cambiado-espana-con-el-nuevo-impuesto-sobre-envases-de-plastico-no-reciclables\\\/#primaryimage\"},\"image\":{\"@id\":\"https:\\\/\\\/www.asd-int.com\\\/es\\\/como-ha-cambiado-espana-con-el-nuevo-impuesto-sobre-envases-de-plastico-no-reciclables\\\/#primaryimage\"},\"thumbnailUrl\":\"https:\\\/\\\/www.asd-int.com\\\/wp-content\\\/uploads\\\/2023\\\/02\\\/taxe-sur-les-emballages-plastiques-non-reutilisables-en-espagne.jpg\",\"datePublished\":\"2023-02-16T09:24:50+00:00\",\"dateModified\":\"2023-04-24T12:50:39+00:00\",\"description\":\"\u00bfSe aplica en toda Europa el nuevo impuesto espa\u00f1ol sobre envases y productos de pl\u00e1stico no recuperables?\",\"breadcrumb\":{\"@id\":\"https:\\\/\\\/www.asd-int.com\\\/es\\\/como-ha-cambiado-espana-con-el-nuevo-impuesto-sobre-envases-de-plastico-no-reciclables\\\/#breadcrumb\"},\"inLanguage\":\"es\",\"potentialAction\":[{\"@type\":\"ReadAction\",\"target\":[\"https:\\\/\\\/www.asd-int.com\\\/es\\\/como-ha-cambiado-espana-con-el-nuevo-impuesto-sobre-envases-de-plastico-no-reciclables\\\/\"]}]},{\"@type\":\"ImageObject\",\"inLanguage\":\"es\",\"@id\":\"https:\\\/\\\/www.asd-int.com\\\/es\\\/como-ha-cambiado-espana-con-el-nuevo-impuesto-sobre-envases-de-plastico-no-reciclables\\\/#primaryimage\",\"url\":\"https:\\\/\\\/www.asd-int.com\\\/wp-content\\\/uploads\\\/2023\\\/02\\\/taxe-sur-les-emballages-plastiques-non-reutilisables-en-espagne.jpg\",\"contentUrl\":\"https:\\\/\\\/www.asd-int.com\\\/wp-content\\\/uploads\\\/2023\\\/02\\\/taxe-sur-les-emballages-plastiques-non-reutilisables-en-espagne.jpg\",\"width\":1440,\"height\":960,\"caption\":\"Taxe sur les emballages plastiques non r\u00e9utilisables en Espagne\"},{\"@type\":\"BreadcrumbList\",\"@id\":\"https:\\\/\\\/www.asd-int.com\\\/es\\\/como-ha-cambiado-espana-con-el-nuevo-impuesto-sobre-envases-de-plastico-no-reciclables\\\/#breadcrumb\",\"itemListElement\":[{\"@type\":\"ListItem\",\"position\":1,\"name\":\"ASD Group\",\"item\":\"https:\\\/\\\/www.asd-int.com\\\/es\\\/\"},{\"@type\":\"ListItem\",\"position\":2,\"name\":\"Impuestos internacionales\",\"item\":\"https:\\\/\\\/www.asd-int.com\\\/es\\\/category\\\/tasas-internacionales\\\/\"},{\"@type\":\"ListItem\",\"position\":3,\"name\":\"Espa\u00f1a: nuevo impuesto sobre los envases de pl\u00e1stico no reutilizables\"}]},{\"@type\":\"WebSite\",\"@id\":\"https:\\\/\\\/www.asd-int.com\\\/es\\\/#website\",\"url\":\"https:\\\/\\\/www.asd-int.com\\\/es\\\/\",\"name\":\"ASD\",\"description\":\"Simplifique su desarrollo internacional\",\"publisher\":{\"@id\":\"https:\\\/\\\/www.asd-int.com\\\/es\\\/#organization\"},\"potentialAction\":[{\"@type\":\"SearchAction\",\"target\":{\"@type\":\"EntryPoint\",\"urlTemplate\":\"https:\\\/\\\/www.asd-int.com\\\/es\\\/?s={search_term_string}\"},\"query-input\":{\"@type\":\"PropertyValueSpecification\",\"valueRequired\":true,\"valueName\":\"search_term_string\"}}],\"inLanguage\":\"es\"},{\"@type\":\"Organization\",\"@id\":\"https:\\\/\\\/www.asd-int.com\\\/es\\\/#organization\",\"name\":\"ASD Group\",\"url\":\"https:\\\/\\\/www.asd-int.com\\\/es\\\/\",\"logo\":{\"@type\":\"ImageObject\",\"inLanguage\":\"es\",\"@id\":\"https:\\\/\\\/www.asd-int.com\\\/es\\\/#\\\/schema\\\/logo\\\/image\\\/\",\"url\":\"https:\\\/\\\/www.asd-int.com\\\/wp-content\\\/uploads\\\/2020\\\/07\\\/Logo-ASD_noir.png\",\"contentUrl\":\"https:\\\/\\\/www.asd-int.com\\\/wp-content\\\/uploads\\\/2020\\\/07\\\/Logo-ASD_noir.png\",\"width\":1054,\"height\":714,\"caption\":\"ASD Group\"},\"image\":{\"@id\":\"https:\\\/\\\/www.asd-int.com\\\/es\\\/#\\\/schema\\\/logo\\\/image\\\/\"}},{\"@type\":\"Person\",\"@id\":\"https:\\\/\\\/www.asd-int.com\\\/es\\\/#\\\/schema\\\/person\\\/ce2b34c81cda744c0b6ce91648ab367b\",\"name\":\"No\u00e9mie Almot\",\"url\":\"https:\\\/\\\/www.asd-int.com\\\/es\\\/author\\\/nalmot\\\/\"}]}<\/script>\n<!-- \/ Yoast SEO plugin. -->","yoast_head_json":{"title":"Espa\u00f1a: nuevo impuesto sobre los envases de pl\u00e1stico no reutilizables | ASD Group","description":"\u00bfSe aplica en toda Europa el nuevo impuesto espa\u00f1ol sobre envases y productos de pl\u00e1stico no recuperables?","robots":{"index":"index","follow":"follow","max-snippet":"max-snippet:-1","max-image-preview":"max-image-preview:large","max-video-preview":"max-video-preview:-1"},"canonical":"https:\/\/www.asd-int.com\/es\/como-ha-cambiado-espana-con-el-nuevo-impuesto-sobre-envases-de-plastico-no-reciclables\/","og_locale":"es_ES","og_type":"article","og_title":"Espa\u00f1a: nuevo impuesto sobre los envases de pl\u00e1stico no reutilizables | ASD Group","og_description":"\u00bfSe aplica en toda Europa el nuevo impuesto espa\u00f1ol sobre envases y productos de pl\u00e1stico no recuperables?","og_url":"https:\/\/www.asd-int.com\/es\/como-ha-cambiado-espana-con-el-nuevo-impuesto-sobre-envases-de-plastico-no-reciclables\/","og_site_name":"ASD","article_published_time":"2023-02-16T09:24:50+00:00","article_modified_time":"2023-04-24T12:50:39+00:00","og_image":[{"width":1440,"height":960,"url":"https:\/\/www.asd-int.com\/wp-content\/uploads\/2023\/02\/taxe-sur-les-emballages-plastiques-non-reutilisables-en-espagne.jpg","type":"image\/jpeg"}],"author":"No\u00e9mie Almot","twitter_card":"summary_large_image","twitter_misc":{"Escrito por":"No\u00e9mie Almot","Tiempo de lectura":"6 minutos"},"schema":{"@context":"https:\/\/schema.org","@graph":[{"@type":"Article","@id":"https:\/\/www.asd-int.com\/es\/como-ha-cambiado-espana-con-el-nuevo-impuesto-sobre-envases-de-plastico-no-reciclables\/#article","isPartOf":{"@id":"https:\/\/www.asd-int.com\/es\/como-ha-cambiado-espana-con-el-nuevo-impuesto-sobre-envases-de-plastico-no-reciclables\/"},"author":{"name":"No\u00e9mie Almot","@id":"https:\/\/www.asd-int.com\/es\/#\/schema\/person\/ce2b34c81cda744c0b6ce91648ab367b"},"headline":"\u00bfC\u00f3mo ha cambiado Espa\u00f1a con el nuevo impuesto sobre envases de pl\u00e1stico no reciclables?","datePublished":"2023-02-16T09:24:50+00:00","dateModified":"2023-04-24T12:50:39+00:00","mainEntityOfPage":{"@id":"https:\/\/www.asd-int.com\/es\/como-ha-cambiado-espana-con-el-nuevo-impuesto-sobre-envases-de-plastico-no-reciclables\/"},"wordCount":1298,"publisher":{"@id":"https:\/\/www.asd-int.com\/es\/#organization"},"image":{"@id":"https:\/\/www.asd-int.com\/es\/como-ha-cambiado-espana-con-el-nuevo-impuesto-sobre-envases-de-plastico-no-reciclables\/#primaryimage"},"thumbnailUrl":"https:\/\/www.asd-int.com\/wp-content\/uploads\/2023\/02\/taxe-sur-les-emballages-plastiques-non-reutilisables-en-espagne.jpg","keywords":["Impuesto sobre los envases de pl\u00e1stico no reciclables"],"articleSection":["Impuestos internacionales"],"inLanguage":"es"},{"@type":"WebPage","@id":"https:\/\/www.asd-int.com\/es\/como-ha-cambiado-espana-con-el-nuevo-impuesto-sobre-envases-de-plastico-no-reciclables\/","url":"https:\/\/www.asd-int.com\/es\/como-ha-cambiado-espana-con-el-nuevo-impuesto-sobre-envases-de-plastico-no-reciclables\/","name":"Espa\u00f1a: nuevo impuesto sobre los envases de pl\u00e1stico no reutilizables | ASD Group","isPartOf":{"@id":"https:\/\/www.asd-int.com\/es\/#website"},"primaryImageOfPage":{"@id":"https:\/\/www.asd-int.com\/es\/como-ha-cambiado-espana-con-el-nuevo-impuesto-sobre-envases-de-plastico-no-reciclables\/#primaryimage"},"image":{"@id":"https:\/\/www.asd-int.com\/es\/como-ha-cambiado-espana-con-el-nuevo-impuesto-sobre-envases-de-plastico-no-reciclables\/#primaryimage"},"thumbnailUrl":"https:\/\/www.asd-int.com\/wp-content\/uploads\/2023\/02\/taxe-sur-les-emballages-plastiques-non-reutilisables-en-espagne.jpg","datePublished":"2023-02-16T09:24:50+00:00","dateModified":"2023-04-24T12:50:39+00:00","description":"\u00bfSe aplica en toda Europa el nuevo impuesto espa\u00f1ol sobre envases y productos de pl\u00e1stico no recuperables?","breadcrumb":{"@id":"https:\/\/www.asd-int.com\/es\/como-ha-cambiado-espana-con-el-nuevo-impuesto-sobre-envases-de-plastico-no-reciclables\/#breadcrumb"},"inLanguage":"es","potentialAction":[{"@type":"ReadAction","target":["https:\/\/www.asd-int.com\/es\/como-ha-cambiado-espana-con-el-nuevo-impuesto-sobre-envases-de-plastico-no-reciclables\/"]}]},{"@type":"ImageObject","inLanguage":"es","@id":"https:\/\/www.asd-int.com\/es\/como-ha-cambiado-espana-con-el-nuevo-impuesto-sobre-envases-de-plastico-no-reciclables\/#primaryimage","url":"https:\/\/www.asd-int.com\/wp-content\/uploads\/2023\/02\/taxe-sur-les-emballages-plastiques-non-reutilisables-en-espagne.jpg","contentUrl":"https:\/\/www.asd-int.com\/wp-content\/uploads\/2023\/02\/taxe-sur-les-emballages-plastiques-non-reutilisables-en-espagne.jpg","width":1440,"height":960,"caption":"Taxe sur les emballages plastiques non r\u00e9utilisables en Espagne"},{"@type":"BreadcrumbList","@id":"https:\/\/www.asd-int.com\/es\/como-ha-cambiado-espana-con-el-nuevo-impuesto-sobre-envases-de-plastico-no-reciclables\/#breadcrumb","itemListElement":[{"@type":"ListItem","position":1,"name":"ASD Group","item":"https:\/\/www.asd-int.com\/es\/"},{"@type":"ListItem","position":2,"name":"Impuestos internacionales","item":"https:\/\/www.asd-int.com\/es\/category\/tasas-internacionales\/"},{"@type":"ListItem","position":3,"name":"Espa\u00f1a: nuevo impuesto sobre los envases de pl\u00e1stico no reutilizables"}]},{"@type":"WebSite","@id":"https:\/\/www.asd-int.com\/es\/#website","url":"https:\/\/www.asd-int.com\/es\/","name":"ASD","description":"Simplifique su desarrollo internacional","publisher":{"@id":"https:\/\/www.asd-int.com\/es\/#organization"},"potentialAction":[{"@type":"SearchAction","target":{"@type":"EntryPoint","urlTemplate":"https:\/\/www.asd-int.com\/es\/?s={search_term_string}"},"query-input":{"@type":"PropertyValueSpecification","valueRequired":true,"valueName":"search_term_string"}}],"inLanguage":"es"},{"@type":"Organization","@id":"https:\/\/www.asd-int.com\/es\/#organization","name":"ASD Group","url":"https:\/\/www.asd-int.com\/es\/","logo":{"@type":"ImageObject","inLanguage":"es","@id":"https:\/\/www.asd-int.com\/es\/#\/schema\/logo\/image\/","url":"https:\/\/www.asd-int.com\/wp-content\/uploads\/2020\/07\/Logo-ASD_noir.png","contentUrl":"https:\/\/www.asd-int.com\/wp-content\/uploads\/2020\/07\/Logo-ASD_noir.png","width":1054,"height":714,"caption":"ASD Group"},"image":{"@id":"https:\/\/www.asd-int.com\/es\/#\/schema\/logo\/image\/"}},{"@type":"Person","@id":"https:\/\/www.asd-int.com\/es\/#\/schema\/person\/ce2b34c81cda744c0b6ce91648ab367b","name":"No\u00e9mie Almot","url":"https:\/\/www.asd-int.com\/es\/author\/nalmot\/"}]}},"modified_by":null,"_links":{"self":[{"href":"https:\/\/www.asd-int.com\/es\/wp-json\/wp\/v2\/posts\/162233","targetHints":{"allow":["GET"]}}],"collection":[{"href":"https:\/\/www.asd-int.com\/es\/wp-json\/wp\/v2\/posts"}],"about":[{"href":"https:\/\/www.asd-int.com\/es\/wp-json\/wp\/v2\/types\/post"}],"author":[{"embeddable":true,"href":"https:\/\/www.asd-int.com\/es\/wp-json\/wp\/v2\/users\/36"}],"replies":[{"embeddable":true,"href":"https:\/\/www.asd-int.com\/es\/wp-json\/wp\/v2\/comments?post=162233"}],"version-history":[{"count":3,"href":"https:\/\/www.asd-int.com\/es\/wp-json\/wp\/v2\/posts\/162233\/revisions"}],"predecessor-version":[{"id":165487,"href":"https:\/\/www.asd-int.com\/es\/wp-json\/wp\/v2\/posts\/162233\/revisions\/165487"}],"wp:featuredmedia":[{"embeddable":true,"href":"https:\/\/www.asd-int.com\/es\/wp-json\/wp\/v2\/media\/161868"}],"wp:attachment":[{"href":"https:\/\/www.asd-int.com\/es\/wp-json\/wp\/v2\/media?parent=162233"}],"wp:term":[{"taxonomy":"category","embeddable":true,"href":"https:\/\/www.asd-int.com\/es\/wp-json\/wp\/v2\/categories?post=162233"},{"taxonomy":"post_tag","embeddable":true,"href":"https:\/\/www.asd-int.com\/es\/wp-json\/wp\/v2\/tags?post=162233"},{"taxonomy":"pays","embeddable":true,"href":"https:\/\/www.asd-int.com\/es\/wp-json\/wp\/v2\/pays?post=162233"}],"curies":[{"name":"wp","href":"https:\/\/api.w.org\/{rel}","templated":true}]}}