{"id":22690,"date":"2019-02-11T10:53:11","date_gmt":"2019-02-11T09:53:11","guid":{"rendered":"https:\/\/www.asd-int.com\/?p=22690"},"modified":"2019-02-15T12:11:52","modified_gmt":"2019-02-15T11:11:52","slug":"el-iva-y-e-commerce-nunca-es-demasiado-tarde-para-estar-en-regla","status":"publish","type":"post","link":"https:\/\/www.asd-int.com\/es\/el-iva-y-e-commerce-nunca-es-demasiado-tarde-para-estar-en-regla\/","title":{"rendered":"El IVA y e-commerce: nunca es demasiado tarde para cumplir con sus obligaciones"},"content":{"rendered":"<p>Con la aparici\u00f3n y proliferaci\u00f3n de las tiendas en l\u00ednea, o marketplaces, cada vez es m\u00e1s f\u00e1cil vender por Internet. <!--more-->Sin embargo, la normativa en materia de IVA bajo la que se rigen los actores del e-commerce sigue siendo muy compleja: aplicaci\u00f3n o no del r\u00e9gimen de ventas a distancia, evaluaci\u00f3n de umbrales, modalidades de facturaci\u00f3n, obligaciones en materia de declaraci\u00f3n de intercambio de bienes (DEB), etc.<br \/>\nSon muchas las empresas que descubren \u2014 de buena fe y, en ocasiones, varios a\u00f1os despu\u00e9s del inicio de su actividad\u2014 que no cumplen con sus obligaciones, por lo que se arriesgan a tener que regularizar el IVA.<\/p>\n<h2>El e-commerce y el riesgo de regularizaci\u00f3n de los impuestos<\/h2>\n<p>Como consecuencia de la comunicaci\u00f3n sistem\u00e1tica entre las administraciones fiscales de los Estados miembros y de la publicaci\u00f3n de la informaci\u00f3n en las ventas de las empresas de e-commerce, el riesgo de regularizaci\u00f3n del IVA es real y sus consecuencias ne se deber\u00edan infravalorar.<br \/>\nAl\u00a0 IVA se suman recargos e intereses de demora que f\u00e1cilmente podr\u00edan poner en peligro la viabilidad de la empresa. in embargo , puede anticiparse siempre cuando la empresa regularice su situaci\u00f3n antes de ser notificada.<br \/>\nPara anticipar el riesgo de regularizaci\u00f3n con coste menor, ASD GROUP ofrece un servicio completo de regularizaci\u00f3n de IVA dirigido a las empresas de e-commerce.<\/p>\n<h2>El servicio de regularizaci\u00f3n de IVA para e-commerce de ventanilla \u00fanica ofrecido por ASD GROUP<\/h2>\n<p>Gracias a su especializaci\u00f3n y experiencia en materia de e-commerce, ASD GROUP le guiar\u00e1 en todas las etapas del proceso de regularizaci\u00f3n:<\/p>\n<ul>\n<li>Balance de sus obligaciones en materia de IVA y DEB<\/li>\n<li>Evaluaci\u00f3n de riesgos<\/li>\n<li>Registro en el IVA<\/li>\n<li>Presentaci\u00f3n de declaraciones de IVA y DEB<\/li>\n<li>Comunicaci\u00f3n con las administraciones locales<\/li>\n<li>Reembolso del IVA abonado de forma indebida<\/li>\n<li>Etc.<\/li>\n<\/ul>\n<p>Gracias a su presencia en todos los Estados miembros de la Uni\u00f3n Europea, ASD GROUP le permite regularizar totalmente su situaci\u00f3n, en cualquier pa\u00eds en el que sea necesario. ASD GROUP act\u00faa tambi\u00e9n como interlocutor \u00fanico e intermediario privilegiado con las administraciones fiscales extranjeras.<\/p>\n<p>Puede ponerse\u00a0<a href=\"https:\/\/www.asd-int.com\/es\/contacto\/\">en contacto con nuestros expertos<\/a>\u00a0para m\u00e1s informaci\u00f3n.<\/p>\n","protected":false},"excerpt":{"rendered":"<p>Con la aparici\u00f3n y proliferaci\u00f3n de las tiendas en l\u00ednea, o marketplaces, cada vez es m\u00e1s f\u00e1cil vender por Internet.<\/p>\n","protected":false},"author":36,"featured_media":22500,"comment_status":"closed","ping_status":"closed","sticky":false,"template":"","format":"standard","meta":{"_eb_attr":"","_lmt_disableupdate":"","_lmt_disable":"","footnotes":""},"categories":[3475],"tags":[2037,3349],"pays":[],"class_list":["post-22690","post","type-post","status-publish","format-standard","has-post-thumbnail","hentry","category-e-commerce","tag-todos-es","tag-tva"],"yoast_head":"<!-- This site is optimized with the Yoast SEO plugin v27.4 - https:\/\/yoast.com\/product\/yoast-seo-wordpress\/ -->\n<title>El IVA y e-commerce: nunca es demasiado tarde para cumplir con sus obligaciones | ASD Group<\/title>\n<meta name=\"robots\" content=\"index, follow, max-snippet:-1, max-image-preview:large, max-video-preview:-1\" \/>\n<link rel=\"canonical\" href=\"https:\/\/www.asd-int.com\/es\/el-iva-y-e-commerce-nunca-es-demasiado-tarde-para-estar-en-regla\/\" \/>\n<meta property=\"og:locale\" content=\"es_ES\" \/>\n<meta property=\"og:type\" content=\"article\" \/>\n<meta property=\"og:title\" content=\"El IVA y e-commerce: nunca es demasiado tarde para cumplir con sus obligaciones | ASD Group\" \/>\n<meta property=\"og:description\" content=\"Con la aparici\u00f3n y proliferaci\u00f3n de las tiendas en l\u00ednea, o marketplaces, cada vez es m\u00e1s f\u00e1cil vender por Internet.\" \/>\n<meta property=\"og:url\" content=\"https:\/\/www.asd-int.com\/es\/el-iva-y-e-commerce-nunca-es-demasiado-tarde-para-estar-en-regla\/\" \/>\n<meta property=\"og:site_name\" content=\"ASD\" \/>\n<meta property=\"article:published_time\" content=\"2019-02-11T09:53:11+00:00\" \/>\n<meta property=\"article:modified_time\" content=\"2019-02-15T11:11:52+00:00\" \/>\n<meta property=\"og:image\" content=\"https:\/\/www.asd-int.com\/wp-content\/uploads\/2019\/01\/regul_ecommerce_TVA.jpg\" \/>\n\t<meta property=\"og:image:width\" content=\"800\" \/>\n\t<meta property=\"og:image:height\" content=\"600\" \/>\n\t<meta property=\"og:image:type\" content=\"image\/jpeg\" \/>\n<meta name=\"author\" content=\"No\u00e9mie Almot\" \/>\n<meta name=\"twitter:card\" content=\"summary_large_image\" \/>\n<meta name=\"twitter:label1\" content=\"Escrito por\" \/>\n\t<meta name=\"twitter:data1\" content=\"No\u00e9mie Almot\" \/>\n\t<meta name=\"twitter:label2\" content=\"Tiempo de lectura\" \/>\n\t<meta name=\"twitter:data2\" content=\"2 minutos\" \/>\n<script type=\"application\/ld+json\" class=\"yoast-schema-graph\">{\"@context\":\"https:\\\/\\\/schema.org\",\"@graph\":[{\"@type\":\"Article\",\"@id\":\"https:\\\/\\\/www.asd-int.com\\\/es\\\/el-iva-y-e-commerce-nunca-es-demasiado-tarde-para-estar-en-regla\\\/#article\",\"isPartOf\":{\"@id\":\"https:\\\/\\\/www.asd-int.com\\\/es\\\/el-iva-y-e-commerce-nunca-es-demasiado-tarde-para-estar-en-regla\\\/\"},\"author\":{\"name\":\"No\u00e9mie Almot\",\"@id\":\"https:\\\/\\\/www.asd-int.com\\\/es\\\/#\\\/schema\\\/person\\\/ce2b34c81cda744c0b6ce91648ab367b\"},\"headline\":\"El IVA y e-commerce: nunca es demasiado tarde para cumplir con sus obligaciones\",\"datePublished\":\"2019-02-11T09:53:11+00:00\",\"dateModified\":\"2019-02-15T11:11:52+00:00\",\"mainEntityOfPage\":{\"@id\":\"https:\\\/\\\/www.asd-int.com\\\/es\\\/el-iva-y-e-commerce-nunca-es-demasiado-tarde-para-estar-en-regla\\\/\"},\"wordCount\":396,\"publisher\":{\"@id\":\"https:\\\/\\\/www.asd-int.com\\\/es\\\/#organization\"},\"image\":{\"@id\":\"https:\\\/\\\/www.asd-int.com\\\/es\\\/el-iva-y-e-commerce-nunca-es-demasiado-tarde-para-estar-en-regla\\\/#primaryimage\"},\"thumbnailUrl\":\"https:\\\/\\\/www.asd-int.com\\\/wp-content\\\/uploads\\\/2019\\\/01\\\/regul_ecommerce_TVA.jpg\",\"keywords\":[\"Todos\",\"TVA\"],\"articleSection\":[\"E-Commerce\"],\"inLanguage\":\"es\"},{\"@type\":\"WebPage\",\"@id\":\"https:\\\/\\\/www.asd-int.com\\\/es\\\/el-iva-y-e-commerce-nunca-es-demasiado-tarde-para-estar-en-regla\\\/\",\"url\":\"https:\\\/\\\/www.asd-int.com\\\/es\\\/el-iva-y-e-commerce-nunca-es-demasiado-tarde-para-estar-en-regla\\\/\",\"name\":\"El IVA y e-commerce: nunca es demasiado tarde para cumplir con sus obligaciones | ASD Group\",\"isPartOf\":{\"@id\":\"https:\\\/\\\/www.asd-int.com\\\/es\\\/#website\"},\"primaryImageOfPage\":{\"@id\":\"https:\\\/\\\/www.asd-int.com\\\/es\\\/el-iva-y-e-commerce-nunca-es-demasiado-tarde-para-estar-en-regla\\\/#primaryimage\"},\"image\":{\"@id\":\"https:\\\/\\\/www.asd-int.com\\\/es\\\/el-iva-y-e-commerce-nunca-es-demasiado-tarde-para-estar-en-regla\\\/#primaryimage\"},\"thumbnailUrl\":\"https:\\\/\\\/www.asd-int.com\\\/wp-content\\\/uploads\\\/2019\\\/01\\\/regul_ecommerce_TVA.jpg\",\"datePublished\":\"2019-02-11T09:53:11+00:00\",\"dateModified\":\"2019-02-15T11:11:52+00:00\",\"breadcrumb\":{\"@id\":\"https:\\\/\\\/www.asd-int.com\\\/es\\\/el-iva-y-e-commerce-nunca-es-demasiado-tarde-para-estar-en-regla\\\/#breadcrumb\"},\"inLanguage\":\"es\",\"potentialAction\":[{\"@type\":\"ReadAction\",\"target\":[\"https:\\\/\\\/www.asd-int.com\\\/es\\\/el-iva-y-e-commerce-nunca-es-demasiado-tarde-para-estar-en-regla\\\/\"]}]},{\"@type\":\"ImageObject\",\"inLanguage\":\"es\",\"@id\":\"https:\\\/\\\/www.asd-int.com\\\/es\\\/el-iva-y-e-commerce-nunca-es-demasiado-tarde-para-estar-en-regla\\\/#primaryimage\",\"url\":\"https:\\\/\\\/www.asd-int.com\\\/wp-content\\\/uploads\\\/2019\\\/01\\\/regul_ecommerce_TVA.jpg\",\"contentUrl\":\"https:\\\/\\\/www.asd-int.com\\\/wp-content\\\/uploads\\\/2019\\\/01\\\/regul_ecommerce_TVA.jpg\",\"width\":800,\"height\":600},{\"@type\":\"BreadcrumbList\",\"@id\":\"https:\\\/\\\/www.asd-int.com\\\/es\\\/el-iva-y-e-commerce-nunca-es-demasiado-tarde-para-estar-en-regla\\\/#breadcrumb\",\"itemListElement\":[{\"@type\":\"ListItem\",\"position\":1,\"name\":\"ASD Group\",\"item\":\"https:\\\/\\\/www.asd-int.com\\\/es\\\/\"},{\"@type\":\"ListItem\",\"position\":2,\"name\":\"Comercio electr\u00f3nico\",\"item\":\"https:\\\/\\\/www.asd-int.com\\\/es\\\/category\\\/comercio-electronico\\\/\"},{\"@type\":\"ListItem\",\"position\":3,\"name\":\"El IVA y e-commerce: nunca es demasiado tarde para cumplir con sus obligaciones\"}]},{\"@type\":\"WebSite\",\"@id\":\"https:\\\/\\\/www.asd-int.com\\\/es\\\/#website\",\"url\":\"https:\\\/\\\/www.asd-int.com\\\/es\\\/\",\"name\":\"ASD\",\"description\":\"Simplifique su desarrollo internacional\",\"publisher\":{\"@id\":\"https:\\\/\\\/www.asd-int.com\\\/es\\\/#organization\"},\"potentialAction\":[{\"@type\":\"SearchAction\",\"target\":{\"@type\":\"EntryPoint\",\"urlTemplate\":\"https:\\\/\\\/www.asd-int.com\\\/es\\\/?s={search_term_string}\"},\"query-input\":{\"@type\":\"PropertyValueSpecification\",\"valueRequired\":true,\"valueName\":\"search_term_string\"}}],\"inLanguage\":\"es\"},{\"@type\":\"Organization\",\"@id\":\"https:\\\/\\\/www.asd-int.com\\\/es\\\/#organization\",\"name\":\"ASD Group\",\"url\":\"https:\\\/\\\/www.asd-int.com\\\/es\\\/\",\"logo\":{\"@type\":\"ImageObject\",\"inLanguage\":\"es\",\"@id\":\"https:\\\/\\\/www.asd-int.com\\\/es\\\/#\\\/schema\\\/logo\\\/image\\\/\",\"url\":\"https:\\\/\\\/www.asd-int.com\\\/wp-content\\\/uploads\\\/2020\\\/07\\\/Logo-ASD_noir.png\",\"contentUrl\":\"https:\\\/\\\/www.asd-int.com\\\/wp-content\\\/uploads\\\/2020\\\/07\\\/Logo-ASD_noir.png\",\"width\":1054,\"height\":714,\"caption\":\"ASD Group\"},\"image\":{\"@id\":\"https:\\\/\\\/www.asd-int.com\\\/es\\\/#\\\/schema\\\/logo\\\/image\\\/\"}},{\"@type\":\"Person\",\"@id\":\"https:\\\/\\\/www.asd-int.com\\\/es\\\/#\\\/schema\\\/person\\\/ce2b34c81cda744c0b6ce91648ab367b\",\"name\":\"No\u00e9mie Almot\",\"url\":\"https:\\\/\\\/www.asd-int.com\\\/es\\\/author\\\/nalmot\\\/\"}]}<\/script>\n<!-- \/ Yoast SEO plugin. -->","yoast_head_json":{"title":"El IVA y e-commerce: nunca es demasiado tarde para cumplir con sus obligaciones | ASD Group","robots":{"index":"index","follow":"follow","max-snippet":"max-snippet:-1","max-image-preview":"max-image-preview:large","max-video-preview":"max-video-preview:-1"},"canonical":"https:\/\/www.asd-int.com\/es\/el-iva-y-e-commerce-nunca-es-demasiado-tarde-para-estar-en-regla\/","og_locale":"es_ES","og_type":"article","og_title":"El IVA y e-commerce: nunca es demasiado tarde para cumplir con sus obligaciones | ASD Group","og_description":"Con la aparici\u00f3n y proliferaci\u00f3n de las tiendas en l\u00ednea, o marketplaces, cada vez es m\u00e1s f\u00e1cil vender por Internet.","og_url":"https:\/\/www.asd-int.com\/es\/el-iva-y-e-commerce-nunca-es-demasiado-tarde-para-estar-en-regla\/","og_site_name":"ASD","article_published_time":"2019-02-11T09:53:11+00:00","article_modified_time":"2019-02-15T11:11:52+00:00","og_image":[{"width":800,"height":600,"url":"https:\/\/www.asd-int.com\/wp-content\/uploads\/2019\/01\/regul_ecommerce_TVA.jpg","type":"image\/jpeg"}],"author":"No\u00e9mie Almot","twitter_card":"summary_large_image","twitter_misc":{"Escrito por":"No\u00e9mie Almot","Tiempo de lectura":"2 minutos"},"schema":{"@context":"https:\/\/schema.org","@graph":[{"@type":"Article","@id":"https:\/\/www.asd-int.com\/es\/el-iva-y-e-commerce-nunca-es-demasiado-tarde-para-estar-en-regla\/#article","isPartOf":{"@id":"https:\/\/www.asd-int.com\/es\/el-iva-y-e-commerce-nunca-es-demasiado-tarde-para-estar-en-regla\/"},"author":{"name":"No\u00e9mie Almot","@id":"https:\/\/www.asd-int.com\/es\/#\/schema\/person\/ce2b34c81cda744c0b6ce91648ab367b"},"headline":"El IVA y e-commerce: nunca es demasiado tarde para cumplir con sus obligaciones","datePublished":"2019-02-11T09:53:11+00:00","dateModified":"2019-02-15T11:11:52+00:00","mainEntityOfPage":{"@id":"https:\/\/www.asd-int.com\/es\/el-iva-y-e-commerce-nunca-es-demasiado-tarde-para-estar-en-regla\/"},"wordCount":396,"publisher":{"@id":"https:\/\/www.asd-int.com\/es\/#organization"},"image":{"@id":"https:\/\/www.asd-int.com\/es\/el-iva-y-e-commerce-nunca-es-demasiado-tarde-para-estar-en-regla\/#primaryimage"},"thumbnailUrl":"https:\/\/www.asd-int.com\/wp-content\/uploads\/2019\/01\/regul_ecommerce_TVA.jpg","keywords":["Todos","TVA"],"articleSection":["E-Commerce"],"inLanguage":"es"},{"@type":"WebPage","@id":"https:\/\/www.asd-int.com\/es\/el-iva-y-e-commerce-nunca-es-demasiado-tarde-para-estar-en-regla\/","url":"https:\/\/www.asd-int.com\/es\/el-iva-y-e-commerce-nunca-es-demasiado-tarde-para-estar-en-regla\/","name":"El IVA y e-commerce: nunca es demasiado tarde para cumplir con sus obligaciones | ASD Group","isPartOf":{"@id":"https:\/\/www.asd-int.com\/es\/#website"},"primaryImageOfPage":{"@id":"https:\/\/www.asd-int.com\/es\/el-iva-y-e-commerce-nunca-es-demasiado-tarde-para-estar-en-regla\/#primaryimage"},"image":{"@id":"https:\/\/www.asd-int.com\/es\/el-iva-y-e-commerce-nunca-es-demasiado-tarde-para-estar-en-regla\/#primaryimage"},"thumbnailUrl":"https:\/\/www.asd-int.com\/wp-content\/uploads\/2019\/01\/regul_ecommerce_TVA.jpg","datePublished":"2019-02-11T09:53:11+00:00","dateModified":"2019-02-15T11:11:52+00:00","breadcrumb":{"@id":"https:\/\/www.asd-int.com\/es\/el-iva-y-e-commerce-nunca-es-demasiado-tarde-para-estar-en-regla\/#breadcrumb"},"inLanguage":"es","potentialAction":[{"@type":"ReadAction","target":["https:\/\/www.asd-int.com\/es\/el-iva-y-e-commerce-nunca-es-demasiado-tarde-para-estar-en-regla\/"]}]},{"@type":"ImageObject","inLanguage":"es","@id":"https:\/\/www.asd-int.com\/es\/el-iva-y-e-commerce-nunca-es-demasiado-tarde-para-estar-en-regla\/#primaryimage","url":"https:\/\/www.asd-int.com\/wp-content\/uploads\/2019\/01\/regul_ecommerce_TVA.jpg","contentUrl":"https:\/\/www.asd-int.com\/wp-content\/uploads\/2019\/01\/regul_ecommerce_TVA.jpg","width":800,"height":600},{"@type":"BreadcrumbList","@id":"https:\/\/www.asd-int.com\/es\/el-iva-y-e-commerce-nunca-es-demasiado-tarde-para-estar-en-regla\/#breadcrumb","itemListElement":[{"@type":"ListItem","position":1,"name":"ASD Group","item":"https:\/\/www.asd-int.com\/es\/"},{"@type":"ListItem","position":2,"name":"Comercio electr\u00f3nico","item":"https:\/\/www.asd-int.com\/es\/category\/comercio-electronico\/"},{"@type":"ListItem","position":3,"name":"El IVA y e-commerce: nunca es demasiado tarde para cumplir con sus obligaciones"}]},{"@type":"WebSite","@id":"https:\/\/www.asd-int.com\/es\/#website","url":"https:\/\/www.asd-int.com\/es\/","name":"ASD","description":"Simplifique su desarrollo internacional","publisher":{"@id":"https:\/\/www.asd-int.com\/es\/#organization"},"potentialAction":[{"@type":"SearchAction","target":{"@type":"EntryPoint","urlTemplate":"https:\/\/www.asd-int.com\/es\/?s={search_term_string}"},"query-input":{"@type":"PropertyValueSpecification","valueRequired":true,"valueName":"search_term_string"}}],"inLanguage":"es"},{"@type":"Organization","@id":"https:\/\/www.asd-int.com\/es\/#organization","name":"ASD Group","url":"https:\/\/www.asd-int.com\/es\/","logo":{"@type":"ImageObject","inLanguage":"es","@id":"https:\/\/www.asd-int.com\/es\/#\/schema\/logo\/image\/","url":"https:\/\/www.asd-int.com\/wp-content\/uploads\/2020\/07\/Logo-ASD_noir.png","contentUrl":"https:\/\/www.asd-int.com\/wp-content\/uploads\/2020\/07\/Logo-ASD_noir.png","width":1054,"height":714,"caption":"ASD Group"},"image":{"@id":"https:\/\/www.asd-int.com\/es\/#\/schema\/logo\/image\/"}},{"@type":"Person","@id":"https:\/\/www.asd-int.com\/es\/#\/schema\/person\/ce2b34c81cda744c0b6ce91648ab367b","name":"No\u00e9mie Almot","url":"https:\/\/www.asd-int.com\/es\/author\/nalmot\/"}]}},"modified_by":null,"_links":{"self":[{"href":"https:\/\/www.asd-int.com\/es\/wp-json\/wp\/v2\/posts\/22690","targetHints":{"allow":["GET"]}}],"collection":[{"href":"https:\/\/www.asd-int.com\/es\/wp-json\/wp\/v2\/posts"}],"about":[{"href":"https:\/\/www.asd-int.com\/es\/wp-json\/wp\/v2\/types\/post"}],"author":[{"embeddable":true,"href":"https:\/\/www.asd-int.com\/es\/wp-json\/wp\/v2\/users\/36"}],"replies":[{"embeddable":true,"href":"https:\/\/www.asd-int.com\/es\/wp-json\/wp\/v2\/comments?post=22690"}],"version-history":[{"count":0,"href":"https:\/\/www.asd-int.com\/es\/wp-json\/wp\/v2\/posts\/22690\/revisions"}],"wp:featuredmedia":[{"embeddable":true,"href":"https:\/\/www.asd-int.com\/es\/wp-json\/wp\/v2\/media\/22500"}],"wp:attachment":[{"href":"https:\/\/www.asd-int.com\/es\/wp-json\/wp\/v2\/media?parent=22690"}],"wp:term":[{"taxonomy":"category","embeddable":true,"href":"https:\/\/www.asd-int.com\/es\/wp-json\/wp\/v2\/categories?post=22690"},{"taxonomy":"post_tag","embeddable":true,"href":"https:\/\/www.asd-int.com\/es\/wp-json\/wp\/v2\/tags?post=22690"},{"taxonomy":"pays","embeddable":true,"href":"https:\/\/www.asd-int.com\/es\/wp-json\/wp\/v2\/pays?post=22690"}],"curies":[{"name":"wp","href":"https:\/\/api.w.org\/{rel}","templated":true}]}}