{"id":195336,"date":"2025-07-03T10:48:34","date_gmt":"2025-07-03T08:48:34","guid":{"rendered":"https:\/\/www.asd-int.com\/mini_blog\/europese-unie-de-reactie-op-amerikaanse-invoerrechten\/"},"modified":"2025-07-29T08:10:27","modified_gmt":"2025-07-29T06:10:27","slug":"europese-unie-de-reactie-op-amerikaanse-invoerrechten","status":"publish","type":"mini_blog","link":"https:\/\/www.asd-int.com\/nl\/europese-unie-de-reactie-op-amerikaanse-invoerrechten\/","title":{"rendered":"Europese Unie: de reactie op Amerikaanse invoerrechten"},"content":{"rendered":"\n<p>Als reactie op de ondertekening door de Amerikaanse president Donald Trump van <a href=\"https:\/\/www.asd-int.com\/en\/united-states-increase-in-tariffs-on-steel-and-aluminium\/\">twee decreten die de Amerikaanse invoerrechten op staal en aluminium wijzigen<\/a>, die op 12 maart 2025 van kracht werden, heeft <strong>de Europese Unie besloten om te reageren<\/strong> door op haar beurt evenredige tegenmaatregelen te nemen.<\/p>\n\n<h2 class=\"wp-block-heading\"><strong>Welke reactie van de Europese Unie?<\/strong><\/h2>\n\n<p>De Europese Unie is van plan maatregelen te nemen om haar handelsbelangen tegenover de Verenigde Staten te beschermen door <strong>op haar beurt de invoerrechten te verhogen<\/strong> op een groot aantal Amerikaanse producten.<\/p>\n\n<p>Momenteel in de afrondingsfase, <strong>zullen deze tegenmaatregelen gebaseerd zijn op die welke in mei 2018 werden aangenomen<\/strong>, reeds als reactie op een eerste oplegging van extra invoerrechten op staal, aluminium en bepaalde afgeleide producten door de Verenigde Staten.<\/p>\n\n<h2 class=\"wp-block-heading\"><strong>Anticipeer op de komende gevolgen!<\/strong><\/h2>\n\n<p>Deze tegenreactie zal waarschijnlijk de spanningen tussen de Verenigde Staten en de Europese Unie vergroten, <strong>waardoor de handelsuitwisseling tussen beide partijen nog complexer wordt.<\/strong><\/p>\n\n<h3 class=\"wp-block-heading\"><strong>Nieuwe implicaties voor exporteurs en industri\u00eblen:<\/strong><\/h3>\n\n<ul class=\"wp-block-list\">\n<li><strong>Verhoging van de importkosten<\/strong>, met het risico van doorberekening naar de uiteindelijke verkoopprijzen.<\/li>\n\n\n\n<li><strong>Complexere toeleveringsketens<\/strong>, met name in de sectoren bouw, automotive en infrastructuur.<\/li>\n\n\n\n<li><strong>Versterking van douanecontroles en verhoogde eisen<\/strong> op het gebied van naleving van regelgeving.<\/li>\n<\/ul>\n\n<h2 class=\"wp-block-heading\"><strong>Hoe bereidt u zich voor op deze ontwikkelingen?<\/strong><\/h2>\n\n<p>Bedrijven die naar de Verenigde Staten exporteren, moeten nu reeds:<\/p>\n\n<ul class=\"wp-block-list\">\n<li>De potenti\u00eble impact op hun <strong>logistieke keten<\/strong> en hun <strong>productiekosten<\/strong> analyseren.<\/li>\n\n\n\n<li><strong>Alternatieve oplossingen<\/strong> overwegen: gedeeltelijke herlocalisatie, aanpassing van processen, diversificatie van toeleveringsbronnen.<\/li>\n<\/ul>\n\n<h3 class=\"wp-block-heading\"><strong>ASD Group begeleidt u<\/strong><\/h3>\n\n<p>ASD Group biedt u op maat gemaakte begeleiding om <a href=\"https:\/\/www.asd-int.com\/nl\/onze-diensten-in-de-verenigde-staten\/\">uw procedures in de Verenigde Staten<\/a> te vergemakkelijken. Ons team van experts staat klaar om u gepersonaliseerd advies te geven en al uw vragen te beantwoorden.<\/p>\n\n<p><a href=\"https:\/\/www.asd-int.com\/nl\/contact\/\">Aarzel niet om contact met ons op te nemen<\/a> voor aanvankelijke ondersteuning.<\/p>\n\n<p>Bron: <a href=\"https:\/\/www.tresor.economie.gouv.fr\/services-aux-entreprises\/droits-de-douane-americains-et-reponse-europeenne-informations-pour-les-entreprises\" target=\"_blank\" rel=\"noreferrer noopener\">Direction g\u00e9n\u00e9rale du Tr\u00e9sor<\/a><\/p>\n","protected":false},"excerpt":{"rendered":"<p>Als reactie op de ondertekening door de Amerikaanse president Donald Trump van twee decreten die de Amerikaanse invoerrechten op staal en aluminium wijzigen, die op&#8230;<\/p>\n","protected":false},"author":36,"featured_media":191161,"menu_order":0,"template":"","format":"standard","meta":{"_eb_attr":"","_lmt_disableupdate":"","_lmt_disable":"","footnotes":""},"categories":[4646],"tags":[4663],"pays":[3464,4209],"class_list":["post-195336","mini_blog","type-mini_blog","status-publish","format-standard","has-post-thumbnail","hentry","category-douane-nl-2","tag-douanerechten","pays-europese-unie","pays-etatsunis-nl"],"yoast_head":"<!-- This site is optimized with the Yoast SEO plugin v27.4 - https:\/\/yoast.com\/product\/yoast-seo-wordpress\/ -->\n<title>Europese Unie: de reactie op Amerikaanse invoerrechten | ASD Group<\/title>\n<meta name=\"description\" content=\"Na een nieuwe verhoging van de Amerikaanse invoerrechten neemt de EU tegenmaatregelen om haar handelsbelangen te verdedigen.\" \/>\n<meta name=\"robots\" content=\"index, follow, max-snippet:-1, max-image-preview:large, max-video-preview:-1\" \/>\n<link rel=\"canonical\" href=\"https:\/\/www.asd-int.com\/nl\/europese-unie-de-reactie-op-amerikaanse-invoerrechten\/\" \/>\n<meta property=\"og:locale\" content=\"nl_NL\" \/>\n<meta property=\"og:type\" content=\"article\" \/>\n<meta property=\"og:title\" content=\"Europese Unie: de reactie op Amerikaanse invoerrechten | ASD Group\" \/>\n<meta property=\"og:description\" content=\"Na een nieuwe verhoging van de Amerikaanse invoerrechten neemt de EU tegenmaatregelen om haar handelsbelangen te verdedigen.\" \/>\n<meta property=\"og:url\" content=\"https:\/\/www.asd-int.com\/nl\/europese-unie-de-reactie-op-amerikaanse-invoerrechten\/\" \/>\n<meta property=\"og:site_name\" content=\"ASD\" \/>\n<meta property=\"article:modified_time\" content=\"2025-07-29T06:10:27+00:00\" \/>\n<meta property=\"og:image\" content=\"https:\/\/www.asd-int.com\/wp-content\/uploads\/2025\/03\/droits-de-douane-us-impact-pour-les-entreprises-et-reponse-de-lue.jpg\" \/>\n\t<meta property=\"og:image:width\" content=\"1440\" \/>\n\t<meta property=\"og:image:height\" content=\"957\" \/>\n\t<meta property=\"og:image:type\" content=\"image\/jpeg\" \/>\n<meta name=\"twitter:card\" content=\"summary_large_image\" \/>\n<meta name=\"twitter:label1\" content=\"Geschatte leestijd\" \/>\n\t<meta name=\"twitter:data1\" content=\"2 minuten\" \/>\n<script type=\"application\/ld+json\" class=\"yoast-schema-graph\">{\"@context\":\"https:\\\/\\\/schema.org\",\"@graph\":[{\"@type\":\"WebPage\",\"@id\":\"https:\\\/\\\/www.asd-int.com\\\/nl\\\/europese-unie-de-reactie-op-amerikaanse-invoerrechten\\\/\",\"url\":\"https:\\\/\\\/www.asd-int.com\\\/nl\\\/europese-unie-de-reactie-op-amerikaanse-invoerrechten\\\/\",\"name\":\"Europese Unie: de reactie op Amerikaanse invoerrechten | ASD Group\",\"isPartOf\":{\"@id\":\"https:\\\/\\\/www.asd-int.com\\\/nl\\\/#website\"},\"primaryImageOfPage\":{\"@id\":\"https:\\\/\\\/www.asd-int.com\\\/nl\\\/europese-unie-de-reactie-op-amerikaanse-invoerrechten\\\/#primaryimage\"},\"image\":{\"@id\":\"https:\\\/\\\/www.asd-int.com\\\/nl\\\/europese-unie-de-reactie-op-amerikaanse-invoerrechten\\\/#primaryimage\"},\"thumbnailUrl\":\"https:\\\/\\\/www.asd-int.com\\\/wp-content\\\/uploads\\\/2025\\\/03\\\/droits-de-douane-us-impact-pour-les-entreprises-et-reponse-de-lue.jpg\",\"datePublished\":\"2025-07-03T08:48:34+00:00\",\"dateModified\":\"2025-07-29T06:10:27+00:00\",\"description\":\"Na een nieuwe verhoging van de Amerikaanse invoerrechten neemt de EU tegenmaatregelen om haar handelsbelangen te verdedigen.\",\"breadcrumb\":{\"@id\":\"https:\\\/\\\/www.asd-int.com\\\/nl\\\/europese-unie-de-reactie-op-amerikaanse-invoerrechten\\\/#breadcrumb\"},\"inLanguage\":\"nl-NL\",\"potentialAction\":[{\"@type\":\"ReadAction\",\"target\":[\"https:\\\/\\\/www.asd-int.com\\\/nl\\\/europese-unie-de-reactie-op-amerikaanse-invoerrechten\\\/\"]}]},{\"@type\":\"ImageObject\",\"inLanguage\":\"nl-NL\",\"@id\":\"https:\\\/\\\/www.asd-int.com\\\/nl\\\/europese-unie-de-reactie-op-amerikaanse-invoerrechten\\\/#primaryimage\",\"url\":\"https:\\\/\\\/www.asd-int.com\\\/wp-content\\\/uploads\\\/2025\\\/03\\\/droits-de-douane-us-impact-pour-les-entreprises-et-reponse-de-lue.jpg\",\"contentUrl\":\"https:\\\/\\\/www.asd-int.com\\\/wp-content\\\/uploads\\\/2025\\\/03\\\/droits-de-douane-us-impact-pour-les-entreprises-et-reponse-de-lue.jpg\",\"width\":1440,\"height\":957,\"caption\":\"Droits de douane US : impact pour les entreprises et r\u00e9ponse de l\u2019UE\"},{\"@type\":\"BreadcrumbList\",\"@id\":\"https:\\\/\\\/www.asd-int.com\\\/nl\\\/europese-unie-de-reactie-op-amerikaanse-invoerrechten\\\/#breadcrumb\",\"itemListElement\":[{\"@type\":\"ListItem\",\"position\":1,\"name\":\"ASD Group\",\"item\":\"https:\\\/\\\/www.asd-int.com\\\/nl\\\/\"},{\"@type\":\"ListItem\",\"position\":2,\"name\":\"Europese Unie: de reactie op Amerikaanse invoerrechten\"}]},{\"@type\":\"WebSite\",\"@id\":\"https:\\\/\\\/www.asd-int.com\\\/nl\\\/#website\",\"url\":\"https:\\\/\\\/www.asd-int.com\\\/nl\\\/\",\"name\":\"ASD\",\"description\":\"Vereenvoudig uw internationale ontwikkeling\",\"publisher\":{\"@id\":\"https:\\\/\\\/www.asd-int.com\\\/nl\\\/#organization\"},\"potentialAction\":[{\"@type\":\"SearchAction\",\"target\":{\"@type\":\"EntryPoint\",\"urlTemplate\":\"https:\\\/\\\/www.asd-int.com\\\/nl\\\/?s={search_term_string}\"},\"query-input\":{\"@type\":\"PropertyValueSpecification\",\"valueRequired\":true,\"valueName\":\"search_term_string\"}}],\"inLanguage\":\"nl-NL\"},{\"@type\":\"Organization\",\"@id\":\"https:\\\/\\\/www.asd-int.com\\\/nl\\\/#organization\",\"name\":\"ASD Group\",\"url\":\"https:\\\/\\\/www.asd-int.com\\\/nl\\\/\",\"logo\":{\"@type\":\"ImageObject\",\"inLanguage\":\"nl-NL\",\"@id\":\"https:\\\/\\\/www.asd-int.com\\\/nl\\\/#\\\/schema\\\/logo\\\/image\\\/\",\"url\":\"https:\\\/\\\/www.asd-int.com\\\/wp-content\\\/uploads\\\/2020\\\/07\\\/Logo-ASD_noir.png\",\"contentUrl\":\"https:\\\/\\\/www.asd-int.com\\\/wp-content\\\/uploads\\\/2020\\\/07\\\/Logo-ASD_noir.png\",\"width\":1054,\"height\":714,\"caption\":\"ASD Group\"},\"image\":{\"@id\":\"https:\\\/\\\/www.asd-int.com\\\/nl\\\/#\\\/schema\\\/logo\\\/image\\\/\"}}]}<\/script>\n<!-- \/ Yoast SEO plugin. -->","yoast_head_json":{"title":"Europese Unie: de reactie op Amerikaanse invoerrechten | ASD Group","description":"Na een nieuwe verhoging van de Amerikaanse invoerrechten neemt de EU tegenmaatregelen om haar handelsbelangen te verdedigen.","robots":{"index":"index","follow":"follow","max-snippet":"max-snippet:-1","max-image-preview":"max-image-preview:large","max-video-preview":"max-video-preview:-1"},"canonical":"https:\/\/www.asd-int.com\/nl\/europese-unie-de-reactie-op-amerikaanse-invoerrechten\/","og_locale":"nl_NL","og_type":"article","og_title":"Europese Unie: de reactie op Amerikaanse invoerrechten | ASD Group","og_description":"Na een nieuwe verhoging van de Amerikaanse invoerrechten neemt de EU tegenmaatregelen om haar handelsbelangen te verdedigen.","og_url":"https:\/\/www.asd-int.com\/nl\/europese-unie-de-reactie-op-amerikaanse-invoerrechten\/","og_site_name":"ASD","article_modified_time":"2025-07-29T06:10:27+00:00","og_image":[{"width":1440,"height":957,"url":"https:\/\/www.asd-int.com\/wp-content\/uploads\/2025\/03\/droits-de-douane-us-impact-pour-les-entreprises-et-reponse-de-lue.jpg","type":"image\/jpeg"}],"twitter_card":"summary_large_image","twitter_misc":{"Geschatte leestijd":"2 minuten"},"schema":{"@context":"https:\/\/schema.org","@graph":[{"@type":"WebPage","@id":"https:\/\/www.asd-int.com\/nl\/europese-unie-de-reactie-op-amerikaanse-invoerrechten\/","url":"https:\/\/www.asd-int.com\/nl\/europese-unie-de-reactie-op-amerikaanse-invoerrechten\/","name":"Europese Unie: de reactie op Amerikaanse invoerrechten | ASD Group","isPartOf":{"@id":"https:\/\/www.asd-int.com\/nl\/#website"},"primaryImageOfPage":{"@id":"https:\/\/www.asd-int.com\/nl\/europese-unie-de-reactie-op-amerikaanse-invoerrechten\/#primaryimage"},"image":{"@id":"https:\/\/www.asd-int.com\/nl\/europese-unie-de-reactie-op-amerikaanse-invoerrechten\/#primaryimage"},"thumbnailUrl":"https:\/\/www.asd-int.com\/wp-content\/uploads\/2025\/03\/droits-de-douane-us-impact-pour-les-entreprises-et-reponse-de-lue.jpg","datePublished":"2025-07-03T08:48:34+00:00","dateModified":"2025-07-29T06:10:27+00:00","description":"Na een nieuwe verhoging van de Amerikaanse invoerrechten neemt de EU tegenmaatregelen om haar handelsbelangen te verdedigen.","breadcrumb":{"@id":"https:\/\/www.asd-int.com\/nl\/europese-unie-de-reactie-op-amerikaanse-invoerrechten\/#breadcrumb"},"inLanguage":"nl-NL","potentialAction":[{"@type":"ReadAction","target":["https:\/\/www.asd-int.com\/nl\/europese-unie-de-reactie-op-amerikaanse-invoerrechten\/"]}]},{"@type":"ImageObject","inLanguage":"nl-NL","@id":"https:\/\/www.asd-int.com\/nl\/europese-unie-de-reactie-op-amerikaanse-invoerrechten\/#primaryimage","url":"https:\/\/www.asd-int.com\/wp-content\/uploads\/2025\/03\/droits-de-douane-us-impact-pour-les-entreprises-et-reponse-de-lue.jpg","contentUrl":"https:\/\/www.asd-int.com\/wp-content\/uploads\/2025\/03\/droits-de-douane-us-impact-pour-les-entreprises-et-reponse-de-lue.jpg","width":1440,"height":957,"caption":"Droits de douane US : impact pour les entreprises et r\u00e9ponse de l\u2019UE"},{"@type":"BreadcrumbList","@id":"https:\/\/www.asd-int.com\/nl\/europese-unie-de-reactie-op-amerikaanse-invoerrechten\/#breadcrumb","itemListElement":[{"@type":"ListItem","position":1,"name":"ASD Group","item":"https:\/\/www.asd-int.com\/nl\/"},{"@type":"ListItem","position":2,"name":"Europese Unie: de reactie op Amerikaanse invoerrechten"}]},{"@type":"WebSite","@id":"https:\/\/www.asd-int.com\/nl\/#website","url":"https:\/\/www.asd-int.com\/nl\/","name":"ASD","description":"Vereenvoudig uw internationale ontwikkeling","publisher":{"@id":"https:\/\/www.asd-int.com\/nl\/#organization"},"potentialAction":[{"@type":"SearchAction","target":{"@type":"EntryPoint","urlTemplate":"https:\/\/www.asd-int.com\/nl\/?s={search_term_string}"},"query-input":{"@type":"PropertyValueSpecification","valueRequired":true,"valueName":"search_term_string"}}],"inLanguage":"nl-NL"},{"@type":"Organization","@id":"https:\/\/www.asd-int.com\/nl\/#organization","name":"ASD Group","url":"https:\/\/www.asd-int.com\/nl\/","logo":{"@type":"ImageObject","inLanguage":"nl-NL","@id":"https:\/\/www.asd-int.com\/nl\/#\/schema\/logo\/image\/","url":"https:\/\/www.asd-int.com\/wp-content\/uploads\/2020\/07\/Logo-ASD_noir.png","contentUrl":"https:\/\/www.asd-int.com\/wp-content\/uploads\/2020\/07\/Logo-ASD_noir.png","width":1054,"height":714,"caption":"ASD Group"},"image":{"@id":"https:\/\/www.asd-int.com\/nl\/#\/schema\/logo\/image\/"}}]}},"_links":{"self":[{"href":"https:\/\/www.asd-int.com\/nl\/wp-json\/wp\/v2\/mini_blog\/195336","targetHints":{"allow":["GET"]}}],"collection":[{"href":"https:\/\/www.asd-int.com\/nl\/wp-json\/wp\/v2\/mini_blog"}],"about":[{"href":"https:\/\/www.asd-int.com\/nl\/wp-json\/wp\/v2\/types\/mini_blog"}],"author":[{"embeddable":true,"href":"https:\/\/www.asd-int.com\/nl\/wp-json\/wp\/v2\/users\/36"}],"version-history":[{"count":4,"href":"https:\/\/www.asd-int.com\/nl\/wp-json\/wp\/v2\/mini_blog\/195336\/revisions"}],"predecessor-version":[{"id":196736,"href":"https:\/\/www.asd-int.com\/nl\/wp-json\/wp\/v2\/mini_blog\/195336\/revisions\/196736"}],"wp:featuredmedia":[{"embeddable":true,"href":"https:\/\/www.asd-int.com\/nl\/wp-json\/wp\/v2\/media\/191161"}],"wp:attachment":[{"href":"https:\/\/www.asd-int.com\/nl\/wp-json\/wp\/v2\/media?parent=195336"}],"wp:term":[{"taxonomy":"category","embeddable":true,"href":"https:\/\/www.asd-int.com\/nl\/wp-json\/wp\/v2\/categories?post=195336"},{"taxonomy":"post_tag","embeddable":true,"href":"https:\/\/www.asd-int.com\/nl\/wp-json\/wp\/v2\/tags?post=195336"},{"taxonomy":"pays","embeddable":true,"href":"https:\/\/www.asd-int.com\/nl\/wp-json\/wp\/v2\/pays?post=195336"}],"curies":[{"name":"wp","href":"https:\/\/api.w.org\/{rel}","templated":true}]}}