{"id":172621,"date":"2024-01-26T11:45:40","date_gmt":"2024-01-26T10:45:40","guid":{"rendered":"https:\/\/www.asd-int.com\/?post_type=mini_blog&#038;p=172621"},"modified":"2024-02-06T14:26:43","modified_gmt":"2024-02-06T13:26:43","slug":"dania-podwyzszenie-progow-intrastat-w-2024-r","status":"publish","type":"mini_blog","link":"https:\/\/www.asd-int.com\/pl\/dania-podwyzszenie-progow-intrastat-w-2024-r\/","title":{"rendered":"Dania: Podwy\u017cszenie prog\u00f3w Intrastat w 2024 r."},"content":{"rendered":"\n<p>Od 2024 r. <a href=\"https:\/\/skat.dk\/borger\" target=\"_blank\" rel=\"noopener\">du\u0144skie organy podatkowe<\/a> postanowi\u0142y wprowadzi\u0107 szereg zmian w <strong>wymogach sprawozdawczych<\/strong> dotycz\u0105cych handlu wewn\u0105trzwsp\u00f3lnotowego.<\/p>\n\n<p>Nowe <a href=\"https:\/\/www.asd-int.com\/pl\/progi-intrastat-w-unii-europejskiej-w-2024-r\/\">progi Intrastat 2024<\/a> wchodz\u0105 w \u017cycie 1 stycznia:<\/p>\n\n<ul class=\"wp-block-list\">\n<li>Pr\u00f3g wej\u015bcia na gie\u0142d\u0119 zosta\u0142 zwi\u0119kszony z 22 mln DKK do 41 mln DKK.<\/li>\n\n\n\n<li>Pr\u00f3g wysy\u0142ki podniesiony z 11 mln DKK do 11,3 mln DKK<\/li>\n<\/ul>\n\n<p>Je\u015bli progi zostan\u0105 przekroczone w 2024 r., obowi\u0105zek sk\u0142adania <strong>deklaracji Intrastat<\/strong> b\u0119dzie obowi\u0105zywa\u0142 od miesi\u0105ca, w kt\u00f3rym progi zosta\u0142y przekroczone.<\/p>\n\n<p>Aby uzyska\u0107 wi\u0119cej informacji na temat obowi\u0105zk\u00f3w Intrastat w Danii, prosimy o <a href=\"https:\/\/www.asd-int.com\/pl\/kontakt\/\">kontakt z naszymi ekspertami podatkowymi.<\/a><\/p>\n\n<p>\u0179r\u00f3d\u0142o : <\/p>\n\n<ul class=\"wp-block-list\">\n<li><a href=\"https:\/\/www.dst.dk\/en\/Indberet\/oplysningssider\/intrastat\" target=\"_blank\" rel=\"noreferrer noopener\">Statistics Denmark<\/a> (w j\u0119zyku angielskim)<\/li>\n<\/ul>\n","protected":false},"excerpt":{"rendered":"<p>Od 2024 r. du\u0144skie organy podatkowe postanowi\u0142y wprowadzi\u0107 szereg zmian w wymogach sprawozdawczych dotycz\u0105cych handlu wewn\u0105trzwsp\u00f3lnotowego. Nowe progi Intrastat 2024 wchodz\u0105 w \u017cycie 1 stycznia:&#8230;<\/p>\n","protected":false},"author":36,"featured_media":172606,"menu_order":0,"template":"","format":"standard","meta":{"_eb_attr":"","_lmt_disableupdate":"","_lmt_disable":"","footnotes":""},"categories":[3576],"tags":[4347],"pays":[1017],"class_list":["post-172621","mini_blog","type-mini_blog","status-publish","format-standard","has-post-thumbnail","hentry","category-zobowiazania-celne","tag-progi-intrastat","pays-danemark-pl"],"yoast_head":"<!-- This site is optimized with the Yoast SEO plugin v27.4 - https:\/\/yoast.com\/product\/yoast-seo-wordpress\/ -->\n<title>Dania: Podwy\u017cszenie prog\u00f3w Intrastat w 2024 r. | ASD Group<\/title>\n<meta name=\"description\" content=\"Nowe progi Intrastat obowi\u0105zuj\u0105ce od 1 stycznia 2024 r. po zmianach wprowadzonych przez du\u0144skie organy podatkowe.\" \/>\n<meta name=\"robots\" content=\"index, follow, max-snippet:-1, max-image-preview:large, max-video-preview:-1\" \/>\n<link rel=\"canonical\" href=\"https:\/\/www.asd-int.com\/pl\/dania-podwyzszenie-progow-intrastat-w-2024-r\/\" \/>\n<meta property=\"og:locale\" content=\"pl_PL\" \/>\n<meta property=\"og:type\" content=\"article\" \/>\n<meta property=\"og:title\" content=\"Dania: Podwy\u017cszenie prog\u00f3w Intrastat w 2024 r. | ASD Group\" \/>\n<meta property=\"og:description\" content=\"Nowe progi Intrastat obowi\u0105zuj\u0105ce od 1 stycznia 2024 r. po zmianach wprowadzonych przez du\u0144skie organy podatkowe.\" \/>\n<meta property=\"og:url\" content=\"https:\/\/www.asd-int.com\/pl\/dania-podwyzszenie-progow-intrastat-w-2024-r\/\" \/>\n<meta property=\"og:site_name\" content=\"ASD\" \/>\n<meta property=\"article:modified_time\" content=\"2024-02-06T13:26:43+00:00\" \/>\n<meta property=\"og:image\" content=\"https:\/\/www.asd-int.com\/wp-content\/uploads\/2024\/01\/Danemark-Augmentation-des-seuils-Intrastat-en-2024.jpg\" \/>\n\t<meta property=\"og:image:width\" content=\"1440\" \/>\n\t<meta property=\"og:image:height\" content=\"959\" \/>\n\t<meta property=\"og:image:type\" content=\"image\/jpeg\" \/>\n<meta name=\"twitter:card\" content=\"summary_large_image\" \/>\n<meta name=\"twitter:label1\" content=\"Szacowany czas czytania\" \/>\n\t<meta name=\"twitter:data1\" content=\"1 minuta\" \/>\n<script type=\"application\/ld+json\" class=\"yoast-schema-graph\">{\"@context\":\"https:\\\/\\\/schema.org\",\"@graph\":[{\"@type\":\"WebPage\",\"@id\":\"https:\\\/\\\/www.asd-int.com\\\/pl\\\/dania-podwyzszenie-progow-intrastat-w-2024-r\\\/\",\"url\":\"https:\\\/\\\/www.asd-int.com\\\/pl\\\/dania-podwyzszenie-progow-intrastat-w-2024-r\\\/\",\"name\":\"Dania: Podwy\u017cszenie prog\u00f3w Intrastat w 2024 r. | ASD Group\",\"isPartOf\":{\"@id\":\"https:\\\/\\\/www.asd-int.com\\\/pl\\\/#website\"},\"primaryImageOfPage\":{\"@id\":\"https:\\\/\\\/www.asd-int.com\\\/pl\\\/dania-podwyzszenie-progow-intrastat-w-2024-r\\\/#primaryimage\"},\"image\":{\"@id\":\"https:\\\/\\\/www.asd-int.com\\\/pl\\\/dania-podwyzszenie-progow-intrastat-w-2024-r\\\/#primaryimage\"},\"thumbnailUrl\":\"https:\\\/\\\/www.asd-int.com\\\/wp-content\\\/uploads\\\/2024\\\/01\\\/Danemark-Augmentation-des-seuils-Intrastat-en-2024.jpg\",\"datePublished\":\"2024-01-26T10:45:40+00:00\",\"dateModified\":\"2024-02-06T13:26:43+00:00\",\"description\":\"Nowe progi Intrastat obowi\u0105zuj\u0105ce od 1 stycznia 2024 r. po zmianach wprowadzonych przez du\u0144skie organy podatkowe.\",\"breadcrumb\":{\"@id\":\"https:\\\/\\\/www.asd-int.com\\\/pl\\\/dania-podwyzszenie-progow-intrastat-w-2024-r\\\/#breadcrumb\"},\"inLanguage\":\"pl-PL\",\"potentialAction\":[{\"@type\":\"ReadAction\",\"target\":[\"https:\\\/\\\/www.asd-int.com\\\/pl\\\/dania-podwyzszenie-progow-intrastat-w-2024-r\\\/\"]}]},{\"@type\":\"ImageObject\",\"inLanguage\":\"pl-PL\",\"@id\":\"https:\\\/\\\/www.asd-int.com\\\/pl\\\/dania-podwyzszenie-progow-intrastat-w-2024-r\\\/#primaryimage\",\"url\":\"https:\\\/\\\/www.asd-int.com\\\/wp-content\\\/uploads\\\/2024\\\/01\\\/Danemark-Augmentation-des-seuils-Intrastat-en-2024.jpg\",\"contentUrl\":\"https:\\\/\\\/www.asd-int.com\\\/wp-content\\\/uploads\\\/2024\\\/01\\\/Danemark-Augmentation-des-seuils-Intrastat-en-2024.jpg\",\"width\":1440,\"height\":959,\"caption\":\"Danemark : Augmentation des seuils Intrastat en 2024\"},{\"@type\":\"BreadcrumbList\",\"@id\":\"https:\\\/\\\/www.asd-int.com\\\/pl\\\/dania-podwyzszenie-progow-intrastat-w-2024-r\\\/#breadcrumb\",\"itemListElement\":[{\"@type\":\"ListItem\",\"position\":1,\"name\":\"ASD Group\",\"item\":\"https:\\\/\\\/www.asd-int.com\\\/pl\\\/\"},{\"@type\":\"ListItem\",\"position\":2,\"name\":\"Dania: Podwy\u017cszenie prog\u00f3w Intrastat w 2024 r.\"}]},{\"@type\":\"WebSite\",\"@id\":\"https:\\\/\\\/www.asd-int.com\\\/pl\\\/#website\",\"url\":\"https:\\\/\\\/www.asd-int.com\\\/pl\\\/\",\"name\":\"ASD\",\"description\":\"Tw\u00f3j ekspert w mi\u0119dzynarodowych przepisach podatkowych oraz wewn\u0105trzwsp\u00f3lnotowym VAT\",\"publisher\":{\"@id\":\"https:\\\/\\\/www.asd-int.com\\\/pl\\\/#organization\"},\"potentialAction\":[{\"@type\":\"SearchAction\",\"target\":{\"@type\":\"EntryPoint\",\"urlTemplate\":\"https:\\\/\\\/www.asd-int.com\\\/pl\\\/?s={search_term_string}\"},\"query-input\":{\"@type\":\"PropertyValueSpecification\",\"valueRequired\":true,\"valueName\":\"search_term_string\"}}],\"inLanguage\":\"pl-PL\"},{\"@type\":\"Organization\",\"@id\":\"https:\\\/\\\/www.asd-int.com\\\/pl\\\/#organization\",\"name\":\"ASD Group\",\"url\":\"https:\\\/\\\/www.asd-int.com\\\/pl\\\/\",\"logo\":{\"@type\":\"ImageObject\",\"inLanguage\":\"pl-PL\",\"@id\":\"https:\\\/\\\/www.asd-int.com\\\/pl\\\/#\\\/schema\\\/logo\\\/image\\\/\",\"url\":\"https:\\\/\\\/www.asd-int.com\\\/wp-content\\\/uploads\\\/2020\\\/07\\\/Logo-ASD_noir.png\",\"contentUrl\":\"https:\\\/\\\/www.asd-int.com\\\/wp-content\\\/uploads\\\/2020\\\/07\\\/Logo-ASD_noir.png\",\"width\":1054,\"height\":714,\"caption\":\"ASD Group\"},\"image\":{\"@id\":\"https:\\\/\\\/www.asd-int.com\\\/pl\\\/#\\\/schema\\\/logo\\\/image\\\/\"}}]}<\/script>\n<!-- \/ Yoast SEO plugin. -->","yoast_head_json":{"title":"Dania: Podwy\u017cszenie prog\u00f3w Intrastat w 2024 r. | ASD Group","description":"Nowe progi Intrastat obowi\u0105zuj\u0105ce od 1 stycznia 2024 r. po zmianach wprowadzonych przez du\u0144skie organy podatkowe.","robots":{"index":"index","follow":"follow","max-snippet":"max-snippet:-1","max-image-preview":"max-image-preview:large","max-video-preview":"max-video-preview:-1"},"canonical":"https:\/\/www.asd-int.com\/pl\/dania-podwyzszenie-progow-intrastat-w-2024-r\/","og_locale":"pl_PL","og_type":"article","og_title":"Dania: Podwy\u017cszenie prog\u00f3w Intrastat w 2024 r. | ASD Group","og_description":"Nowe progi Intrastat obowi\u0105zuj\u0105ce od 1 stycznia 2024 r. po zmianach wprowadzonych przez du\u0144skie organy podatkowe.","og_url":"https:\/\/www.asd-int.com\/pl\/dania-podwyzszenie-progow-intrastat-w-2024-r\/","og_site_name":"ASD","article_modified_time":"2024-02-06T13:26:43+00:00","og_image":[{"width":1440,"height":959,"url":"https:\/\/www.asd-int.com\/wp-content\/uploads\/2024\/01\/Danemark-Augmentation-des-seuils-Intrastat-en-2024.jpg","type":"image\/jpeg"}],"twitter_card":"summary_large_image","twitter_misc":{"Szacowany czas czytania":"1 minuta"},"schema":{"@context":"https:\/\/schema.org","@graph":[{"@type":"WebPage","@id":"https:\/\/www.asd-int.com\/pl\/dania-podwyzszenie-progow-intrastat-w-2024-r\/","url":"https:\/\/www.asd-int.com\/pl\/dania-podwyzszenie-progow-intrastat-w-2024-r\/","name":"Dania: Podwy\u017cszenie prog\u00f3w Intrastat w 2024 r. | ASD Group","isPartOf":{"@id":"https:\/\/www.asd-int.com\/pl\/#website"},"primaryImageOfPage":{"@id":"https:\/\/www.asd-int.com\/pl\/dania-podwyzszenie-progow-intrastat-w-2024-r\/#primaryimage"},"image":{"@id":"https:\/\/www.asd-int.com\/pl\/dania-podwyzszenie-progow-intrastat-w-2024-r\/#primaryimage"},"thumbnailUrl":"https:\/\/www.asd-int.com\/wp-content\/uploads\/2024\/01\/Danemark-Augmentation-des-seuils-Intrastat-en-2024.jpg","datePublished":"2024-01-26T10:45:40+00:00","dateModified":"2024-02-06T13:26:43+00:00","description":"Nowe progi Intrastat obowi\u0105zuj\u0105ce od 1 stycznia 2024 r. po zmianach wprowadzonych przez du\u0144skie organy podatkowe.","breadcrumb":{"@id":"https:\/\/www.asd-int.com\/pl\/dania-podwyzszenie-progow-intrastat-w-2024-r\/#breadcrumb"},"inLanguage":"pl-PL","potentialAction":[{"@type":"ReadAction","target":["https:\/\/www.asd-int.com\/pl\/dania-podwyzszenie-progow-intrastat-w-2024-r\/"]}]},{"@type":"ImageObject","inLanguage":"pl-PL","@id":"https:\/\/www.asd-int.com\/pl\/dania-podwyzszenie-progow-intrastat-w-2024-r\/#primaryimage","url":"https:\/\/www.asd-int.com\/wp-content\/uploads\/2024\/01\/Danemark-Augmentation-des-seuils-Intrastat-en-2024.jpg","contentUrl":"https:\/\/www.asd-int.com\/wp-content\/uploads\/2024\/01\/Danemark-Augmentation-des-seuils-Intrastat-en-2024.jpg","width":1440,"height":959,"caption":"Danemark : Augmentation des seuils Intrastat en 2024"},{"@type":"BreadcrumbList","@id":"https:\/\/www.asd-int.com\/pl\/dania-podwyzszenie-progow-intrastat-w-2024-r\/#breadcrumb","itemListElement":[{"@type":"ListItem","position":1,"name":"ASD Group","item":"https:\/\/www.asd-int.com\/pl\/"},{"@type":"ListItem","position":2,"name":"Dania: Podwy\u017cszenie prog\u00f3w Intrastat w 2024 r."}]},{"@type":"WebSite","@id":"https:\/\/www.asd-int.com\/pl\/#website","url":"https:\/\/www.asd-int.com\/pl\/","name":"ASD","description":"Tw\u00f3j ekspert w mi\u0119dzynarodowych przepisach podatkowych oraz wewn\u0105trzwsp\u00f3lnotowym VAT","publisher":{"@id":"https:\/\/www.asd-int.com\/pl\/#organization"},"potentialAction":[{"@type":"SearchAction","target":{"@type":"EntryPoint","urlTemplate":"https:\/\/www.asd-int.com\/pl\/?s={search_term_string}"},"query-input":{"@type":"PropertyValueSpecification","valueRequired":true,"valueName":"search_term_string"}}],"inLanguage":"pl-PL"},{"@type":"Organization","@id":"https:\/\/www.asd-int.com\/pl\/#organization","name":"ASD Group","url":"https:\/\/www.asd-int.com\/pl\/","logo":{"@type":"ImageObject","inLanguage":"pl-PL","@id":"https:\/\/www.asd-int.com\/pl\/#\/schema\/logo\/image\/","url":"https:\/\/www.asd-int.com\/wp-content\/uploads\/2020\/07\/Logo-ASD_noir.png","contentUrl":"https:\/\/www.asd-int.com\/wp-content\/uploads\/2020\/07\/Logo-ASD_noir.png","width":1054,"height":714,"caption":"ASD Group"},"image":{"@id":"https:\/\/www.asd-int.com\/pl\/#\/schema\/logo\/image\/"}}]}},"_links":{"self":[{"href":"https:\/\/www.asd-int.com\/pl\/wp-json\/wp\/v2\/mini_blog\/172621","targetHints":{"allow":["GET"]}}],"collection":[{"href":"https:\/\/www.asd-int.com\/pl\/wp-json\/wp\/v2\/mini_blog"}],"about":[{"href":"https:\/\/www.asd-int.com\/pl\/wp-json\/wp\/v2\/types\/mini_blog"}],"author":[{"embeddable":true,"href":"https:\/\/www.asd-int.com\/pl\/wp-json\/wp\/v2\/users\/36"}],"version-history":[{"count":3,"href":"https:\/\/www.asd-int.com\/pl\/wp-json\/wp\/v2\/mini_blog\/172621\/revisions"}],"predecessor-version":[{"id":172896,"href":"https:\/\/www.asd-int.com\/pl\/wp-json\/wp\/v2\/mini_blog\/172621\/revisions\/172896"}],"wp:featuredmedia":[{"embeddable":true,"href":"https:\/\/www.asd-int.com\/pl\/wp-json\/wp\/v2\/media\/172606"}],"wp:attachment":[{"href":"https:\/\/www.asd-int.com\/pl\/wp-json\/wp\/v2\/media?parent=172621"}],"wp:term":[{"taxonomy":"category","embeddable":true,"href":"https:\/\/www.asd-int.com\/pl\/wp-json\/wp\/v2\/categories?post=172621"},{"taxonomy":"post_tag","embeddable":true,"href":"https:\/\/www.asd-int.com\/pl\/wp-json\/wp\/v2\/tags?post=172621"},{"taxonomy":"pays","embeddable":true,"href":"https:\/\/www.asd-int.com\/pl\/wp-json\/wp\/v2\/pays?post=172621"}],"curies":[{"name":"wp","href":"https:\/\/api.w.org\/{rel}","templated":true}]}}