{"id":211194,"date":"2026-04-27T16:34:38","date_gmt":"2026-04-27T14:34:38","guid":{"rendered":"https:\/\/www.asd-int.com\/?post_type=mini_blog&#038;p=211194"},"modified":"2026-04-27T16:35:00","modified_gmt":"2026-04-27T14:35:00","slug":"belgia-srodki-lancucha-vat-wejda-w-zycie-1-maja-2026-r","status":"publish","type":"mini_blog","link":"https:\/\/www.asd-int.com\/pl\/belgia-srodki-lancucha-vat-wejda-w-zycie-1-maja-2026-r\/","title":{"rendered":"Belgia: \u015arodki \u0142a\u0144cucha VAT wejd\u0105 w \u017cycie 1 maja 2026 r."},"content":{"rendered":"\n<p><a href=\"https:\/\/www.asd-int.com\/pl\/belgia-wdrozenie-lancucha-vat-zostalo-odroczone-na-czas-nieokreslony\/\">Po kilku kolejnych przesuni\u0119ciach<\/a>, Belgia ostatecznie potwierdza <strong>dat\u0119 wej\u015bcia w \u017cycie reformy \u0142a\u0144cucha VAT \u2013 1 maja 2026 r.<\/strong><sup data-fn=\"40f4195b-53eb-48f8-9f80-4c3255271819\" class=\"fn\"><a href=\"#40f4195b-53eb-48f8-9f80-4c3255271819\" id=\"40f4195b-53eb-48f8-9f80-4c3255271819-link\">1<\/a><\/sup>. <\/p>\n\n\n\n<p>Zapowiedziana pocz\u0105tkowo ustaw\u0105 z 12 marca 2023 r., reforma ta by\u0142a ju\u017c kilkakrotnie odraczana ze wzgl\u0119du na ograniczenia techniczne i operacyjne.<\/p>\n\n\n\n<p><a href=\"https:\/\/www.asd-int.com\/pl\/belgia-wejscie-w-zycie-ustawy-majacej-na-celu-modernizacje-systemu-vat-przelozone\/\">Pierwotnie zaplanowana na 1 stycznia 2025 r.<\/a>, reforma zosta\u0142a obj\u0119ta okresem przej\u015bciowym, kt\u00f3ry r\u00f3wnie\u017c by\u0142 kilkakrotnie przed\u0142u\u017cany. <\/p>\n\n\n\n<div class=\"wp-block-essential-blocks-notice  root-eb-notice-lfng1\"><div class=\"eb-parent-wrapper eb-parent-eb-notice-lfng1 \"><div class=\"eb-notice-wrapper eb-notice-lfng1\" data-id=\"eb-notice-lfng1\" data-show-again=\"false\"><div class=\"eb-notice-title-wrapper\"><div class=\"eb-notice-title\">\u26a0\ufe0f <strong>Wa\u017cne<\/strong><\/div><\/div><span class=\"eb-notice-dismiss\" style=\"cursor:pointer\"><\/span><div><div class=\"eb-notice-text\">W dniu 4 marca 2026 r. belgijskie w\u0142adze federalne <strong>oficjalnie potwierdzi\u0142y wej\u015bcie w \u017cycie wszystkich nowych przepis\u00f3w od dnia 1 maja 2026 r<\/strong>.<\/div><\/div><\/div><\/div><\/div>\n\n\n\n<h2 class=\"wp-block-heading\">Konto rezerwowe VAT zast\u0119puje konto bie\u017c\u0105ce VAT<\/h2>\n\n\n\n<p>Reforma wprowadza istotn\u0105 zmian\u0119: likwidacj\u0119 konta bie\u017c\u0105cego VAT na rzecz <strong>konta rezerwowego VAT<\/strong>.<\/p>\n\n\n\n<p>Salda zostan\u0105 przeniesione na nowe konto pod warunkiem z\u0142o\u017cenia wszystkich deklaracji okresowych do <strong>30 kwietnia 2026 r.<\/strong>. W przypadku braku mo\u017cliwo\u015bci \u2013 zostanie przyznany termin na uregulowanie. <strong>W razie niezgodno\u015bci administracja b\u0119dzie mog\u0142a albo zwr\u00f3ci\u0107 nadp\u0142at\u0119, albo zaliczy\u0107 j\u0105 na poczet istniej\u0105cego zobowi\u0105zania podatkowego<\/strong>.<\/p>\n\n\n\n<p>Od 1 maja 2026 r. wniosek o zwrot w ramach deklaracji okresowej b\u0119dzie dotyczy\u0142 wy\u0142\u0105cznie kredytu za dany okres (pozycja 72). Aby odzyska\u0107 saldo z konta rezerwowego VAT, nale\u017cy z\u0142o\u017cy\u0107 odr\u0119bny wniosek poprzez MyMinfin.<\/p>\n\n\n\n<h2 class=\"wp-block-heading\">Nowe numery rachunk\u00f3w bankowych VAT<\/h2>\n\n\n\n<p>Od 1 maja 2026 r. p\u0142atno\u015bci VAT nale\u017cy dokonywa\u0107 na nowe rachunki:<\/p>\n\n\n\n<figure class=\"wp-block-table\"><table class=\"has-fixed-layout\"><thead><tr><th>Rodzaj p\u0142atno\u015bci<\/th><th>Numer rachunku<\/th><th>Opis<\/th><\/tr><\/thead><tbody><tr><td>VAT nale\u017cny, odsetki, kary (z wyj\u0105tkiem tytu\u0142u wykonawczego)<\/td><td>BE41 6792 0036 4210<\/td><td>Bie\u017c\u0105ce p\u0142atno\u015bci zwi\u0105zane z deklaracjami VAT<\/td><\/tr><tr><td>P\u0142atno\u015b\u0107 po tytule wykonawczym<\/td><td>BE42 6792 0000 0054<\/td><td>\u015aci\u0105ganie nale\u017cno\u015bci na podstawie oficjalnej decyzji<\/td><\/tr><\/tbody><\/table><\/figure>\n\n\n\n<div class=\"wp-block-essential-blocks-notice  root-eb-notice-3t0ia\"><div class=\"eb-parent-wrapper eb-parent-eb-notice-3t0ia \"><div class=\"eb-notice-wrapper eb-notice-3t0ia\" data-id=\"eb-notice-3t0ia\" data-show-again=\"false\"><div class=\"eb-notice-title-wrapper\"><div class=\"eb-notice-title\">\u26a0\ufe0f Wa\u017cne<\/div><\/div><span class=\"eb-notice-dismiss\" style=\"cursor:pointer\"><\/span><div><div class=\"eb-notice-text\">Nowe zasady b\u0119d\u0105 mia\u0142y zasadniczo <strong>zastosowanie do deklaracji VAT dotycz\u0105cych okresu od kwietnia 2026 r<\/strong>.<\/div><\/div><\/div><\/div><\/div>\n\n\n\n<h2 class=\"wp-block-heading\">Kalendarz VAT 2026: g\u0142\u00f3wne zmiany<\/h2>\n\n\n\n<p>Kalendarz VAT na 2026 r. wprowadza kilka istotnych modyfikacji.<\/p>\n\n\n\n<h3 class=\"wp-block-heading\">1. Likwidacja systemu \u201ewakacji podatkowych\u201d<\/h3>\n\n\n\n<p>Mechanizm umo\u017cliwiaj\u0105cy przesuni\u0119cie termin\u00f3w sk\u0142adania niekt\u00f3rych deklaracji zostaje zniesiony.<\/p>\n\n\n\n<h3 class=\"wp-block-heading\">2. Terminy sk\u0142adania deklaracji w 2026 r.<\/h3>\n\n\n\n<figure class=\"wp-block-table\"><table class=\"has-fixed-layout\"><thead><tr><th>Deklaracja<\/th><th>Normalny termin<\/th><th>Przesuni\u0119cie z weekendu\/dnia wolnego<\/th><th>Uwagi<\/th><\/tr><\/thead><tbody><tr><td>VAT I kwarta\u0142 2026<\/td><td>25 kwietnia 2026 r.<\/td><td>27 kwietnia 2026 r.<\/td><td>Przesuni\u0119cie utrzymane<\/td><\/tr><tr><td>VAT II kwarta\u0142 2026<\/td><td>25 lipca 2026 r.<\/td><td>\u274c Nie dotyczy<\/td><td>Brak przesuni\u0119cia na poniedzia\u0142ek<\/td><\/tr><tr><td>Deklaracje miesi\u0119czne<\/td><td>zgodnie z kalendarzem<\/td><td>\u2714 Tak<\/td><td>Przesuni\u0119cie utrzymane<\/td><\/tr><\/tbody><\/table><\/figure>\n\n\n\n<div class=\"wp-block-essential-blocks-notice  root-eb-notice-kwbp4\"><div class=\"eb-parent-wrapper eb-parent-eb-notice-kwbp4 \"><div class=\"eb-notice-wrapper eb-notice-kwbp4\" data-id=\"eb-notice-kwbp4\" data-show-again=\"false\"><div class=\"eb-notice-title-wrapper\"><div class=\"eb-notice-title\">\u26a0\ufe0f <strong>Uwaga<\/strong><\/div><\/div><span class=\"eb-notice-dismiss\" style=\"cursor:pointer\"><\/span><div><div class=\"eb-notice-text\">Odroczenie nie ma ju\u017c zastosowania do deklaracji kwartalnych, <strong>z wyj\u0105tkiem pierwszego kwarta\u0142u 2026 r<\/strong>.<\/div><\/div><\/div><\/div><\/div>\n\n\n\n<h3 class=\"wp-block-heading\">3. Wykazy wewn\u0105trzwsp\u00f3lnotowe<\/h3>\n\n\n\n<figure class=\"wp-block-table\"><table class=\"has-fixed-layout\"><thead><tr><th>Cz\u0119stotliwo\u015b\u0107<\/th><th>Termin<\/th><th>Przesuni\u0119cie z weekendu<\/th><th>Szczeg\u00f3lno\u015b\u0107<\/th><\/tr><\/thead><tbody><tr><td>Miesi\u0119czna<\/td><td>zgodnie z kalendarzem<\/td><td>\u2714 Tak<\/td><td>Przesuni\u0119cie na nast\u0119pny dzie\u0144 roboczy<\/td><\/tr><tr><td>Kwartalna<\/td><td>25 kwietnia 2026 r. (I kw.)<\/td><td>\u274c Nie<\/td><td>Brak przesuni\u0119cia, w przeciwie\u0144stwie do VAT<\/td><\/tr><\/tbody><\/table><\/figure>\n\n\n\n<p>Widoczna niesp\u00f3jno\u015b\u0107 pojawia si\u0119 w I kwartale 2026 r.: deklaracja VAT korzysta z przesuni\u0119cia do 27 kwietnia, natomiast wykaz wewn\u0105trzwsp\u00f3lnotowy pozostaje wymagany ju\u017c od 25 kwietnia 2026 r.<\/p>\n\n\n\n<div class=\"wp-block-essential-blocks-call-to-action  root-eb-call-to-action-x33hj\"><div class=\"eb-parent-wrapper eb-parent-eb-call-to-action-x33hj \"><div class=\"eb-cia-wrapper eb-call-to-action-x33hj\" data-icon=\"dashicons-shield-alt\"><div class=\"eb-cia-text-wrapper\"><span class=\"dashicon dashicons dashicons-shield-alt eb-cia-icon\"><\/span><h3 class=\"eb-cia-title\"><strong>ASD Group wspiera Pa\u0144stwa w dostosowaniu do przepis\u00f3w VAT w Belgii<\/strong><\/h3><p class=\"eb-cia-description\"><strong>Przewid\u017a skutki reformy belgijskiego \u0142a\u0144cucha VAT<\/strong> i zabezpiecz swoje obowi\u0105zki podatkowe dzi\u0119ki naszym ekspertom.<\/p><\/div><div class=\"eb-cia-button-wrapper\"><a href=\"https:\/\/www.asd-int.com\/pl\/kontakt\/\" target=\"_self\" rel=\"noopener\"><div class=\"eb-cia-button is-large\"><strong>Skontaktuj si\u0119 z naszymi ekspertami ds. belgijskiego VAT ><\/strong><\/div><\/a><\/div><\/div><\/div><\/div>\n\n\n<ol class=\"wp-block-footnotes\"><li id=\"40f4195b-53eb-48f8-9f80-4c3255271819\"><a href=\"https:\/\/www.vat-consult.be\/blog\/belgian-vat-provision-account\" target=\"_blank\" rel=\"noreferrer noopener\">vat-consult.be<\/a> (po angielsku) <a href=\"#40f4195b-53eb-48f8-9f80-4c3255271819-link\" aria-label=\"Przejd\u017a do przypisu 1\">\u21a9\ufe0e<\/a><\/li><\/ol>\n\n\n<hr class=\"wp-block-separator has-alpha-channel-opacity\"\/>\n\n\n\n<div class=\"wp-block-media-text is-vertically-aligned-top copywriter-card\" style=\"grid-template-columns:15% auto\"><figure class=\"wp-block-media-text__media\"><img fetchpriority=\"high\" decoding=\"async\" width=\"517\" height=\"521\" src=\"https:\/\/www.asd-int.com\/wp-content\/uploads\/2025\/12\/Noemie_Almot-CM-Medaillon-ASD-Group.png\" alt=\"\" class=\"wp-image-205439 size-full\" srcset=\"https:\/\/www.asd-int.com\/wp-content\/uploads\/2025\/12\/Noemie_Almot-CM-Medaillon-ASD-Group.png 517w, https:\/\/www.asd-int.com\/wp-content\/uploads\/2025\/12\/Noemie_Almot-CM-Medaillon-ASD-Group-298x300.png 298w, https:\/\/www.asd-int.com\/wp-content\/uploads\/2025\/12\/Noemie_Almot-CM-Medaillon-ASD-Group-150x150.png 150w\" sizes=\"(max-width: 517px) 100vw, 517px\" \/><\/figure><div class=\"wp-block-media-text__content\">\n<p><strong>No\u00e9mie Almot<\/strong><br><em>Community Manager i Redaktorka<\/em><\/p>\n\n\n\n<p class=\"has-small-font-size\">No\u00e9mie jest specjalistk\u0105 ds. tworzenia tre\u015bci w ASD Group. Tworzy i zarz\u0105dza artyku\u0142ami na blogu oraz aktualno\u015bciami na naszych stronach internetowych, koncentruj\u0105c si\u0119 na VAT, podatkach mi\u0119dzynarodowych, operacjach celnych, przepisach spo\u0142ecznych i handlu mi\u0119dzynarodowym. Dzi\u0119ki jasnemu i edukacyjnemu stylowi pisania sprawia, \u017ce skomplikowane i techniczne zagadnienia s\u0105 \u0142atwe do zrozumienia i istotne dla firm.<\/p>\n\n\n\n<ul class=\"wp-block-social-links is-layout-flex wp-block-social-links-is-layout-flex\"><li class=\"wp-social-link wp-social-link-linkedin  wp-block-social-link\"><a rel=\"target=&quot;_blank&quot; noopener nofollow\" target=\"_blank\" href=\"https:\/\/www.linkedin.com\/in\/no%C3%A9mie-almot\/\" class=\"wp-block-social-link-anchor\"><svg width=\"24\" height=\"24\" viewBox=\"0 0 24 24\" version=\"1.1\" xmlns=\"http:\/\/www.w3.org\/2000\/svg\" aria-hidden=\"true\" focusable=\"false\"><path d=\"M19.7,3H4.3C3.582,3,3,3.582,3,4.3v15.4C3,20.418,3.582,21,4.3,21h15.4c0.718,0,1.3-0.582,1.3-1.3V4.3 C21,3.582,20.418,3,19.7,3z M8.339,18.338H5.667v-8.59h2.672V18.338z M7.004,8.574c-0.857,0-1.549-0.694-1.549-1.548 c0-0.855,0.691-1.548,1.549-1.548c0.854,0,1.547,0.694,1.547,1.548C8.551,7.881,7.858,8.574,7.004,8.574z M18.339,18.338h-2.669 v-4.177c0-0.996-0.017-2.278-1.387-2.278c-1.389,0-1.601,1.086-1.601,2.206v4.249h-2.667v-8.59h2.559v1.174h0.037 c0.356-0.675,1.227-1.387,2.526-1.387c2.703,0,3.203,1.779,3.203,4.092V18.338z\"><\/path><\/svg><span class=\"wp-block-social-link-label screen-reader-text\">LinkedIn<\/span><\/a><\/li><\/ul>\n<\/div><\/div>\n","protected":false},"excerpt":{"rendered":"<p>Po kilku kolejnych przesuni\u0119ciach, Belgia ostatecznie potwierdza dat\u0119 wej\u015bcia w \u017cycie reformy \u0142a\u0144cucha VAT \u2013 1 maja 2026 r.. Zapowiedziana pocz\u0105tkowo ustaw\u0105 z 12 marca&#8230;<\/p>\n","protected":false},"author":36,"featured_media":211169,"menu_order":0,"template":"","format":"standard","meta":{"_eb_attr":"","_lmt_disableupdate":"","_lmt_disable":"","footnotes":"[{\"content\":\"<a href=\\\"https:\\\/\\\/www.vat-consult.be\\\/blog\\\/belgian-vat-provision-account\\\" target=\\\"_blank\\\" rel=\\\"noreferrer noopener\\\">vat-consult.be<\\\/a> (po angielsku)\",\"id\":\"40f4195b-53eb-48f8-9f80-4c3255271819\"}]"},"categories":[377,3681],"tags":[4440,4445,4412,4722,3349,3494],"pays":[1014],"class_list":["post-211194","mini_blog","type-mini_blog","status-publish","format-standard","has-post-thumbnail","hentry","category-fiscal","category-aspekty-podatkowe","tag-chaine-tva","tag-system-vat","tag-obligations-fiscales","tag-obowiazki-podatkowe","tag-tva","tag-vat","pays-belgique-pl"],"yoast_head":"<!-- This site is optimized with the Yoast SEO plugin v27.4 - https:\/\/yoast.com\/product\/yoast-seo-wordpress\/ -->\n<title>Belgia: reforma \u0142a\u0144cucha VAT obowi\u0105zuj\u0105ca od 1 maja 2026 r. | ASD Group<\/title>\n<meta name=\"description\" content=\"Belgia potwierdza reform\u0119 \u0142a\u0144cucha VAT od 1 maja 2026 r.: konto rezerwowe, nowe numery rachunk\u00f3w i zmieniony kalendarz.\" \/>\n<meta name=\"robots\" content=\"index, follow, max-snippet:-1, max-image-preview:large, max-video-preview:-1\" \/>\n<link rel=\"canonical\" href=\"https:\/\/www.asd-int.com\/pl\/belgia-srodki-lancucha-vat-wejda-w-zycie-1-maja-2026-r\/\" \/>\n<meta property=\"og:locale\" content=\"pl_PL\" \/>\n<meta property=\"og:type\" content=\"article\" \/>\n<meta property=\"og:title\" content=\"Belgia: reforma \u0142a\u0144cucha VAT obowi\u0105zuj\u0105ca od 1 maja 2026 r. | ASD Group\" \/>\n<meta property=\"og:description\" content=\"Belgia potwierdza reform\u0119 \u0142a\u0144cucha VAT od 1 maja 2026 r.: konto rezerwowe, nowe numery rachunk\u00f3w i zmieniony kalendarz.\" \/>\n<meta property=\"og:url\" content=\"https:\/\/www.asd-int.com\/pl\/belgia-srodki-lancucha-vat-wejda-w-zycie-1-maja-2026-r\/\" \/>\n<meta property=\"og:site_name\" content=\"ASD\" \/>\n<meta property=\"article:modified_time\" content=\"2026-04-27T14:35:00+00:00\" \/>\n<meta property=\"og:image\" content=\"https:\/\/www.asd-int.com\/wp-content\/uploads\/2026\/04\/belgique-les-mesures-de-la-chaine-tva-entreront-en-vigueur-le-1er-mai-2026.jpg\" \/>\n\t<meta property=\"og:image:width\" content=\"1440\" \/>\n\t<meta property=\"og:image:height\" content=\"911\" \/>\n\t<meta property=\"og:image:type\" content=\"image\/jpeg\" \/>\n<meta name=\"twitter:card\" content=\"summary_large_image\" \/>\n<meta name=\"twitter:label1\" content=\"Szacowany czas czytania\" \/>\n\t<meta name=\"twitter:data1\" content=\"3 minuty\" \/>\n<script type=\"application\/ld+json\" class=\"yoast-schema-graph\">{\"@context\":\"https:\\\/\\\/schema.org\",\"@graph\":[{\"@type\":\"WebPage\",\"@id\":\"https:\\\/\\\/www.asd-int.com\\\/pl\\\/belgia-srodki-lancucha-vat-wejda-w-zycie-1-maja-2026-r\\\/\",\"url\":\"https:\\\/\\\/www.asd-int.com\\\/pl\\\/belgia-srodki-lancucha-vat-wejda-w-zycie-1-maja-2026-r\\\/\",\"name\":\"Belgia: reforma \u0142a\u0144cucha VAT obowi\u0105zuj\u0105ca od 1 maja 2026 r. | ASD Group\",\"isPartOf\":{\"@id\":\"https:\\\/\\\/www.asd-int.com\\\/pl\\\/#website\"},\"primaryImageOfPage\":{\"@id\":\"https:\\\/\\\/www.asd-int.com\\\/pl\\\/belgia-srodki-lancucha-vat-wejda-w-zycie-1-maja-2026-r\\\/#primaryimage\"},\"image\":{\"@id\":\"https:\\\/\\\/www.asd-int.com\\\/pl\\\/belgia-srodki-lancucha-vat-wejda-w-zycie-1-maja-2026-r\\\/#primaryimage\"},\"thumbnailUrl\":\"https:\\\/\\\/www.asd-int.com\\\/wp-content\\\/uploads\\\/2026\\\/04\\\/belgique-les-mesures-de-la-chaine-tva-entreront-en-vigueur-le-1er-mai-2026.jpg\",\"datePublished\":\"2026-04-27T14:34:38+00:00\",\"dateModified\":\"2026-04-27T14:35:00+00:00\",\"description\":\"Belgia potwierdza reform\u0119 \u0142a\u0144cucha VAT od 1 maja 2026 r.: konto rezerwowe, nowe numery rachunk\u00f3w i zmieniony kalendarz.\",\"breadcrumb\":{\"@id\":\"https:\\\/\\\/www.asd-int.com\\\/pl\\\/belgia-srodki-lancucha-vat-wejda-w-zycie-1-maja-2026-r\\\/#breadcrumb\"},\"inLanguage\":\"pl-PL\",\"potentialAction\":[{\"@type\":\"ReadAction\",\"target\":[\"https:\\\/\\\/www.asd-int.com\\\/pl\\\/belgia-srodki-lancucha-vat-wejda-w-zycie-1-maja-2026-r\\\/\"]}]},{\"@type\":\"ImageObject\",\"inLanguage\":\"pl-PL\",\"@id\":\"https:\\\/\\\/www.asd-int.com\\\/pl\\\/belgia-srodki-lancucha-vat-wejda-w-zycie-1-maja-2026-r\\\/#primaryimage\",\"url\":\"https:\\\/\\\/www.asd-int.com\\\/wp-content\\\/uploads\\\/2026\\\/04\\\/belgique-les-mesures-de-la-chaine-tva-entreront-en-vigueur-le-1er-mai-2026.jpg\",\"contentUrl\":\"https:\\\/\\\/www.asd-int.com\\\/wp-content\\\/uploads\\\/2026\\\/04\\\/belgique-les-mesures-de-la-chaine-tva-entreront-en-vigueur-le-1er-mai-2026.jpg\",\"width\":1440,\"height\":911,\"caption\":\"Belgia: \u015arodki \u0142a\u0144cucha VAT wejd\u0105 w \u017cycie 1 maja 2026 r.\"},{\"@type\":\"BreadcrumbList\",\"@id\":\"https:\\\/\\\/www.asd-int.com\\\/pl\\\/belgia-srodki-lancucha-vat-wejda-w-zycie-1-maja-2026-r\\\/#breadcrumb\",\"itemListElement\":[{\"@type\":\"ListItem\",\"position\":1,\"name\":\"ASD Group\",\"item\":\"https:\\\/\\\/www.asd-int.com\\\/pl\\\/\"},{\"@type\":\"ListItem\",\"position\":2,\"name\":\"Belgia: \u015arodki \u0142a\u0144cucha VAT wejd\u0105 w \u017cycie 1 maja 2026 r.\"}]},{\"@type\":\"WebSite\",\"@id\":\"https:\\\/\\\/www.asd-int.com\\\/pl\\\/#website\",\"url\":\"https:\\\/\\\/www.asd-int.com\\\/pl\\\/\",\"name\":\"ASD\",\"description\":\"Tw\u00f3j ekspert w mi\u0119dzynarodowych przepisach podatkowych oraz wewn\u0105trzwsp\u00f3lnotowym VAT\",\"publisher\":{\"@id\":\"https:\\\/\\\/www.asd-int.com\\\/pl\\\/#organization\"},\"potentialAction\":[{\"@type\":\"SearchAction\",\"target\":{\"@type\":\"EntryPoint\",\"urlTemplate\":\"https:\\\/\\\/www.asd-int.com\\\/pl\\\/?s={search_term_string}\"},\"query-input\":{\"@type\":\"PropertyValueSpecification\",\"valueRequired\":true,\"valueName\":\"search_term_string\"}}],\"inLanguage\":\"pl-PL\"},{\"@type\":\"Organization\",\"@id\":\"https:\\\/\\\/www.asd-int.com\\\/pl\\\/#organization\",\"name\":\"ASD Group\",\"url\":\"https:\\\/\\\/www.asd-int.com\\\/pl\\\/\",\"logo\":{\"@type\":\"ImageObject\",\"inLanguage\":\"pl-PL\",\"@id\":\"https:\\\/\\\/www.asd-int.com\\\/pl\\\/#\\\/schema\\\/logo\\\/image\\\/\",\"url\":\"https:\\\/\\\/www.asd-int.com\\\/wp-content\\\/uploads\\\/2020\\\/07\\\/Logo-ASD_noir.png\",\"contentUrl\":\"https:\\\/\\\/www.asd-int.com\\\/wp-content\\\/uploads\\\/2020\\\/07\\\/Logo-ASD_noir.png\",\"width\":1054,\"height\":714,\"caption\":\"ASD Group\"},\"image\":{\"@id\":\"https:\\\/\\\/www.asd-int.com\\\/pl\\\/#\\\/schema\\\/logo\\\/image\\\/\"}}]}<\/script>\n<!-- \/ Yoast SEO plugin. -->","yoast_head_json":{"title":"Belgia: reforma \u0142a\u0144cucha VAT obowi\u0105zuj\u0105ca od 1 maja 2026 r. | ASD Group","description":"Belgia potwierdza reform\u0119 \u0142a\u0144cucha VAT od 1 maja 2026 r.: konto rezerwowe, nowe numery rachunk\u00f3w i zmieniony kalendarz.","robots":{"index":"index","follow":"follow","max-snippet":"max-snippet:-1","max-image-preview":"max-image-preview:large","max-video-preview":"max-video-preview:-1"},"canonical":"https:\/\/www.asd-int.com\/pl\/belgia-srodki-lancucha-vat-wejda-w-zycie-1-maja-2026-r\/","og_locale":"pl_PL","og_type":"article","og_title":"Belgia: reforma \u0142a\u0144cucha VAT obowi\u0105zuj\u0105ca od 1 maja 2026 r. | ASD Group","og_description":"Belgia potwierdza reform\u0119 \u0142a\u0144cucha VAT od 1 maja 2026 r.: konto rezerwowe, nowe numery rachunk\u00f3w i zmieniony kalendarz.","og_url":"https:\/\/www.asd-int.com\/pl\/belgia-srodki-lancucha-vat-wejda-w-zycie-1-maja-2026-r\/","og_site_name":"ASD","article_modified_time":"2026-04-27T14:35:00+00:00","og_image":[{"width":1440,"height":911,"url":"https:\/\/www.asd-int.com\/wp-content\/uploads\/2026\/04\/belgique-les-mesures-de-la-chaine-tva-entreront-en-vigueur-le-1er-mai-2026.jpg","type":"image\/jpeg"}],"twitter_card":"summary_large_image","twitter_misc":{"Szacowany czas czytania":"3 minuty"},"schema":{"@context":"https:\/\/schema.org","@graph":[{"@type":"WebPage","@id":"https:\/\/www.asd-int.com\/pl\/belgia-srodki-lancucha-vat-wejda-w-zycie-1-maja-2026-r\/","url":"https:\/\/www.asd-int.com\/pl\/belgia-srodki-lancucha-vat-wejda-w-zycie-1-maja-2026-r\/","name":"Belgia: reforma \u0142a\u0144cucha VAT obowi\u0105zuj\u0105ca od 1 maja 2026 r. | ASD Group","isPartOf":{"@id":"https:\/\/www.asd-int.com\/pl\/#website"},"primaryImageOfPage":{"@id":"https:\/\/www.asd-int.com\/pl\/belgia-srodki-lancucha-vat-wejda-w-zycie-1-maja-2026-r\/#primaryimage"},"image":{"@id":"https:\/\/www.asd-int.com\/pl\/belgia-srodki-lancucha-vat-wejda-w-zycie-1-maja-2026-r\/#primaryimage"},"thumbnailUrl":"https:\/\/www.asd-int.com\/wp-content\/uploads\/2026\/04\/belgique-les-mesures-de-la-chaine-tva-entreront-en-vigueur-le-1er-mai-2026.jpg","datePublished":"2026-04-27T14:34:38+00:00","dateModified":"2026-04-27T14:35:00+00:00","description":"Belgia potwierdza reform\u0119 \u0142a\u0144cucha VAT od 1 maja 2026 r.: konto rezerwowe, nowe numery rachunk\u00f3w i zmieniony kalendarz.","breadcrumb":{"@id":"https:\/\/www.asd-int.com\/pl\/belgia-srodki-lancucha-vat-wejda-w-zycie-1-maja-2026-r\/#breadcrumb"},"inLanguage":"pl-PL","potentialAction":[{"@type":"ReadAction","target":["https:\/\/www.asd-int.com\/pl\/belgia-srodki-lancucha-vat-wejda-w-zycie-1-maja-2026-r\/"]}]},{"@type":"ImageObject","inLanguage":"pl-PL","@id":"https:\/\/www.asd-int.com\/pl\/belgia-srodki-lancucha-vat-wejda-w-zycie-1-maja-2026-r\/#primaryimage","url":"https:\/\/www.asd-int.com\/wp-content\/uploads\/2026\/04\/belgique-les-mesures-de-la-chaine-tva-entreront-en-vigueur-le-1er-mai-2026.jpg","contentUrl":"https:\/\/www.asd-int.com\/wp-content\/uploads\/2026\/04\/belgique-les-mesures-de-la-chaine-tva-entreront-en-vigueur-le-1er-mai-2026.jpg","width":1440,"height":911,"caption":"Belgia: \u015arodki \u0142a\u0144cucha VAT wejd\u0105 w \u017cycie 1 maja 2026 r."},{"@type":"BreadcrumbList","@id":"https:\/\/www.asd-int.com\/pl\/belgia-srodki-lancucha-vat-wejda-w-zycie-1-maja-2026-r\/#breadcrumb","itemListElement":[{"@type":"ListItem","position":1,"name":"ASD Group","item":"https:\/\/www.asd-int.com\/pl\/"},{"@type":"ListItem","position":2,"name":"Belgia: \u015arodki \u0142a\u0144cucha VAT wejd\u0105 w \u017cycie 1 maja 2026 r."}]},{"@type":"WebSite","@id":"https:\/\/www.asd-int.com\/pl\/#website","url":"https:\/\/www.asd-int.com\/pl\/","name":"ASD","description":"Tw\u00f3j ekspert w mi\u0119dzynarodowych przepisach podatkowych oraz wewn\u0105trzwsp\u00f3lnotowym VAT","publisher":{"@id":"https:\/\/www.asd-int.com\/pl\/#organization"},"potentialAction":[{"@type":"SearchAction","target":{"@type":"EntryPoint","urlTemplate":"https:\/\/www.asd-int.com\/pl\/?s={search_term_string}"},"query-input":{"@type":"PropertyValueSpecification","valueRequired":true,"valueName":"search_term_string"}}],"inLanguage":"pl-PL"},{"@type":"Organization","@id":"https:\/\/www.asd-int.com\/pl\/#organization","name":"ASD Group","url":"https:\/\/www.asd-int.com\/pl\/","logo":{"@type":"ImageObject","inLanguage":"pl-PL","@id":"https:\/\/www.asd-int.com\/pl\/#\/schema\/logo\/image\/","url":"https:\/\/www.asd-int.com\/wp-content\/uploads\/2020\/07\/Logo-ASD_noir.png","contentUrl":"https:\/\/www.asd-int.com\/wp-content\/uploads\/2020\/07\/Logo-ASD_noir.png","width":1054,"height":714,"caption":"ASD Group"},"image":{"@id":"https:\/\/www.asd-int.com\/pl\/#\/schema\/logo\/image\/"}}]}},"_links":{"self":[{"href":"https:\/\/www.asd-int.com\/pl\/wp-json\/wp\/v2\/mini_blog\/211194","targetHints":{"allow":["GET"]}}],"collection":[{"href":"https:\/\/www.asd-int.com\/pl\/wp-json\/wp\/v2\/mini_blog"}],"about":[{"href":"https:\/\/www.asd-int.com\/pl\/wp-json\/wp\/v2\/types\/mini_blog"}],"author":[{"embeddable":true,"href":"https:\/\/www.asd-int.com\/pl\/wp-json\/wp\/v2\/users\/36"}],"version-history":[{"count":4,"href":"https:\/\/www.asd-int.com\/pl\/wp-json\/wp\/v2\/mini_blog\/211194\/revisions"}],"predecessor-version":[{"id":211237,"href":"https:\/\/www.asd-int.com\/pl\/wp-json\/wp\/v2\/mini_blog\/211194\/revisions\/211237"}],"wp:featuredmedia":[{"embeddable":true,"href":"https:\/\/www.asd-int.com\/pl\/wp-json\/wp\/v2\/media\/211169"}],"wp:attachment":[{"href":"https:\/\/www.asd-int.com\/pl\/wp-json\/wp\/v2\/media?parent=211194"}],"wp:term":[{"taxonomy":"category","embeddable":true,"href":"https:\/\/www.asd-int.com\/pl\/wp-json\/wp\/v2\/categories?post=211194"},{"taxonomy":"post_tag","embeddable":true,"href":"https:\/\/www.asd-int.com\/pl\/wp-json\/wp\/v2\/tags?post=211194"},{"taxonomy":"pays","embeddable":true,"href":"https:\/\/www.asd-int.com\/pl\/wp-json\/wp\/v2\/pays?post=211194"}],"curies":[{"name":"wp","href":"https:\/\/api.w.org\/{rel}","templated":true}]}}