{"id":222657,"date":"2026-09-01T00:00:00","date_gmt":"2026-08-31T22:00:00","guid":{"rendered":"https:\/\/www.asd-int.com\/?post_type=mini_blog&#038;p=222657"},"modified":"2026-08-10T13:56:36","modified_gmt":"2026-08-10T11:56:36","slug":"francja-e-reporting-wchodzi-w-zycie-dla-zagranicznych-duzych-i-srednich-firm-bedacych-podatnikami-vat","status":"publish","type":"mini_blog","link":"https:\/\/www.asd-int.com\/pl\/francja-e-reporting-wchodzi-w-zycie-dla-zagranicznych-duzych-i-srednich-firm-bedacych-podatnikami-vat\/","title":{"rendered":"Francja: e-reporting wchodzi w \u017cycie dla zagranicznych du\u017cych i \u015brednich firm b\u0119d\u0105cych podatnikami VAT"},"content":{"rendered":"\n<p class=\"wp-block-paragraph\"><strong>Dzisiaj, 1 wrze\u015bnia 2026 r., <a href=\"https:\/\/www.asd-int.com\/pl\/francja-jak-dziala-e-reporting-2026-dla-zagranicznych-firm-podlegajacych-podatkowi-vat\/\">obowi\u0105zek e-reportingu wchodzi w \u017cycie we Francji<\/a> dla du\u017cych przedsi\u0119biorstw (GE) i przedsi\u0119biorstw \u015bredniej wielko\u015bci (ETI)<\/strong> <strong>zagranicznych zarejestrowanych do VAT we Francji<\/strong>.<br><br>S\u0105 one obj\u0119te tym obowi\u0105zkiem, o ile realizuj\u0105 okre\u015blone transakcje podlegaj\u0105ce opodatkowaniu na terytorium Francji.<\/p>\n\n\n\n<p class=\"wp-block-paragraph\">E-reporting nak\u0142ada obowi\u0105zek <strong>elektronicznego przekazywania danych dotycz\u0105cych transakcji oraz, w niekt\u00f3rych przypadkach, p\u0142atno\u015bci<\/strong> francuskiej administracji podatkowej. Przedsi\u0119biorstwa obj\u0119te tym obowi\u0105zkiem musz\u0105 dokonywa\u0107 tych przekaz\u00f3w za po\u015brednictwem <strong>zatwierdzonej platformy (PA)<\/strong>.<\/p>\n\n\n\n<p class=\"wp-block-paragraph\">Ten nowy obowi\u0105zek stanowi istotny etap francuskiej reformy fakturowania elektronicznego i wzmacnia obowi\u0105zki zgodno\u015bci z VAT przedsi\u0119biorstw zagranicznych dzia\u0142aj\u0105cych we Francji.<\/p>\n\n\n\n<p class=\"wp-block-paragraph\"><strong>ASD Group towarzyszy sp\u00f3\u0142kom nierezydentnym w identyfikacji ich obowi\u0105zk\u00f3w oraz w operacyjnym zarz\u0105dzaniu e-reportingiem<\/strong>, od zbierania danych a\u017c po ich przekazanie.<\/p>\n\n\n\n<div class=\"wp-block-essential-blocks-call-to-action  root-eb-call-to-action-vp78u\"><div class=\"eb-parent-wrapper eb-parent-eb-call-to-action-vp78u \"><div class=\"eb-cia-wrapper eb-call-to-action-vp78u\" data-icon=\"dashicons-warning\"><div class=\"eb-cia-text-wrapper\"><span class=\"dashicon dashicons dashicons-warning eb-cia-icon\"><\/span><h3 class=\"eb-cia-title\">Pa\u0144stwa e-reporting musi by\u0107 operacyjny ju\u017c dzisiaj!<\/h3><p class=\"eb-cia-description\">Dane do przekazania, terminy, zatwierdzona platforma\u2026 <strong><strong>ASD Group przejmuje odpowiedzialno\u015b\u0107 za Pa\u0144stwa e-reporting we Francji.<\/strong><\/strong><\/p><\/div><div class=\"eb-cia-button-wrapper\"><a href=\"https:\/\/www.asd-int.com\/pl\/e-reporting-we-francji\/\" target=\"_self\" rel=\"noopener\"><div class=\"eb-cia-button is-large\"><strong>Zabezpieczcie Pa\u0144stwo sw\u00f3j e-reporting ><\/strong><\/div><\/a><\/div><\/div><\/div><\/div>\n","protected":false},"excerpt":{"rendered":"<p>Dzisiaj, 1 wrze\u015bnia 2026 r., obowi\u0105zek e-reportingu wchodzi w \u017cycie we Francji dla du\u017cych przedsi\u0119biorstw (GE) i przedsi\u0119biorstw \u015bredniej wielko\u015bci (ETI) zagranicznych zarejestrowanych do VAT&#8230;<\/p>\n","protected":false},"author":36,"featured_media":222656,"menu_order":0,"template":"","format":"standard","meta":{"_eb_attr":"","_lmt_disableupdate":"","_lmt_disable":"","footnotes":""},"categories":[3681,3346],"tags":[5184,5237,3494],"pays":[1021],"class_list":["post-222657","mini_blog","type-mini_blog","status-publish","format-standard","has-post-thumbnail","hentry","category-aspekty-podatkowe","category-tva","tag-e-sprawozdawczosc","tag-obligations-fiscales","tag-vat","pays-france-pl"],"yoast_head":"<!-- This site is optimized with the Yoast SEO plugin v28.3 - https:\/\/yoast.com\/product\/yoast-seo-wordpress\/ -->\n<title>E-reporting wchodzi w \u017cycie 1 wrze\u015bnia 2026 r. we Francji | ASD<\/title>\n<meta name=\"description\" content=\"E-reporting wchodzi w \u017cycie dzisiaj dla du\u017cych przedsi\u0119biorstw i ETI. Zagraniczne sp\u00f3\u0142ki podlegaj\u0105ce VAT s\u0105 obj\u0119te tym obowi\u0105zkiem.\" \/>\n<meta name=\"robots\" content=\"index, follow, max-snippet:-1, max-image-preview:large, max-video-preview:-1\" \/>\n<link rel=\"canonical\" href=\"https:\/\/www.asd-int.com\/pl\/francja-e-reporting-wchodzi-w-zycie-dla-zagranicznych-duzych-i-srednich-firm-bedacych-podatnikami-vat\/\" \/>\n<meta property=\"og:locale\" content=\"pl_PL\" \/>\n<meta property=\"og:type\" content=\"article\" \/>\n<meta property=\"og:title\" content=\"E-reporting wchodzi w \u017cycie 1 wrze\u015bnia 2026 r. we Francji | ASD\" \/>\n<meta property=\"og:description\" content=\"E-reporting wchodzi w \u017cycie dzisiaj dla du\u017cych przedsi\u0119biorstw i ETI. Zagraniczne sp\u00f3\u0142ki podlegaj\u0105ce VAT s\u0105 obj\u0119te tym obowi\u0105zkiem.\" \/>\n<meta property=\"og:url\" content=\"https:\/\/www.asd-int.com\/pl\/francja-e-reporting-wchodzi-w-zycie-dla-zagranicznych-duzych-i-srednich-firm-bedacych-podatnikami-vat\/\" \/>\n<meta property=\"og:site_name\" content=\"ASD\" \/>\n<meta property=\"og:image\" content=\"https:\/\/www.asd-int.com\/wp-content\/uploads\/2026\/09\/e-reporting-france-2026.jpg\" \/>\n\t<meta property=\"og:image:width\" content=\"1440\" \/>\n\t<meta property=\"og:image:height\" content=\"796\" \/>\n\t<meta property=\"og:image:type\" content=\"image\/jpeg\" \/>\n<meta name=\"twitter:card\" content=\"summary_large_image\" \/>\n<meta name=\"twitter:label1\" content=\"Szacowany czas czytania\" \/>\n\t<meta name=\"twitter:data1\" content=\"1 minuta\" \/>\n<script type=\"application\/ld+json\" class=\"yoast-schema-graph\">{\"@context\":\"https:\\\/\\\/schema.org\",\"@graph\":[{\"@type\":\"WebPage\",\"@id\":\"https:\\\/\\\/www.asd-int.com\\\/pl\\\/francja-e-reporting-wchodzi-w-zycie-dla-zagranicznych-duzych-i-srednich-firm-bedacych-podatnikami-vat\\\/\",\"url\":\"https:\\\/\\\/www.asd-int.com\\\/pl\\\/francja-e-reporting-wchodzi-w-zycie-dla-zagranicznych-duzych-i-srednich-firm-bedacych-podatnikami-vat\\\/\",\"name\":\"E-reporting wchodzi w \u017cycie 1 wrze\u015bnia 2026 r. we Francji | ASD\",\"isPartOf\":{\"@id\":\"https:\\\/\\\/www.asd-int.com\\\/pl\\\/#website\"},\"primaryImageOfPage\":{\"@id\":\"https:\\\/\\\/www.asd-int.com\\\/pl\\\/francja-e-reporting-wchodzi-w-zycie-dla-zagranicznych-duzych-i-srednich-firm-bedacych-podatnikami-vat\\\/#primaryimage\"},\"image\":{\"@id\":\"https:\\\/\\\/www.asd-int.com\\\/pl\\\/francja-e-reporting-wchodzi-w-zycie-dla-zagranicznych-duzych-i-srednich-firm-bedacych-podatnikami-vat\\\/#primaryimage\"},\"thumbnailUrl\":\"https:\\\/\\\/www.asd-int.com\\\/wp-content\\\/uploads\\\/2026\\\/09\\\/e-reporting-france-2026.jpg\",\"datePublished\":\"2026-08-31T22:00:00+00:00\",\"description\":\"E-reporting wchodzi w \u017cycie dzisiaj dla du\u017cych przedsi\u0119biorstw i ETI. Zagraniczne sp\u00f3\u0142ki podlegaj\u0105ce VAT s\u0105 obj\u0119te tym obowi\u0105zkiem.\",\"breadcrumb\":{\"@id\":\"https:\\\/\\\/www.asd-int.com\\\/pl\\\/francja-e-reporting-wchodzi-w-zycie-dla-zagranicznych-duzych-i-srednich-firm-bedacych-podatnikami-vat\\\/#breadcrumb\"},\"inLanguage\":\"pl-PL\",\"potentialAction\":[{\"@type\":\"ReadAction\",\"target\":[\"https:\\\/\\\/www.asd-int.com\\\/pl\\\/francja-e-reporting-wchodzi-w-zycie-dla-zagranicznych-duzych-i-srednich-firm-bedacych-podatnikami-vat\\\/\"]}]},{\"@type\":\"ImageObject\",\"inLanguage\":\"pl-PL\",\"@id\":\"https:\\\/\\\/www.asd-int.com\\\/pl\\\/francja-e-reporting-wchodzi-w-zycie-dla-zagranicznych-duzych-i-srednich-firm-bedacych-podatnikami-vat\\\/#primaryimage\",\"url\":\"https:\\\/\\\/www.asd-int.com\\\/wp-content\\\/uploads\\\/2026\\\/09\\\/e-reporting-france-2026.jpg\",\"contentUrl\":\"https:\\\/\\\/www.asd-int.com\\\/wp-content\\\/uploads\\\/2026\\\/09\\\/e-reporting-france-2026.jpg\",\"width\":1440,\"height\":796,\"caption\":\"Francja: e-reporting wchodzi w \u017cycie dla du\u017cych przedsi\u0119biorstw i przedsi\u0119biorstw \u015bredniej wielko\u015bci (ETI) zagranicznych podlegaj\u0105cych VAT\"},{\"@type\":\"BreadcrumbList\",\"@id\":\"https:\\\/\\\/www.asd-int.com\\\/pl\\\/francja-e-reporting-wchodzi-w-zycie-dla-zagranicznych-duzych-i-srednich-firm-bedacych-podatnikami-vat\\\/#breadcrumb\",\"itemListElement\":[{\"@type\":\"ListItem\",\"position\":1,\"name\":\"ASD Group\",\"item\":\"https:\\\/\\\/www.asd-int.com\\\/pl\\\/\"},{\"@type\":\"ListItem\",\"position\":2,\"name\":\"E-reporting Francja 2026\"}]},{\"@type\":\"WebSite\",\"@id\":\"https:\\\/\\\/www.asd-int.com\\\/pl\\\/#website\",\"url\":\"https:\\\/\\\/www.asd-int.com\\\/pl\\\/\",\"name\":\"ASD\",\"description\":\"Tw\u00f3j ekspert w mi\u0119dzynarodowych przepisach podatkowych oraz wewn\u0105trzwsp\u00f3lnotowym VAT\",\"publisher\":{\"@id\":\"https:\\\/\\\/www.asd-int.com\\\/pl\\\/#organization\"},\"potentialAction\":[{\"@type\":\"SearchAction\",\"target\":{\"@type\":\"EntryPoint\",\"urlTemplate\":\"https:\\\/\\\/www.asd-int.com\\\/pl\\\/?s={search_term_string}\"},\"query-input\":{\"@type\":\"PropertyValueSpecification\",\"valueRequired\":true,\"valueName\":\"search_term_string\"}}],\"inLanguage\":\"pl-PL\"},{\"@type\":\"Organization\",\"@id\":\"https:\\\/\\\/www.asd-int.com\\\/pl\\\/#organization\",\"name\":\"ASD Group\",\"url\":\"https:\\\/\\\/www.asd-int.com\\\/pl\\\/\",\"logo\":{\"@type\":\"ImageObject\",\"inLanguage\":\"pl-PL\",\"@id\":\"https:\\\/\\\/www.asd-int.com\\\/pl\\\/#\\\/schema\\\/logo\\\/image\\\/\",\"url\":\"https:\\\/\\\/www.asd-int.com\\\/wp-content\\\/uploads\\\/2020\\\/07\\\/Logo-ASD_noir.png\",\"contentUrl\":\"https:\\\/\\\/www.asd-int.com\\\/wp-content\\\/uploads\\\/2020\\\/07\\\/Logo-ASD_noir.png\",\"width\":1054,\"height\":714,\"caption\":\"ASD Group\"},\"image\":{\"@id\":\"https:\\\/\\\/www.asd-int.com\\\/pl\\\/#\\\/schema\\\/logo\\\/image\\\/\"}}]}<\/script>\n<!-- \/ Yoast SEO plugin. -->","yoast_head_json":{"title":"E-reporting wchodzi w \u017cycie 1 wrze\u015bnia 2026 r. we Francji | ASD","description":"E-reporting wchodzi w \u017cycie dzisiaj dla du\u017cych przedsi\u0119biorstw i ETI. Zagraniczne sp\u00f3\u0142ki podlegaj\u0105ce VAT s\u0105 obj\u0119te tym obowi\u0105zkiem.","robots":{"index":"index","follow":"follow","max-snippet":"max-snippet:-1","max-image-preview":"max-image-preview:large","max-video-preview":"max-video-preview:-1"},"canonical":"https:\/\/www.asd-int.com\/pl\/francja-e-reporting-wchodzi-w-zycie-dla-zagranicznych-duzych-i-srednich-firm-bedacych-podatnikami-vat\/","og_locale":"pl_PL","og_type":"article","og_title":"E-reporting wchodzi w \u017cycie 1 wrze\u015bnia 2026 r. we Francji | ASD","og_description":"E-reporting wchodzi w \u017cycie dzisiaj dla du\u017cych przedsi\u0119biorstw i ETI. Zagraniczne sp\u00f3\u0142ki podlegaj\u0105ce VAT s\u0105 obj\u0119te tym obowi\u0105zkiem.","og_url":"https:\/\/www.asd-int.com\/pl\/francja-e-reporting-wchodzi-w-zycie-dla-zagranicznych-duzych-i-srednich-firm-bedacych-podatnikami-vat\/","og_site_name":"ASD","og_image":[{"width":1440,"height":796,"url":"https:\/\/www.asd-int.com\/wp-content\/uploads\/2026\/09\/e-reporting-france-2026.jpg","type":"image\/jpeg"}],"twitter_card":"summary_large_image","twitter_misc":{"Szacowany czas czytania":"1 minuta"},"schema":{"@context":"https:\/\/schema.org","@graph":[{"@type":"WebPage","@id":"https:\/\/www.asd-int.com\/pl\/francja-e-reporting-wchodzi-w-zycie-dla-zagranicznych-duzych-i-srednich-firm-bedacych-podatnikami-vat\/","url":"https:\/\/www.asd-int.com\/pl\/francja-e-reporting-wchodzi-w-zycie-dla-zagranicznych-duzych-i-srednich-firm-bedacych-podatnikami-vat\/","name":"E-reporting wchodzi w \u017cycie 1 wrze\u015bnia 2026 r. we Francji | ASD","isPartOf":{"@id":"https:\/\/www.asd-int.com\/pl\/#website"},"primaryImageOfPage":{"@id":"https:\/\/www.asd-int.com\/pl\/francja-e-reporting-wchodzi-w-zycie-dla-zagranicznych-duzych-i-srednich-firm-bedacych-podatnikami-vat\/#primaryimage"},"image":{"@id":"https:\/\/www.asd-int.com\/pl\/francja-e-reporting-wchodzi-w-zycie-dla-zagranicznych-duzych-i-srednich-firm-bedacych-podatnikami-vat\/#primaryimage"},"thumbnailUrl":"https:\/\/www.asd-int.com\/wp-content\/uploads\/2026\/09\/e-reporting-france-2026.jpg","datePublished":"2026-08-31T22:00:00+00:00","description":"E-reporting wchodzi w \u017cycie dzisiaj dla du\u017cych przedsi\u0119biorstw i ETI. Zagraniczne sp\u00f3\u0142ki podlegaj\u0105ce VAT s\u0105 obj\u0119te tym obowi\u0105zkiem.","breadcrumb":{"@id":"https:\/\/www.asd-int.com\/pl\/francja-e-reporting-wchodzi-w-zycie-dla-zagranicznych-duzych-i-srednich-firm-bedacych-podatnikami-vat\/#breadcrumb"},"inLanguage":"pl-PL","potentialAction":[{"@type":"ReadAction","target":["https:\/\/www.asd-int.com\/pl\/francja-e-reporting-wchodzi-w-zycie-dla-zagranicznych-duzych-i-srednich-firm-bedacych-podatnikami-vat\/"]}]},{"@type":"ImageObject","inLanguage":"pl-PL","@id":"https:\/\/www.asd-int.com\/pl\/francja-e-reporting-wchodzi-w-zycie-dla-zagranicznych-duzych-i-srednich-firm-bedacych-podatnikami-vat\/#primaryimage","url":"https:\/\/www.asd-int.com\/wp-content\/uploads\/2026\/09\/e-reporting-france-2026.jpg","contentUrl":"https:\/\/www.asd-int.com\/wp-content\/uploads\/2026\/09\/e-reporting-france-2026.jpg","width":1440,"height":796,"caption":"Francja: e-reporting wchodzi w \u017cycie dla du\u017cych przedsi\u0119biorstw i przedsi\u0119biorstw \u015bredniej wielko\u015bci (ETI) zagranicznych podlegaj\u0105cych VAT"},{"@type":"BreadcrumbList","@id":"https:\/\/www.asd-int.com\/pl\/francja-e-reporting-wchodzi-w-zycie-dla-zagranicznych-duzych-i-srednich-firm-bedacych-podatnikami-vat\/#breadcrumb","itemListElement":[{"@type":"ListItem","position":1,"name":"ASD Group","item":"https:\/\/www.asd-int.com\/pl\/"},{"@type":"ListItem","position":2,"name":"E-reporting Francja 2026"}]},{"@type":"WebSite","@id":"https:\/\/www.asd-int.com\/pl\/#website","url":"https:\/\/www.asd-int.com\/pl\/","name":"ASD","description":"Tw\u00f3j ekspert w mi\u0119dzynarodowych przepisach podatkowych oraz wewn\u0105trzwsp\u00f3lnotowym VAT","publisher":{"@id":"https:\/\/www.asd-int.com\/pl\/#organization"},"potentialAction":[{"@type":"SearchAction","target":{"@type":"EntryPoint","urlTemplate":"https:\/\/www.asd-int.com\/pl\/?s={search_term_string}"},"query-input":{"@type":"PropertyValueSpecification","valueRequired":true,"valueName":"search_term_string"}}],"inLanguage":"pl-PL"},{"@type":"Organization","@id":"https:\/\/www.asd-int.com\/pl\/#organization","name":"ASD Group","url":"https:\/\/www.asd-int.com\/pl\/","logo":{"@type":"ImageObject","inLanguage":"pl-PL","@id":"https:\/\/www.asd-int.com\/pl\/#\/schema\/logo\/image\/","url":"https:\/\/www.asd-int.com\/wp-content\/uploads\/2020\/07\/Logo-ASD_noir.png","contentUrl":"https:\/\/www.asd-int.com\/wp-content\/uploads\/2020\/07\/Logo-ASD_noir.png","width":1054,"height":714,"caption":"ASD Group"},"image":{"@id":"https:\/\/www.asd-int.com\/pl\/#\/schema\/logo\/image\/"}}]}},"_links":{"self":[{"href":"https:\/\/www.asd-int.com\/pl\/wp-json\/wp\/v2\/mini_blog\/222657","targetHints":{"allow":["GET"]}}],"collection":[{"href":"https:\/\/www.asd-int.com\/pl\/wp-json\/wp\/v2\/mini_blog"}],"about":[{"href":"https:\/\/www.asd-int.com\/pl\/wp-json\/wp\/v2\/types\/mini_blog"}],"author":[{"embeddable":true,"href":"https:\/\/www.asd-int.com\/pl\/wp-json\/wp\/v2\/users\/36"}],"version-history":[{"count":6,"href":"https:\/\/www.asd-int.com\/pl\/wp-json\/wp\/v2\/mini_blog\/222657\/revisions"}],"predecessor-version":[{"id":222736,"href":"https:\/\/www.asd-int.com\/pl\/wp-json\/wp\/v2\/mini_blog\/222657\/revisions\/222736"}],"wp:featuredmedia":[{"embeddable":true,"href":"https:\/\/www.asd-int.com\/pl\/wp-json\/wp\/v2\/media\/222656"}],"wp:attachment":[{"href":"https:\/\/www.asd-int.com\/pl\/wp-json\/wp\/v2\/media?parent=222657"}],"wp:term":[{"taxonomy":"category","embeddable":true,"href":"https:\/\/www.asd-int.com\/pl\/wp-json\/wp\/v2\/categories?post=222657"},{"taxonomy":"post_tag","embeddable":true,"href":"https:\/\/www.asd-int.com\/pl\/wp-json\/wp\/v2\/tags?post=222657"},{"taxonomy":"pays","embeddable":true,"href":"https:\/\/www.asd-int.com\/pl\/wp-json\/wp\/v2\/pays?post=222657"}],"curies":[{"name":"wp","href":"https:\/\/api.w.org\/{rel}","templated":true}]}}