{"id":120031,"date":"2022-01-31T10:10:34","date_gmt":"2022-01-31T09:10:34","guid":{"rendered":"https:\/\/www.asd-int.com\/mini_blog\/franca-introducao-de-um-periodo-de-transicao-no-ambito-da-autoliquidacao-do-iva-nas-importacoes\/"},"modified":"2022-02-09T15:58:45","modified_gmt":"2022-02-09T14:58:45","slug":"franca-introducao-de-um-periodo-de-transicao-no-ambito-da-autoliquidacao-do-iva-nas-importacoes","status":"publish","type":"mini_blog","link":"https:\/\/www.asd-int.com\/pt-pt\/franca-introducao-de-um-periodo-de-transicao-no-ambito-da-autoliquidacao-do-iva-nas-importacoes\/","title":{"rendered":"Fran\u00e7a: Introdu\u00e7\u00e3o de um per\u00edodo de transi\u00e7\u00e3o no \u00e2mbito da autoliquida\u00e7\u00e3o do IVA nas importa\u00e7\u00f5es"},"content":{"rendered":"\n<p>A partir de 1 de janeiro de 2022, o mecanismo de autoliquida\u00e7\u00e3o do IVA nas importa\u00e7\u00f5es foi generalizado e passou a ser obrigat\u00f3rio.\r\n\r\nO principal impacto desta altera\u00e7\u00e3o \u00e9 a<strong>obriga\u00e7\u00e3o de o importador sujeito passivo ser identificado em Fran\u00e7a para efeitos de IVA.<\/strong>\r\n\r\nContudo, para permitir que as empresas cumprem e n\u00e3o t\u00eam as suas mercadorias bloqueadas nas alf\u00e2ndegas francesas, as autoridades aduaneiras e fiscais estabeleceram um per\u00edodo de transi\u00e7\u00e3o at\u00e9 30 de junho de 2022.\r\n\r\nNeste \u00e2mbito, e para beneficiar deste per\u00edodo transit\u00f3rio, uma empresa estabelecida fora da Uni\u00e3o Europeia deve:<\/p>\n\n\n\n<ul class=\"wp-block-list\"><li><a href=\"https:\/\/www.asd-int.com\/pt-pt\/representacao-fiscal-franca\/\">Nomear um representante fiscal acreditado em Fran\u00e7a <\/a> at\u00e9 1 de mar\u00e7o de 2022;<\/li><li>Solicitar o registo de IVA em Fran\u00e7a at\u00e9 1 de mar\u00e7o de 2022.<\/li><\/ul>\n\n\n\n<p>As empresas n\u00e3o estabelecidas na Uni\u00e3o Europeia que n\u00e3o cumprirem estas duas condi\u00e7\u00f5es n\u00e3o poder\u00e3o beneficiar do per\u00edodo transit\u00f3rio e ver\u00e3o todas as suas opera\u00e7\u00f5es de importa\u00e7\u00e3o em Fran\u00e7a bloqueadas. <br><br>Para mais detalhes, contacte-nos.<\/p>\n\n\n\n<p>Fonte: <a href=\"https:\/\/ec.europa.eu\/taxation_customs\/system\/files\/2021-12\/C_2021_9852_1_EN_ACT_part1_v4.pdf\" target=\"_blank\" rel=\"noreferrer noopener\">ec.europa.eu<\/a> (pdf em ingl\u00eas)<\/p>\n","protected":false},"excerpt":{"rendered":"<p>A partir de 1 de janeiro de 2022, o mecanismo de autoliquida\u00e7\u00e3o do IVA nas importa\u00e7\u00f5es foi generalizado e passou a ser obrigat\u00f3rio. O principal&#8230;<\/p>\n","protected":false},"author":36,"featured_media":118866,"menu_order":0,"template":"","format":"standard","meta":{"_eb_attr":"","_lmt_disableupdate":"","_lmt_disable":"","footnotes":""},"categories":[3483,195],"tags":[3484,2055],"pays":[1073],"class_list":["post-120031","mini_blog","type-mini_blog","status-publish","format-standard","has-post-thumbnail","hentry","category-iva-pt-pt","category-todos","tag-iva-pt-pt","tag-todos-pt","pays-france-pt"],"yoast_head":"<!-- This site is optimized with the Yoast SEO plugin v27.4 - https:\/\/yoast.com\/product\/yoast-seo-wordpress\/ -->\n<title>Fran\u00e7a: Introdu\u00e7\u00e3o de um per\u00edodo de transi\u00e7\u00e3o no \u00e2mbito da autoliquida\u00e7\u00e3o do IVA nas importa\u00e7\u00f5es | ASD Group<\/title>\n<meta name=\"description\" content=\"As administra\u00e7\u00f5es aduaneiras e fiscais est\u00e3o a introduzir um per\u00edodo de transi\u00e7\u00e3o no \u00e2mbito da autoliquida\u00e7\u00e3o do IVA nas importa\u00e7\u00f5es.\" \/>\n<meta name=\"robots\" content=\"index, follow, max-snippet:-1, max-image-preview:large, max-video-preview:-1\" \/>\n<link rel=\"canonical\" href=\"https:\/\/www.asd-int.com\/pt-pt\/franca-introducao-de-um-periodo-de-transicao-no-ambito-da-autoliquidacao-do-iva-nas-importacoes\/\" \/>\n<meta property=\"og:locale\" content=\"pt_PT\" \/>\n<meta property=\"og:type\" content=\"article\" \/>\n<meta property=\"og:title\" content=\"Fran\u00e7a: Introdu\u00e7\u00e3o de um per\u00edodo de transi\u00e7\u00e3o no \u00e2mbito da autoliquida\u00e7\u00e3o do IVA nas importa\u00e7\u00f5es | ASD Group\" \/>\n<meta property=\"og:description\" content=\"As administra\u00e7\u00f5es aduaneiras e fiscais est\u00e3o a introduzir um per\u00edodo de transi\u00e7\u00e3o no \u00e2mbito da autoliquida\u00e7\u00e3o do IVA nas importa\u00e7\u00f5es.\" \/>\n<meta property=\"og:url\" content=\"https:\/\/www.asd-int.com\/pt-pt\/franca-introducao-de-um-periodo-de-transicao-no-ambito-da-autoliquidacao-do-iva-nas-importacoes\/\" \/>\n<meta property=\"og:site_name\" content=\"ASD\" \/>\n<meta property=\"article:modified_time\" content=\"2022-02-09T14:58:45+00:00\" \/>\n<meta property=\"og:image\" content=\"https:\/\/www.asd-int.com\/wp-content\/uploads\/2022\/01\/france-periode-transitoire-autoliquidation-tva-importation.jpg\" \/>\n\t<meta property=\"og:image:width\" content=\"1440\" \/>\n\t<meta property=\"og:image:height\" content=\"960\" \/>\n\t<meta property=\"og:image:type\" content=\"image\/jpeg\" \/>\n<meta name=\"twitter:card\" content=\"summary_large_image\" \/>\n<meta name=\"twitter:label1\" content=\"Tempo estimado de leitura\" \/>\n\t<meta name=\"twitter:data1\" content=\"1 minuto\" \/>\n<script type=\"application\/ld+json\" class=\"yoast-schema-graph\">{\"@context\":\"https:\\\/\\\/schema.org\",\"@graph\":[{\"@type\":\"WebPage\",\"@id\":\"https:\\\/\\\/www.asd-int.com\\\/pt-pt\\\/franca-introducao-de-um-periodo-de-transicao-no-ambito-da-autoliquidacao-do-iva-nas-importacoes\\\/\",\"url\":\"https:\\\/\\\/www.asd-int.com\\\/pt-pt\\\/franca-introducao-de-um-periodo-de-transicao-no-ambito-da-autoliquidacao-do-iva-nas-importacoes\\\/\",\"name\":\"Fran\u00e7a: Introdu\u00e7\u00e3o de um per\u00edodo de transi\u00e7\u00e3o no \u00e2mbito da autoliquida\u00e7\u00e3o do IVA nas importa\u00e7\u00f5es | ASD Group\",\"isPartOf\":{\"@id\":\"https:\\\/\\\/www.asd-int.com\\\/pt-pt\\\/#website\"},\"primaryImageOfPage\":{\"@id\":\"https:\\\/\\\/www.asd-int.com\\\/pt-pt\\\/franca-introducao-de-um-periodo-de-transicao-no-ambito-da-autoliquidacao-do-iva-nas-importacoes\\\/#primaryimage\"},\"image\":{\"@id\":\"https:\\\/\\\/www.asd-int.com\\\/pt-pt\\\/franca-introducao-de-um-periodo-de-transicao-no-ambito-da-autoliquidacao-do-iva-nas-importacoes\\\/#primaryimage\"},\"thumbnailUrl\":\"https:\\\/\\\/www.asd-int.com\\\/wp-content\\\/uploads\\\/2022\\\/01\\\/france-periode-transitoire-autoliquidation-tva-importation.jpg\",\"datePublished\":\"2022-01-31T09:10:34+00:00\",\"dateModified\":\"2022-02-09T14:58:45+00:00\",\"description\":\"As administra\u00e7\u00f5es aduaneiras e fiscais est\u00e3o a introduzir um per\u00edodo de transi\u00e7\u00e3o no \u00e2mbito da autoliquida\u00e7\u00e3o do IVA nas importa\u00e7\u00f5es.\",\"breadcrumb\":{\"@id\":\"https:\\\/\\\/www.asd-int.com\\\/pt-pt\\\/franca-introducao-de-um-periodo-de-transicao-no-ambito-da-autoliquidacao-do-iva-nas-importacoes\\\/#breadcrumb\"},\"inLanguage\":\"pt-PT\",\"potentialAction\":[{\"@type\":\"ReadAction\",\"target\":[\"https:\\\/\\\/www.asd-int.com\\\/pt-pt\\\/franca-introducao-de-um-periodo-de-transicao-no-ambito-da-autoliquidacao-do-iva-nas-importacoes\\\/\"]}]},{\"@type\":\"ImageObject\",\"inLanguage\":\"pt-PT\",\"@id\":\"https:\\\/\\\/www.asd-int.com\\\/pt-pt\\\/franca-introducao-de-um-periodo-de-transicao-no-ambito-da-autoliquidacao-do-iva-nas-importacoes\\\/#primaryimage\",\"url\":\"https:\\\/\\\/www.asd-int.com\\\/wp-content\\\/uploads\\\/2022\\\/01\\\/france-periode-transitoire-autoliquidation-tva-importation.jpg\",\"contentUrl\":\"https:\\\/\\\/www.asd-int.com\\\/wp-content\\\/uploads\\\/2022\\\/01\\\/france-periode-transitoire-autoliquidation-tva-importation.jpg\",\"width\":1440,\"height\":960,\"caption\":\"Fran\u00e7a: Introdu\u00e7\u00e3o de um per\u00edodo de transi\u00e7\u00e3o no \u00e2mbito da autoliquida\u00e7\u00e3o do IVA nas importa\u00e7\u00f5es\"},{\"@type\":\"BreadcrumbList\",\"@id\":\"https:\\\/\\\/www.asd-int.com\\\/pt-pt\\\/franca-introducao-de-um-periodo-de-transicao-no-ambito-da-autoliquidacao-do-iva-nas-importacoes\\\/#breadcrumb\",\"itemListElement\":[{\"@type\":\"ListItem\",\"position\":1,\"name\":\"ASD Group\",\"item\":\"https:\\\/\\\/www.asd-int.com\\\/pt-pt\\\/\"},{\"@type\":\"ListItem\",\"position\":2,\"name\":\"Fran\u00e7a: Introdu\u00e7\u00e3o de um per\u00edodo de transi\u00e7\u00e3o no \u00e2mbito da autoliquida\u00e7\u00e3o do IVA nas importa\u00e7\u00f5es\"}]},{\"@type\":\"WebSite\",\"@id\":\"https:\\\/\\\/www.asd-int.com\\\/pt-pt\\\/#website\",\"url\":\"https:\\\/\\\/www.asd-int.com\\\/pt-pt\\\/\",\"name\":\"ASD\",\"description\":\"Simplifique a sua expans\u00e3o Internacional\",\"publisher\":{\"@id\":\"https:\\\/\\\/www.asd-int.com\\\/pt-pt\\\/#organization\"},\"potentialAction\":[{\"@type\":\"SearchAction\",\"target\":{\"@type\":\"EntryPoint\",\"urlTemplate\":\"https:\\\/\\\/www.asd-int.com\\\/pt-pt\\\/?s={search_term_string}\"},\"query-input\":{\"@type\":\"PropertyValueSpecification\",\"valueRequired\":true,\"valueName\":\"search_term_string\"}}],\"inLanguage\":\"pt-PT\"},{\"@type\":\"Organization\",\"@id\":\"https:\\\/\\\/www.asd-int.com\\\/pt-pt\\\/#organization\",\"name\":\"ASD Group\",\"url\":\"https:\\\/\\\/www.asd-int.com\\\/pt-pt\\\/\",\"logo\":{\"@type\":\"ImageObject\",\"inLanguage\":\"pt-PT\",\"@id\":\"https:\\\/\\\/www.asd-int.com\\\/pt-pt\\\/#\\\/schema\\\/logo\\\/image\\\/\",\"url\":\"https:\\\/\\\/www.asd-int.com\\\/wp-content\\\/uploads\\\/2020\\\/07\\\/Logo-ASD_noir.png\",\"contentUrl\":\"https:\\\/\\\/www.asd-int.com\\\/wp-content\\\/uploads\\\/2020\\\/07\\\/Logo-ASD_noir.png\",\"width\":1054,\"height\":714,\"caption\":\"ASD Group\"},\"image\":{\"@id\":\"https:\\\/\\\/www.asd-int.com\\\/pt-pt\\\/#\\\/schema\\\/logo\\\/image\\\/\"}}]}<\/script>\n<!-- \/ Yoast SEO plugin. -->","yoast_head_json":{"title":"Fran\u00e7a: Introdu\u00e7\u00e3o de um per\u00edodo de transi\u00e7\u00e3o no \u00e2mbito da autoliquida\u00e7\u00e3o do IVA nas importa\u00e7\u00f5es | ASD Group","description":"As administra\u00e7\u00f5es aduaneiras e fiscais est\u00e3o a introduzir um per\u00edodo de transi\u00e7\u00e3o no \u00e2mbito da autoliquida\u00e7\u00e3o do IVA nas importa\u00e7\u00f5es.","robots":{"index":"index","follow":"follow","max-snippet":"max-snippet:-1","max-image-preview":"max-image-preview:large","max-video-preview":"max-video-preview:-1"},"canonical":"https:\/\/www.asd-int.com\/pt-pt\/franca-introducao-de-um-periodo-de-transicao-no-ambito-da-autoliquidacao-do-iva-nas-importacoes\/","og_locale":"pt_PT","og_type":"article","og_title":"Fran\u00e7a: Introdu\u00e7\u00e3o de um per\u00edodo de transi\u00e7\u00e3o no \u00e2mbito da autoliquida\u00e7\u00e3o do IVA nas importa\u00e7\u00f5es | ASD Group","og_description":"As administra\u00e7\u00f5es aduaneiras e fiscais est\u00e3o a introduzir um per\u00edodo de transi\u00e7\u00e3o no \u00e2mbito da autoliquida\u00e7\u00e3o do IVA nas importa\u00e7\u00f5es.","og_url":"https:\/\/www.asd-int.com\/pt-pt\/franca-introducao-de-um-periodo-de-transicao-no-ambito-da-autoliquidacao-do-iva-nas-importacoes\/","og_site_name":"ASD","article_modified_time":"2022-02-09T14:58:45+00:00","og_image":[{"width":1440,"height":960,"url":"https:\/\/www.asd-int.com\/wp-content\/uploads\/2022\/01\/france-periode-transitoire-autoliquidation-tva-importation.jpg","type":"image\/jpeg"}],"twitter_card":"summary_large_image","twitter_misc":{"Tempo estimado de leitura":"1 minuto"},"schema":{"@context":"https:\/\/schema.org","@graph":[{"@type":"WebPage","@id":"https:\/\/www.asd-int.com\/pt-pt\/franca-introducao-de-um-periodo-de-transicao-no-ambito-da-autoliquidacao-do-iva-nas-importacoes\/","url":"https:\/\/www.asd-int.com\/pt-pt\/franca-introducao-de-um-periodo-de-transicao-no-ambito-da-autoliquidacao-do-iva-nas-importacoes\/","name":"Fran\u00e7a: Introdu\u00e7\u00e3o de um per\u00edodo de transi\u00e7\u00e3o no \u00e2mbito da autoliquida\u00e7\u00e3o do IVA nas importa\u00e7\u00f5es | ASD Group","isPartOf":{"@id":"https:\/\/www.asd-int.com\/pt-pt\/#website"},"primaryImageOfPage":{"@id":"https:\/\/www.asd-int.com\/pt-pt\/franca-introducao-de-um-periodo-de-transicao-no-ambito-da-autoliquidacao-do-iva-nas-importacoes\/#primaryimage"},"image":{"@id":"https:\/\/www.asd-int.com\/pt-pt\/franca-introducao-de-um-periodo-de-transicao-no-ambito-da-autoliquidacao-do-iva-nas-importacoes\/#primaryimage"},"thumbnailUrl":"https:\/\/www.asd-int.com\/wp-content\/uploads\/2022\/01\/france-periode-transitoire-autoliquidation-tva-importation.jpg","datePublished":"2022-01-31T09:10:34+00:00","dateModified":"2022-02-09T14:58:45+00:00","description":"As administra\u00e7\u00f5es aduaneiras e fiscais est\u00e3o a introduzir um per\u00edodo de transi\u00e7\u00e3o no \u00e2mbito da autoliquida\u00e7\u00e3o do IVA nas importa\u00e7\u00f5es.","breadcrumb":{"@id":"https:\/\/www.asd-int.com\/pt-pt\/franca-introducao-de-um-periodo-de-transicao-no-ambito-da-autoliquidacao-do-iva-nas-importacoes\/#breadcrumb"},"inLanguage":"pt-PT","potentialAction":[{"@type":"ReadAction","target":["https:\/\/www.asd-int.com\/pt-pt\/franca-introducao-de-um-periodo-de-transicao-no-ambito-da-autoliquidacao-do-iva-nas-importacoes\/"]}]},{"@type":"ImageObject","inLanguage":"pt-PT","@id":"https:\/\/www.asd-int.com\/pt-pt\/franca-introducao-de-um-periodo-de-transicao-no-ambito-da-autoliquidacao-do-iva-nas-importacoes\/#primaryimage","url":"https:\/\/www.asd-int.com\/wp-content\/uploads\/2022\/01\/france-periode-transitoire-autoliquidation-tva-importation.jpg","contentUrl":"https:\/\/www.asd-int.com\/wp-content\/uploads\/2022\/01\/france-periode-transitoire-autoliquidation-tva-importation.jpg","width":1440,"height":960,"caption":"Fran\u00e7a: Introdu\u00e7\u00e3o de um per\u00edodo de transi\u00e7\u00e3o no \u00e2mbito da autoliquida\u00e7\u00e3o do IVA nas importa\u00e7\u00f5es"},{"@type":"BreadcrumbList","@id":"https:\/\/www.asd-int.com\/pt-pt\/franca-introducao-de-um-periodo-de-transicao-no-ambito-da-autoliquidacao-do-iva-nas-importacoes\/#breadcrumb","itemListElement":[{"@type":"ListItem","position":1,"name":"ASD Group","item":"https:\/\/www.asd-int.com\/pt-pt\/"},{"@type":"ListItem","position":2,"name":"Fran\u00e7a: Introdu\u00e7\u00e3o de um per\u00edodo de transi\u00e7\u00e3o no \u00e2mbito da autoliquida\u00e7\u00e3o do IVA nas importa\u00e7\u00f5es"}]},{"@type":"WebSite","@id":"https:\/\/www.asd-int.com\/pt-pt\/#website","url":"https:\/\/www.asd-int.com\/pt-pt\/","name":"ASD","description":"Simplifique a sua expans\u00e3o Internacional","publisher":{"@id":"https:\/\/www.asd-int.com\/pt-pt\/#organization"},"potentialAction":[{"@type":"SearchAction","target":{"@type":"EntryPoint","urlTemplate":"https:\/\/www.asd-int.com\/pt-pt\/?s={search_term_string}"},"query-input":{"@type":"PropertyValueSpecification","valueRequired":true,"valueName":"search_term_string"}}],"inLanguage":"pt-PT"},{"@type":"Organization","@id":"https:\/\/www.asd-int.com\/pt-pt\/#organization","name":"ASD Group","url":"https:\/\/www.asd-int.com\/pt-pt\/","logo":{"@type":"ImageObject","inLanguage":"pt-PT","@id":"https:\/\/www.asd-int.com\/pt-pt\/#\/schema\/logo\/image\/","url":"https:\/\/www.asd-int.com\/wp-content\/uploads\/2020\/07\/Logo-ASD_noir.png","contentUrl":"https:\/\/www.asd-int.com\/wp-content\/uploads\/2020\/07\/Logo-ASD_noir.png","width":1054,"height":714,"caption":"ASD Group"},"image":{"@id":"https:\/\/www.asd-int.com\/pt-pt\/#\/schema\/logo\/image\/"}}]}},"_links":{"self":[{"href":"https:\/\/www.asd-int.com\/pt-pt\/wp-json\/wp\/v2\/mini_blog\/120031","targetHints":{"allow":["GET"]}}],"collection":[{"href":"https:\/\/www.asd-int.com\/pt-pt\/wp-json\/wp\/v2\/mini_blog"}],"about":[{"href":"https:\/\/www.asd-int.com\/pt-pt\/wp-json\/wp\/v2\/types\/mini_blog"}],"author":[{"embeddable":true,"href":"https:\/\/www.asd-int.com\/pt-pt\/wp-json\/wp\/v2\/users\/36"}],"version-history":[{"count":0,"href":"https:\/\/www.asd-int.com\/pt-pt\/wp-json\/wp\/v2\/mini_blog\/120031\/revisions"}],"wp:featuredmedia":[{"embeddable":true,"href":"https:\/\/www.asd-int.com\/pt-pt\/wp-json\/wp\/v2\/media\/118866"}],"wp:attachment":[{"href":"https:\/\/www.asd-int.com\/pt-pt\/wp-json\/wp\/v2\/media?parent=120031"}],"wp:term":[{"taxonomy":"category","embeddable":true,"href":"https:\/\/www.asd-int.com\/pt-pt\/wp-json\/wp\/v2\/categories?post=120031"},{"taxonomy":"post_tag","embeddable":true,"href":"https:\/\/www.asd-int.com\/pt-pt\/wp-json\/wp\/v2\/tags?post=120031"},{"taxonomy":"pays","embeddable":true,"href":"https:\/\/www.asd-int.com\/pt-pt\/wp-json\/wp\/v2\/pays?post=120031"}],"curies":[{"name":"wp","href":"https:\/\/api.w.org\/{rel}","templated":true}]}}