{"id":172843,"date":"2024-02-05T13:07:16","date_gmt":"2024-02-05T12:07:16","guid":{"rendered":"https:\/\/www.asd-int.com\/?post_type=mini_blog&#038;p=172843"},"modified":"2024-08-01T16:18:22","modified_gmt":"2024-08-01T14:18:22","slug":"uniao-europeia-novo-mecanismo-de-ajustamento-das-emissoes-de-carbono-nas-fronteiras-macf","status":"publish","type":"mini_blog","link":"https:\/\/www.asd-int.com\/pt-pt\/uniao-europeia-novo-mecanismo-de-ajustamento-das-emissoes-de-carbono-nas-fronteiras-macf\/","title":{"rendered":"Uni\u00e3o Europeia: Novo mecanismo de ajustamento das emiss\u00f5es de carbono nas fronteiras (MACF)"},"content":{"rendered":"\n<p>O Mecanismo de Ajustamento das Emiss\u00f5es de Carbono nas Fronteiras, tamb\u00e9m conhecido como <strong>CBAM (Carbon Border Adjustment Mechanism)<\/strong> \u00e9 um novo instrumento regulamentar introduzido pela <a href=\"https:\/\/european-union.europa.eu\/index_pt\" target=\"_blank\" rel=\"noopener\">Uni\u00e3o Europeia<\/a> a partir de 1 de outubro de 2023.<\/p>\n\n<p>O objetivo deste mecanismo \u00e9 sujeitar os produtos importados para o territ\u00f3rio aduaneiro da UE a uma <strong>tarifa\u00e7\u00e3o do carbono<\/strong> equivalente \u00e0 aplicada aos fabricantes europeus desses produtos.<\/p>\n\n<p>O principal objetivo deste regime \u00e9 <strong>combater a fuga de carbono<\/strong>, num contexto de ambi\u00e7\u00f5es clim\u00e1ticas acrescidas a n\u00edvel europeu.<\/p>\n\n<p>A fim de limitar a complexidade do sistema, o MACF aplicar-se-\u00e1 inicialmente apenas a certos bens ditos &#8220;simples&#8221; que est\u00e3o muito expostos ao risco de fuga de carbono:<\/p>\n\n<ul class=\"wp-block-list\">\n<li>A\u00e7o,<\/li>\n\n\n\n<li>Cimento,<\/li>\n\n\n\n<li>Alum\u00ednio,<\/li>\n\n\n\n<li>Adubos azotados,<\/li>\n\n\n\n<li>Hidrog\u00e9nio.<\/li>\n<\/ul>\n\n<p>Em conjunto, estes sectores s\u00e3o respons\u00e1veis por cerca de metade das emiss\u00f5es industriais na UE.<\/p>\n\n<p><em>O ASD Group n\u00e3o oferece este servi\u00e7o a importadores n\u00e3o comunit\u00e1rios.<\/em>&#13;\n&#13;\n<a href=\"https:\/\/www.asd-int.com\/pt-pt\/contacto\/\">Contacte agora os nossos especialistas<\/a> se tiver d\u00favidas ou precisar de mais informa\u00e7\u00f5es.<\/p>\n","protected":false},"excerpt":{"rendered":"<p>O Mecanismo de Ajustamento das Emiss\u00f5es de Carbono nas Fronteiras, tamb\u00e9m conhecido como CBAM (Carbon Border Adjustment Mechanism) \u00e9 um novo instrumento regulamentar introduzido pela&#8230;<\/p>\n","protected":false},"author":36,"featured_media":172824,"menu_order":0,"template":"","format":"standard","meta":{"_eb_attr":"","_lmt_disableupdate":"","_lmt_disable":"","footnotes":""},"categories":[3584],"tags":[4509],"pays":[3458],"class_list":["post-172843","mini_blog","type-mini_blog","status-publish","format-standard","has-post-thumbnail","hentry","category-requisitos-aduaneiros","tag-mecanismo-de-ajustamento-carbonico-fronteirico-macf","pays-uniao-europeia"],"yoast_head":"<!-- This site is optimized with the Yoast SEO plugin v27.4 - https:\/\/yoast.com\/product\/yoast-seo-wordpress\/ -->\n<title>Uni\u00e3o Europeia: Novo mecanismo de ajustamento das emiss\u00f5es de carbono nas fronteiras (MACF) | ASD Group<\/title>\n<meta name=\"description\" content=\"Em 1 de outubro de 2023, a UE introduziu o Mecanismo de Ajustamento \u00e0s Emiss\u00f5es de Carbono nas Fronteiras (MACF).\" \/>\n<meta name=\"robots\" content=\"index, follow, max-snippet:-1, max-image-preview:large, max-video-preview:-1\" \/>\n<link rel=\"canonical\" href=\"https:\/\/www.asd-int.com\/pt-pt\/uniao-europeia-novo-mecanismo-de-ajustamento-das-emissoes-de-carbono-nas-fronteiras-macf\/\" \/>\n<meta property=\"og:locale\" content=\"pt_PT\" \/>\n<meta property=\"og:type\" content=\"article\" \/>\n<meta property=\"og:title\" content=\"Uni\u00e3o Europeia: Novo mecanismo de ajustamento das emiss\u00f5es de carbono nas fronteiras (MACF) | ASD Group\" \/>\n<meta property=\"og:description\" content=\"Em 1 de outubro de 2023, a UE introduziu o Mecanismo de Ajustamento \u00e0s Emiss\u00f5es de Carbono nas Fronteiras (MACF).\" \/>\n<meta property=\"og:url\" content=\"https:\/\/www.asd-int.com\/pt-pt\/uniao-europeia-novo-mecanismo-de-ajustamento-das-emissoes-de-carbono-nas-fronteiras-macf\/\" \/>\n<meta property=\"og:site_name\" content=\"ASD\" \/>\n<meta property=\"article:modified_time\" content=\"2024-08-01T14:18:22+00:00\" \/>\n<meta property=\"og:image\" content=\"https:\/\/www.asd-int.com\/wp-content\/uploads\/2024\/02\/Le-Mecanisme-dAjustement-Carbone-aux-Frontieres-MACF.jpg\" \/>\n\t<meta property=\"og:image:width\" content=\"1440\" \/>\n\t<meta property=\"og:image:height\" content=\"1085\" \/>\n\t<meta property=\"og:image:type\" content=\"image\/jpeg\" \/>\n<meta name=\"twitter:card\" content=\"summary_large_image\" \/>\n<meta name=\"twitter:label1\" content=\"Tempo estimado de leitura\" \/>\n\t<meta name=\"twitter:data1\" content=\"1 minuto\" \/>\n<script type=\"application\/ld+json\" class=\"yoast-schema-graph\">{\"@context\":\"https:\\\/\\\/schema.org\",\"@graph\":[{\"@type\":\"WebPage\",\"@id\":\"https:\\\/\\\/www.asd-int.com\\\/pt-pt\\\/uniao-europeia-novo-mecanismo-de-ajustamento-das-emissoes-de-carbono-nas-fronteiras-macf\\\/\",\"url\":\"https:\\\/\\\/www.asd-int.com\\\/pt-pt\\\/uniao-europeia-novo-mecanismo-de-ajustamento-das-emissoes-de-carbono-nas-fronteiras-macf\\\/\",\"name\":\"Uni\u00e3o Europeia: Novo mecanismo de ajustamento das emiss\u00f5es de carbono nas fronteiras (MACF) | ASD Group\",\"isPartOf\":{\"@id\":\"https:\\\/\\\/www.asd-int.com\\\/pt-pt\\\/#website\"},\"primaryImageOfPage\":{\"@id\":\"https:\\\/\\\/www.asd-int.com\\\/pt-pt\\\/uniao-europeia-novo-mecanismo-de-ajustamento-das-emissoes-de-carbono-nas-fronteiras-macf\\\/#primaryimage\"},\"image\":{\"@id\":\"https:\\\/\\\/www.asd-int.com\\\/pt-pt\\\/uniao-europeia-novo-mecanismo-de-ajustamento-das-emissoes-de-carbono-nas-fronteiras-macf\\\/#primaryimage\"},\"thumbnailUrl\":\"https:\\\/\\\/www.asd-int.com\\\/wp-content\\\/uploads\\\/2024\\\/02\\\/Le-Mecanisme-dAjustement-Carbone-aux-Frontieres-MACF.jpg\",\"datePublished\":\"2024-02-05T12:07:16+00:00\",\"dateModified\":\"2024-08-01T14:18:22+00:00\",\"description\":\"Em 1 de outubro de 2023, a UE introduziu o Mecanismo de Ajustamento \u00e0s Emiss\u00f5es de Carbono nas Fronteiras (MACF).\",\"breadcrumb\":{\"@id\":\"https:\\\/\\\/www.asd-int.com\\\/pt-pt\\\/uniao-europeia-novo-mecanismo-de-ajustamento-das-emissoes-de-carbono-nas-fronteiras-macf\\\/#breadcrumb\"},\"inLanguage\":\"pt-PT\",\"potentialAction\":[{\"@type\":\"ReadAction\",\"target\":[\"https:\\\/\\\/www.asd-int.com\\\/pt-pt\\\/uniao-europeia-novo-mecanismo-de-ajustamento-das-emissoes-de-carbono-nas-fronteiras-macf\\\/\"]}]},{\"@type\":\"ImageObject\",\"inLanguage\":\"pt-PT\",\"@id\":\"https:\\\/\\\/www.asd-int.com\\\/pt-pt\\\/uniao-europeia-novo-mecanismo-de-ajustamento-das-emissoes-de-carbono-nas-fronteiras-macf\\\/#primaryimage\",\"url\":\"https:\\\/\\\/www.asd-int.com\\\/wp-content\\\/uploads\\\/2024\\\/02\\\/Le-Mecanisme-dAjustement-Carbone-aux-Frontieres-MACF.jpg\",\"contentUrl\":\"https:\\\/\\\/www.asd-int.com\\\/wp-content\\\/uploads\\\/2024\\\/02\\\/Le-Mecanisme-dAjustement-Carbone-aux-Frontieres-MACF.jpg\",\"width\":1440,\"height\":1085,\"caption\":\"Le M\u00e9canisme d\u2019Ajustement Carbone aux Fronti\u00e8res (MACF)\"},{\"@type\":\"BreadcrumbList\",\"@id\":\"https:\\\/\\\/www.asd-int.com\\\/pt-pt\\\/uniao-europeia-novo-mecanismo-de-ajustamento-das-emissoes-de-carbono-nas-fronteiras-macf\\\/#breadcrumb\",\"itemListElement\":[{\"@type\":\"ListItem\",\"position\":1,\"name\":\"ASD Group\",\"item\":\"https:\\\/\\\/www.asd-int.com\\\/pt-pt\\\/\"},{\"@type\":\"ListItem\",\"position\":2,\"name\":\"Mecanismo de ajustamento das emiss\u00f5es de carbono nas fronteiras (MACF)\"}]},{\"@type\":\"WebSite\",\"@id\":\"https:\\\/\\\/www.asd-int.com\\\/pt-pt\\\/#website\",\"url\":\"https:\\\/\\\/www.asd-int.com\\\/pt-pt\\\/\",\"name\":\"ASD\",\"description\":\"Simplifique a sua expans\u00e3o Internacional\",\"publisher\":{\"@id\":\"https:\\\/\\\/www.asd-int.com\\\/pt-pt\\\/#organization\"},\"potentialAction\":[{\"@type\":\"SearchAction\",\"target\":{\"@type\":\"EntryPoint\",\"urlTemplate\":\"https:\\\/\\\/www.asd-int.com\\\/pt-pt\\\/?s={search_term_string}\"},\"query-input\":{\"@type\":\"PropertyValueSpecification\",\"valueRequired\":true,\"valueName\":\"search_term_string\"}}],\"inLanguage\":\"pt-PT\"},{\"@type\":\"Organization\",\"@id\":\"https:\\\/\\\/www.asd-int.com\\\/pt-pt\\\/#organization\",\"name\":\"ASD Group\",\"url\":\"https:\\\/\\\/www.asd-int.com\\\/pt-pt\\\/\",\"logo\":{\"@type\":\"ImageObject\",\"inLanguage\":\"pt-PT\",\"@id\":\"https:\\\/\\\/www.asd-int.com\\\/pt-pt\\\/#\\\/schema\\\/logo\\\/image\\\/\",\"url\":\"https:\\\/\\\/www.asd-int.com\\\/wp-content\\\/uploads\\\/2020\\\/07\\\/Logo-ASD_noir.png\",\"contentUrl\":\"https:\\\/\\\/www.asd-int.com\\\/wp-content\\\/uploads\\\/2020\\\/07\\\/Logo-ASD_noir.png\",\"width\":1054,\"height\":714,\"caption\":\"ASD Group\"},\"image\":{\"@id\":\"https:\\\/\\\/www.asd-int.com\\\/pt-pt\\\/#\\\/schema\\\/logo\\\/image\\\/\"}}]}<\/script>\n<!-- \/ Yoast SEO plugin. -->","yoast_head_json":{"title":"Uni\u00e3o Europeia: Novo mecanismo de ajustamento das emiss\u00f5es de carbono nas fronteiras (MACF) | ASD Group","description":"Em 1 de outubro de 2023, a UE introduziu o Mecanismo de Ajustamento \u00e0s Emiss\u00f5es de Carbono nas Fronteiras (MACF).","robots":{"index":"index","follow":"follow","max-snippet":"max-snippet:-1","max-image-preview":"max-image-preview:large","max-video-preview":"max-video-preview:-1"},"canonical":"https:\/\/www.asd-int.com\/pt-pt\/uniao-europeia-novo-mecanismo-de-ajustamento-das-emissoes-de-carbono-nas-fronteiras-macf\/","og_locale":"pt_PT","og_type":"article","og_title":"Uni\u00e3o Europeia: Novo mecanismo de ajustamento das emiss\u00f5es de carbono nas fronteiras (MACF) | ASD Group","og_description":"Em 1 de outubro de 2023, a UE introduziu o Mecanismo de Ajustamento \u00e0s Emiss\u00f5es de Carbono nas Fronteiras (MACF).","og_url":"https:\/\/www.asd-int.com\/pt-pt\/uniao-europeia-novo-mecanismo-de-ajustamento-das-emissoes-de-carbono-nas-fronteiras-macf\/","og_site_name":"ASD","article_modified_time":"2024-08-01T14:18:22+00:00","og_image":[{"width":1440,"height":1085,"url":"https:\/\/www.asd-int.com\/wp-content\/uploads\/2024\/02\/Le-Mecanisme-dAjustement-Carbone-aux-Frontieres-MACF.jpg","type":"image\/jpeg"}],"twitter_card":"summary_large_image","twitter_misc":{"Tempo estimado de leitura":"1 minuto"},"schema":{"@context":"https:\/\/schema.org","@graph":[{"@type":"WebPage","@id":"https:\/\/www.asd-int.com\/pt-pt\/uniao-europeia-novo-mecanismo-de-ajustamento-das-emissoes-de-carbono-nas-fronteiras-macf\/","url":"https:\/\/www.asd-int.com\/pt-pt\/uniao-europeia-novo-mecanismo-de-ajustamento-das-emissoes-de-carbono-nas-fronteiras-macf\/","name":"Uni\u00e3o Europeia: Novo mecanismo de ajustamento das emiss\u00f5es de carbono nas fronteiras (MACF) | ASD Group","isPartOf":{"@id":"https:\/\/www.asd-int.com\/pt-pt\/#website"},"primaryImageOfPage":{"@id":"https:\/\/www.asd-int.com\/pt-pt\/uniao-europeia-novo-mecanismo-de-ajustamento-das-emissoes-de-carbono-nas-fronteiras-macf\/#primaryimage"},"image":{"@id":"https:\/\/www.asd-int.com\/pt-pt\/uniao-europeia-novo-mecanismo-de-ajustamento-das-emissoes-de-carbono-nas-fronteiras-macf\/#primaryimage"},"thumbnailUrl":"https:\/\/www.asd-int.com\/wp-content\/uploads\/2024\/02\/Le-Mecanisme-dAjustement-Carbone-aux-Frontieres-MACF.jpg","datePublished":"2024-02-05T12:07:16+00:00","dateModified":"2024-08-01T14:18:22+00:00","description":"Em 1 de outubro de 2023, a UE introduziu o Mecanismo de Ajustamento \u00e0s Emiss\u00f5es de Carbono nas Fronteiras (MACF).","breadcrumb":{"@id":"https:\/\/www.asd-int.com\/pt-pt\/uniao-europeia-novo-mecanismo-de-ajustamento-das-emissoes-de-carbono-nas-fronteiras-macf\/#breadcrumb"},"inLanguage":"pt-PT","potentialAction":[{"@type":"ReadAction","target":["https:\/\/www.asd-int.com\/pt-pt\/uniao-europeia-novo-mecanismo-de-ajustamento-das-emissoes-de-carbono-nas-fronteiras-macf\/"]}]},{"@type":"ImageObject","inLanguage":"pt-PT","@id":"https:\/\/www.asd-int.com\/pt-pt\/uniao-europeia-novo-mecanismo-de-ajustamento-das-emissoes-de-carbono-nas-fronteiras-macf\/#primaryimage","url":"https:\/\/www.asd-int.com\/wp-content\/uploads\/2024\/02\/Le-Mecanisme-dAjustement-Carbone-aux-Frontieres-MACF.jpg","contentUrl":"https:\/\/www.asd-int.com\/wp-content\/uploads\/2024\/02\/Le-Mecanisme-dAjustement-Carbone-aux-Frontieres-MACF.jpg","width":1440,"height":1085,"caption":"Le M\u00e9canisme d\u2019Ajustement Carbone aux Fronti\u00e8res (MACF)"},{"@type":"BreadcrumbList","@id":"https:\/\/www.asd-int.com\/pt-pt\/uniao-europeia-novo-mecanismo-de-ajustamento-das-emissoes-de-carbono-nas-fronteiras-macf\/#breadcrumb","itemListElement":[{"@type":"ListItem","position":1,"name":"ASD Group","item":"https:\/\/www.asd-int.com\/pt-pt\/"},{"@type":"ListItem","position":2,"name":"Mecanismo de ajustamento das emiss\u00f5es de carbono nas fronteiras (MACF)"}]},{"@type":"WebSite","@id":"https:\/\/www.asd-int.com\/pt-pt\/#website","url":"https:\/\/www.asd-int.com\/pt-pt\/","name":"ASD","description":"Simplifique a sua expans\u00e3o Internacional","publisher":{"@id":"https:\/\/www.asd-int.com\/pt-pt\/#organization"},"potentialAction":[{"@type":"SearchAction","target":{"@type":"EntryPoint","urlTemplate":"https:\/\/www.asd-int.com\/pt-pt\/?s={search_term_string}"},"query-input":{"@type":"PropertyValueSpecification","valueRequired":true,"valueName":"search_term_string"}}],"inLanguage":"pt-PT"},{"@type":"Organization","@id":"https:\/\/www.asd-int.com\/pt-pt\/#organization","name":"ASD Group","url":"https:\/\/www.asd-int.com\/pt-pt\/","logo":{"@type":"ImageObject","inLanguage":"pt-PT","@id":"https:\/\/www.asd-int.com\/pt-pt\/#\/schema\/logo\/image\/","url":"https:\/\/www.asd-int.com\/wp-content\/uploads\/2020\/07\/Logo-ASD_noir.png","contentUrl":"https:\/\/www.asd-int.com\/wp-content\/uploads\/2020\/07\/Logo-ASD_noir.png","width":1054,"height":714,"caption":"ASD Group"},"image":{"@id":"https:\/\/www.asd-int.com\/pt-pt\/#\/schema\/logo\/image\/"}}]}},"_links":{"self":[{"href":"https:\/\/www.asd-int.com\/pt-pt\/wp-json\/wp\/v2\/mini_blog\/172843","targetHints":{"allow":["GET"]}}],"collection":[{"href":"https:\/\/www.asd-int.com\/pt-pt\/wp-json\/wp\/v2\/mini_blog"}],"about":[{"href":"https:\/\/www.asd-int.com\/pt-pt\/wp-json\/wp\/v2\/types\/mini_blog"}],"author":[{"embeddable":true,"href":"https:\/\/www.asd-int.com\/pt-pt\/wp-json\/wp\/v2\/users\/36"}],"version-history":[{"count":5,"href":"https:\/\/www.asd-int.com\/pt-pt\/wp-json\/wp\/v2\/mini_blog\/172843\/revisions"}],"predecessor-version":[{"id":179354,"href":"https:\/\/www.asd-int.com\/pt-pt\/wp-json\/wp\/v2\/mini_blog\/172843\/revisions\/179354"}],"wp:featuredmedia":[{"embeddable":true,"href":"https:\/\/www.asd-int.com\/pt-pt\/wp-json\/wp\/v2\/media\/172824"}],"wp:attachment":[{"href":"https:\/\/www.asd-int.com\/pt-pt\/wp-json\/wp\/v2\/media?parent=172843"}],"wp:term":[{"taxonomy":"category","embeddable":true,"href":"https:\/\/www.asd-int.com\/pt-pt\/wp-json\/wp\/v2\/categories?post=172843"},{"taxonomy":"post_tag","embeddable":true,"href":"https:\/\/www.asd-int.com\/pt-pt\/wp-json\/wp\/v2\/tags?post=172843"},{"taxonomy":"pays","embeddable":true,"href":"https:\/\/www.asd-int.com\/pt-pt\/wp-json\/wp\/v2\/pays?post=172843"}],"curies":[{"name":"wp","href":"https:\/\/api.w.org\/{rel}","templated":true}]}}