{"id":186336,"date":"2025-01-13T13:17:18","date_gmt":"2025-01-13T12:17:18","guid":{"rendered":"https:\/\/www.asd-int.com\/?post_type=mini_blog&#038;p=186336"},"modified":"2025-01-13T13:28:28","modified_gmt":"2025-01-13T12:28:28","slug":"estonia-aumento-da-taxa-padrao-de-iva","status":"publish","type":"mini_blog","link":"https:\/\/www.asd-int.com\/pt-pt\/estonia-aumento-da-taxa-padrao-de-iva\/","title":{"rendered":"Est\u00f3nia: Aumento da taxa padr\u00e3o de IVA"},"content":{"rendered":"\n<p>O governo da Est\u00f3nia aprovou, no dia 11 de dezembro de 2024, a <strong>introdu\u00e7\u00e3o do imposto de seguran\u00e7a tempor\u00e1rio <\/strong>(em vigor at\u00e9 ao final de 2028) com o objetivo de desenvolver as capacidades de defesa e os investimentos em mat\u00e9ria de seguran\u00e7a da Est\u00f3nia.<\/p>\n\n\n\n<p>O imposto tempor\u00e1rio sobre valores mobili\u00e1rios inclui tr\u00eas medidas fiscais distintas, uma das quais consiste no <strong>aumento, a partir de 1 de julho de 2025, da taxa de IVA em 2 pontos percentuais<\/strong>, passando de 22% para 24%.<\/p>\n\n\n\n<p>Para mais informa\u00e7\u00f5es sobre este assunto ou para determinar a aplica\u00e7\u00e3o de uma taxa reduzida \u00e0s suas opera\u00e7\u00f5es, <a href=\"https:\/\/www.asd-int.com\/pt-pt\/contacto\/\">contacte os nossos especialistas<\/a>!<\/p>\n\n\n\n<p>Fonte: <a href=\"https:\/\/www.riigikogu.ee\/tegevus\/eelnoud\/eelnou\/34d9788f-38ac-4530-b10b-ad2447b3ecac\/julgeolekumaksu-seaduse-eelnou-512-se\/\" target=\"_blank\" rel=\"noopener\">Parlamento Est\u00f3nio<\/a> (em est\u00f3nio)<\/p>\n","protected":false},"excerpt":{"rendered":"<p>O governo da Est\u00f3nia aprovou, no dia 11 de dezembro de 2024, a introdu\u00e7\u00e3o do imposto de seguran\u00e7a tempor\u00e1rio (em vigor at\u00e9 ao final de&#8230;<\/p>\n","protected":false},"author":36,"featured_media":186232,"menu_order":0,"template":"","format":"standard","meta":{"_eb_attr":"","_lmt_disableupdate":"","_lmt_disable":"","footnotes":""},"categories":[3483],"tags":[4327],"pays":[1632],"class_list":["post-186336","mini_blog","type-mini_blog","status-publish","format-standard","has-post-thumbnail","hentry","category-iva-pt-pt","tag-taxas-de-iva","pays-estonie-pt"],"yoast_head":"<!-- This site is optimized with the Yoast SEO plugin v27.4 - https:\/\/yoast.com\/product\/yoast-seo-wordpress\/ -->\n<title>Est\u00f3nia: Aumento da taxa padr\u00e3o de IVA | ASD<\/title>\n<meta name=\"description\" content=\"O Governo da Est\u00f3nia adoptou um novo imposto que altera as taxas do IVA a partir de julho de 2025.\" \/>\n<meta name=\"robots\" content=\"index, follow, max-snippet:-1, max-image-preview:large, max-video-preview:-1\" \/>\n<link rel=\"canonical\" href=\"https:\/\/www.asd-int.com\/pt-pt\/estonia-aumento-da-taxa-padrao-de-iva\/\" \/>\n<meta property=\"og:locale\" content=\"pt_PT\" \/>\n<meta property=\"og:type\" content=\"article\" \/>\n<meta property=\"og:title\" content=\"Est\u00f3nia: Aumento da taxa padr\u00e3o de IVA | ASD\" \/>\n<meta property=\"og:description\" content=\"O Governo da Est\u00f3nia adoptou um novo imposto que altera as taxas do IVA a partir de julho de 2025.\" \/>\n<meta property=\"og:url\" content=\"https:\/\/www.asd-int.com\/pt-pt\/estonia-aumento-da-taxa-padrao-de-iva\/\" \/>\n<meta property=\"og:site_name\" content=\"ASD\" \/>\n<meta property=\"article:modified_time\" content=\"2025-01-13T12:28:28+00:00\" \/>\n<meta property=\"og:image\" content=\"https:\/\/www.asd-int.com\/wp-content\/uploads\/2024\/12\/Estonie-Augmentation-du-taux-standard-de-TVA.jpg\" \/>\n\t<meta property=\"og:image:width\" content=\"1440\" \/>\n\t<meta property=\"og:image:height\" content=\"960\" \/>\n\t<meta property=\"og:image:type\" content=\"image\/jpeg\" \/>\n<meta name=\"twitter:card\" content=\"summary_large_image\" \/>\n<meta name=\"twitter:label1\" content=\"Tempo estimado de leitura\" \/>\n\t<meta name=\"twitter:data1\" content=\"1 minuto\" \/>\n<script type=\"application\/ld+json\" class=\"yoast-schema-graph\">{\"@context\":\"https:\\\/\\\/schema.org\",\"@graph\":[{\"@type\":\"WebPage\",\"@id\":\"https:\\\/\\\/www.asd-int.com\\\/pt-pt\\\/estonia-aumento-da-taxa-padrao-de-iva\\\/\",\"url\":\"https:\\\/\\\/www.asd-int.com\\\/pt-pt\\\/estonia-aumento-da-taxa-padrao-de-iva\\\/\",\"name\":\"Est\u00f3nia: Aumento da taxa padr\u00e3o de IVA | ASD\",\"isPartOf\":{\"@id\":\"https:\\\/\\\/www.asd-int.com\\\/pt-pt\\\/#website\"},\"primaryImageOfPage\":{\"@id\":\"https:\\\/\\\/www.asd-int.com\\\/pt-pt\\\/estonia-aumento-da-taxa-padrao-de-iva\\\/#primaryimage\"},\"image\":{\"@id\":\"https:\\\/\\\/www.asd-int.com\\\/pt-pt\\\/estonia-aumento-da-taxa-padrao-de-iva\\\/#primaryimage\"},\"thumbnailUrl\":\"https:\\\/\\\/www.asd-int.com\\\/wp-content\\\/uploads\\\/2024\\\/12\\\/Estonie-Augmentation-du-taux-standard-de-TVA.jpg\",\"datePublished\":\"2025-01-13T12:17:18+00:00\",\"dateModified\":\"2025-01-13T12:28:28+00:00\",\"description\":\"O Governo da Est\u00f3nia adoptou um novo imposto que altera as taxas do IVA a partir de julho de 2025.\",\"breadcrumb\":{\"@id\":\"https:\\\/\\\/www.asd-int.com\\\/pt-pt\\\/estonia-aumento-da-taxa-padrao-de-iva\\\/#breadcrumb\"},\"inLanguage\":\"pt-PT\",\"potentialAction\":[{\"@type\":\"ReadAction\",\"target\":[\"https:\\\/\\\/www.asd-int.com\\\/pt-pt\\\/estonia-aumento-da-taxa-padrao-de-iva\\\/\"]}]},{\"@type\":\"ImageObject\",\"inLanguage\":\"pt-PT\",\"@id\":\"https:\\\/\\\/www.asd-int.com\\\/pt-pt\\\/estonia-aumento-da-taxa-padrao-de-iva\\\/#primaryimage\",\"url\":\"https:\\\/\\\/www.asd-int.com\\\/wp-content\\\/uploads\\\/2024\\\/12\\\/Estonie-Augmentation-du-taux-standard-de-TVA.jpg\",\"contentUrl\":\"https:\\\/\\\/www.asd-int.com\\\/wp-content\\\/uploads\\\/2024\\\/12\\\/Estonie-Augmentation-du-taux-standard-de-TVA.jpg\",\"width\":1440,\"height\":960,\"caption\":\"Estonie : Augmentation du taux standard de TVA\"},{\"@type\":\"BreadcrumbList\",\"@id\":\"https:\\\/\\\/www.asd-int.com\\\/pt-pt\\\/estonia-aumento-da-taxa-padrao-de-iva\\\/#breadcrumb\",\"itemListElement\":[{\"@type\":\"ListItem\",\"position\":1,\"name\":\"ASD Group\",\"item\":\"https:\\\/\\\/www.asd-int.com\\\/pt-pt\\\/\"},{\"@type\":\"ListItem\",\"position\":2,\"name\":\"Est\u00f3nia: Aumento da taxa padr\u00e3o de IVA\"}]},{\"@type\":\"WebSite\",\"@id\":\"https:\\\/\\\/www.asd-int.com\\\/pt-pt\\\/#website\",\"url\":\"https:\\\/\\\/www.asd-int.com\\\/pt-pt\\\/\",\"name\":\"ASD\",\"description\":\"Simplifique a sua expans\u00e3o Internacional\",\"publisher\":{\"@id\":\"https:\\\/\\\/www.asd-int.com\\\/pt-pt\\\/#organization\"},\"potentialAction\":[{\"@type\":\"SearchAction\",\"target\":{\"@type\":\"EntryPoint\",\"urlTemplate\":\"https:\\\/\\\/www.asd-int.com\\\/pt-pt\\\/?s={search_term_string}\"},\"query-input\":{\"@type\":\"PropertyValueSpecification\",\"valueRequired\":true,\"valueName\":\"search_term_string\"}}],\"inLanguage\":\"pt-PT\"},{\"@type\":\"Organization\",\"@id\":\"https:\\\/\\\/www.asd-int.com\\\/pt-pt\\\/#organization\",\"name\":\"ASD Group\",\"url\":\"https:\\\/\\\/www.asd-int.com\\\/pt-pt\\\/\",\"logo\":{\"@type\":\"ImageObject\",\"inLanguage\":\"pt-PT\",\"@id\":\"https:\\\/\\\/www.asd-int.com\\\/pt-pt\\\/#\\\/schema\\\/logo\\\/image\\\/\",\"url\":\"https:\\\/\\\/www.asd-int.com\\\/wp-content\\\/uploads\\\/2020\\\/07\\\/Logo-ASD_noir.png\",\"contentUrl\":\"https:\\\/\\\/www.asd-int.com\\\/wp-content\\\/uploads\\\/2020\\\/07\\\/Logo-ASD_noir.png\",\"width\":1054,\"height\":714,\"caption\":\"ASD Group\"},\"image\":{\"@id\":\"https:\\\/\\\/www.asd-int.com\\\/pt-pt\\\/#\\\/schema\\\/logo\\\/image\\\/\"}}]}<\/script>\n<!-- \/ Yoast SEO plugin. -->","yoast_head_json":{"title":"Est\u00f3nia: Aumento da taxa padr\u00e3o de IVA | ASD","description":"O Governo da Est\u00f3nia adoptou um novo imposto que altera as taxas do IVA a partir de julho de 2025.","robots":{"index":"index","follow":"follow","max-snippet":"max-snippet:-1","max-image-preview":"max-image-preview:large","max-video-preview":"max-video-preview:-1"},"canonical":"https:\/\/www.asd-int.com\/pt-pt\/estonia-aumento-da-taxa-padrao-de-iva\/","og_locale":"pt_PT","og_type":"article","og_title":"Est\u00f3nia: Aumento da taxa padr\u00e3o de IVA | ASD","og_description":"O Governo da Est\u00f3nia adoptou um novo imposto que altera as taxas do IVA a partir de julho de 2025.","og_url":"https:\/\/www.asd-int.com\/pt-pt\/estonia-aumento-da-taxa-padrao-de-iva\/","og_site_name":"ASD","article_modified_time":"2025-01-13T12:28:28+00:00","og_image":[{"width":1440,"height":960,"url":"https:\/\/www.asd-int.com\/wp-content\/uploads\/2024\/12\/Estonie-Augmentation-du-taux-standard-de-TVA.jpg","type":"image\/jpeg"}],"twitter_card":"summary_large_image","twitter_misc":{"Tempo estimado de leitura":"1 minuto"},"schema":{"@context":"https:\/\/schema.org","@graph":[{"@type":"WebPage","@id":"https:\/\/www.asd-int.com\/pt-pt\/estonia-aumento-da-taxa-padrao-de-iva\/","url":"https:\/\/www.asd-int.com\/pt-pt\/estonia-aumento-da-taxa-padrao-de-iva\/","name":"Est\u00f3nia: Aumento da taxa padr\u00e3o de IVA | ASD","isPartOf":{"@id":"https:\/\/www.asd-int.com\/pt-pt\/#website"},"primaryImageOfPage":{"@id":"https:\/\/www.asd-int.com\/pt-pt\/estonia-aumento-da-taxa-padrao-de-iva\/#primaryimage"},"image":{"@id":"https:\/\/www.asd-int.com\/pt-pt\/estonia-aumento-da-taxa-padrao-de-iva\/#primaryimage"},"thumbnailUrl":"https:\/\/www.asd-int.com\/wp-content\/uploads\/2024\/12\/Estonie-Augmentation-du-taux-standard-de-TVA.jpg","datePublished":"2025-01-13T12:17:18+00:00","dateModified":"2025-01-13T12:28:28+00:00","description":"O Governo da Est\u00f3nia adoptou um novo imposto que altera as taxas do IVA a partir de julho de 2025.","breadcrumb":{"@id":"https:\/\/www.asd-int.com\/pt-pt\/estonia-aumento-da-taxa-padrao-de-iva\/#breadcrumb"},"inLanguage":"pt-PT","potentialAction":[{"@type":"ReadAction","target":["https:\/\/www.asd-int.com\/pt-pt\/estonia-aumento-da-taxa-padrao-de-iva\/"]}]},{"@type":"ImageObject","inLanguage":"pt-PT","@id":"https:\/\/www.asd-int.com\/pt-pt\/estonia-aumento-da-taxa-padrao-de-iva\/#primaryimage","url":"https:\/\/www.asd-int.com\/wp-content\/uploads\/2024\/12\/Estonie-Augmentation-du-taux-standard-de-TVA.jpg","contentUrl":"https:\/\/www.asd-int.com\/wp-content\/uploads\/2024\/12\/Estonie-Augmentation-du-taux-standard-de-TVA.jpg","width":1440,"height":960,"caption":"Estonie : Augmentation du taux standard de TVA"},{"@type":"BreadcrumbList","@id":"https:\/\/www.asd-int.com\/pt-pt\/estonia-aumento-da-taxa-padrao-de-iva\/#breadcrumb","itemListElement":[{"@type":"ListItem","position":1,"name":"ASD Group","item":"https:\/\/www.asd-int.com\/pt-pt\/"},{"@type":"ListItem","position":2,"name":"Est\u00f3nia: Aumento da taxa padr\u00e3o de IVA"}]},{"@type":"WebSite","@id":"https:\/\/www.asd-int.com\/pt-pt\/#website","url":"https:\/\/www.asd-int.com\/pt-pt\/","name":"ASD","description":"Simplifique a sua expans\u00e3o Internacional","publisher":{"@id":"https:\/\/www.asd-int.com\/pt-pt\/#organization"},"potentialAction":[{"@type":"SearchAction","target":{"@type":"EntryPoint","urlTemplate":"https:\/\/www.asd-int.com\/pt-pt\/?s={search_term_string}"},"query-input":{"@type":"PropertyValueSpecification","valueRequired":true,"valueName":"search_term_string"}}],"inLanguage":"pt-PT"},{"@type":"Organization","@id":"https:\/\/www.asd-int.com\/pt-pt\/#organization","name":"ASD Group","url":"https:\/\/www.asd-int.com\/pt-pt\/","logo":{"@type":"ImageObject","inLanguage":"pt-PT","@id":"https:\/\/www.asd-int.com\/pt-pt\/#\/schema\/logo\/image\/","url":"https:\/\/www.asd-int.com\/wp-content\/uploads\/2020\/07\/Logo-ASD_noir.png","contentUrl":"https:\/\/www.asd-int.com\/wp-content\/uploads\/2020\/07\/Logo-ASD_noir.png","width":1054,"height":714,"caption":"ASD Group"},"image":{"@id":"https:\/\/www.asd-int.com\/pt-pt\/#\/schema\/logo\/image\/"}}]}},"_links":{"self":[{"href":"https:\/\/www.asd-int.com\/pt-pt\/wp-json\/wp\/v2\/mini_blog\/186336","targetHints":{"allow":["GET"]}}],"collection":[{"href":"https:\/\/www.asd-int.com\/pt-pt\/wp-json\/wp\/v2\/mini_blog"}],"about":[{"href":"https:\/\/www.asd-int.com\/pt-pt\/wp-json\/wp\/v2\/types\/mini_blog"}],"author":[{"embeddable":true,"href":"https:\/\/www.asd-int.com\/pt-pt\/wp-json\/wp\/v2\/users\/36"}],"version-history":[{"count":5,"href":"https:\/\/www.asd-int.com\/pt-pt\/wp-json\/wp\/v2\/mini_blog\/186336\/revisions"}],"predecessor-version":[{"id":186975,"href":"https:\/\/www.asd-int.com\/pt-pt\/wp-json\/wp\/v2\/mini_blog\/186336\/revisions\/186975"}],"wp:featuredmedia":[{"embeddable":true,"href":"https:\/\/www.asd-int.com\/pt-pt\/wp-json\/wp\/v2\/media\/186232"}],"wp:attachment":[{"href":"https:\/\/www.asd-int.com\/pt-pt\/wp-json\/wp\/v2\/media?parent=186336"}],"wp:term":[{"taxonomy":"category","embeddable":true,"href":"https:\/\/www.asd-int.com\/pt-pt\/wp-json\/wp\/v2\/categories?post=186336"},{"taxonomy":"post_tag","embeddable":true,"href":"https:\/\/www.asd-int.com\/pt-pt\/wp-json\/wp\/v2\/tags?post=186336"},{"taxonomy":"pays","embeddable":true,"href":"https:\/\/www.asd-int.com\/pt-pt\/wp-json\/wp\/v2\/pays?post=186336"}],"curies":[{"name":"wp","href":"https:\/\/api.w.org\/{rel}","templated":true}]}}