{"id":191334,"date":"2025-04-08T11:28:03","date_gmt":"2025-04-08T09:28:03","guid":{"rendered":"https:\/\/www.asd-int.com\/?post_type=mini_blog&#038;p=191334"},"modified":"2025-04-08T11:28:10","modified_gmt":"2025-04-08T09:28:10","slug":"uniao-europeia-resposta-as-tarifas-dos-eua","status":"publish","type":"mini_blog","link":"https:\/\/www.asd-int.com\/pt-pt\/uniao-europeia-resposta-as-tarifas-dos-eua\/","title":{"rendered":"Uni\u00e3o Europeia: Resposta \u00e0s tarifas dos EUA"},"content":{"rendered":"\n<p>Ap\u00f3s a assinatura, pelo presidente americano Donald Trump, <a href=\"https:\/\/www.asd-int.com\/pt-pt\/estados-unidos-aumento-das-taxas-de-direitos-aduaneiros-sobre-o-aco-e-o-aluminio\/\">de dois decretos que alteram as tarifas sobre a\u00e7o e alum\u00ednio<\/a>, em vigor desde 12 de mar\u00e7o de 2025, a <strong>Uni\u00e3o Europeia decidiu reagir<\/strong> com contramedidas proporcionais.<\/p>\n\n<h2 class=\"wp-block-heading\"><strong>Qual \u00e9 a resposta da UE?<\/strong><\/h2>\n\n<p>A Uni\u00e3o Europeia planeia implementar medidas para proteger os seus interesses comerciais, <strong>aumentando tamb\u00e9m as tarifas<\/strong> sobre v\u00e1rios produtos americanos.<\/p>\n\n<p>Estas contramedidas, atualmente em fase final, <strong>baseiam-se nas adotadas em maio de 2018<\/strong>, em resposta \u00e0 primeira imposi\u00e7\u00e3o de tarifas adicionais pelos EUA.<\/p>\n\n<h2 class=\"wp-block-heading\"><strong>Antecipe as consequ\u00eancias!<\/strong><\/h2>\n\n<p>Esta retalia\u00e7\u00e3o poder\u00e1 intensificar as tens\u00f5es entre os EUA e a UE, <strong>tornando o com\u00e9rcio entre ambas as partes ainda mais complexo.<\/strong><\/p>\n\n<h3 class=\"wp-block-heading\"><strong>Novas implica\u00e7\u00f5es para exportadores e industriais:<\/strong><\/h3>\n\n<ul class=\"wp-block-list\">\n<li><strong>Aumento dos custos de importa\u00e7\u00e3o<\/strong>, com poss\u00edvel impacto nos pre\u00e7os finais.<\/li>\n\n\n\n<li><strong>Cadeias de abastecimento mais complexas<\/strong>, especialmente nos setores da constru\u00e7\u00e3o, autom\u00f3vel e infraestruturas.<\/li>\n\n\n\n<li><strong>Controlo aduaneiro refor\u00e7ado e aumento das exig\u00eancias<\/strong> de conformidade regulat\u00f3ria.<\/li>\n<\/ul>\n\n<h2 class=\"wp-block-heading\"><strong>Como se preparar para estas mudan\u00e7as?<\/strong><\/h2>\n\n<p>As empresas que exportam para os EUA devem:<\/p>\n\n<ul class=\"wp-block-list\">\n<li>Analisar o impacto potencial nas suas <strong>cadeias log\u00edsticas<\/strong> e nos <strong>custos de produ\u00e7\u00e3o<\/strong>.<\/li>\n\n\n\n<li>Considerar <strong>solu\u00e7\u00f5es alternativas<\/strong>: relocaliza\u00e7\u00e3o parcial, ajustamentos nos processos, diversifica\u00e7\u00e3o de fornecedores.<\/li>\n<\/ul>\n\n<h3 class=\"wp-block-heading\"><strong>Apoio da ASD Group<\/strong><\/h3>\n\n<p>A ASD Group oferece um acompanhamento personalizado para facilitar os <a href=\"https:\/\/www.asd-int.com\/pt-pt\/nossos-servicos-nos-estados-unidos\/\">seus processos nos Estados Unidos<\/a>. A nossa equipa de especialistas est\u00e1 \u00e0 disposi\u00e7\u00e3o para fornecer aconselhamento personalizado e responder a todas as suas d\u00favidas.<\/p>\n\n<p><a href=\"https:\/\/www.asd-int.com\/pt-pt\/contacto\/\">N\u00e3o hesite em contactar-nos<\/a> para mais assist\u00eancia.<\/p>\n\n<p>Fonte: <a href=\"https:\/\/www.tresor.economie.gouv.fr\/services-aux-entreprises\/droits-de-douane-americains-et-reponse-europeenne-informations-pour-les-entreprises\" target=\"_blank\" rel=\"noreferrer noopener\">Dire\u00e7\u00e3o-Geral do Tesouro<\/a> (em franc\u00eas)<\/p>\n","protected":false},"excerpt":{"rendered":"<p>Ap\u00f3s a assinatura, pelo presidente americano Donald Trump, de dois decretos que alteram as tarifas sobre a\u00e7o e alum\u00ednio, em vigor desde 12 de mar\u00e7o&#8230;<\/p>\n","protected":false},"author":36,"featured_media":191166,"menu_order":0,"template":"","format":"standard","meta":{"_eb_attr":"","_lmt_disableupdate":"","_lmt_disable":"","footnotes":""},"categories":[4429],"tags":[4668],"pays":[4213,3458],"class_list":["post-191334","mini_blog","type-mini_blog","status-publish","format-standard","has-post-thumbnail","hentry","category-alfandega-pt-pt","tag-direitos-aduaneiros","pays-etatsunis-pt","pays-uniao-europeia"],"yoast_head":"<!-- This site is optimized with the Yoast SEO plugin v27.4 - https:\/\/yoast.com\/product\/yoast-seo-wordpress\/ -->\n<title>Uni\u00e3o Europeia: Resposta \u00e0s tarifas dos EUA | ASD Group<\/title>\n<meta name=\"description\" content=\"Na sequ\u00eancia de um novo aumento dos direitos aduaneiros dos EUA, a UE est\u00e1 a introduzir contramedidas para defender os seus interesses comerciais.\" \/>\n<meta name=\"robots\" content=\"index, follow, max-snippet:-1, max-image-preview:large, max-video-preview:-1\" \/>\n<link rel=\"canonical\" href=\"https:\/\/www.asd-int.com\/pt-pt\/uniao-europeia-resposta-as-tarifas-dos-eua\/\" \/>\n<meta property=\"og:locale\" content=\"pt_PT\" \/>\n<meta property=\"og:type\" content=\"article\" \/>\n<meta property=\"og:title\" content=\"Uni\u00e3o Europeia: Resposta \u00e0s tarifas dos EUA | ASD Group\" \/>\n<meta property=\"og:description\" content=\"Na sequ\u00eancia de um novo aumento dos direitos aduaneiros dos EUA, a UE est\u00e1 a introduzir contramedidas para defender os seus interesses comerciais.\" \/>\n<meta property=\"og:url\" content=\"https:\/\/www.asd-int.com\/pt-pt\/uniao-europeia-resposta-as-tarifas-dos-eua\/\" \/>\n<meta property=\"og:site_name\" content=\"ASD\" \/>\n<meta property=\"article:modified_time\" content=\"2025-04-08T09:28:10+00:00\" \/>\n<meta property=\"og:image\" content=\"https:\/\/www.asd-int.com\/wp-content\/uploads\/2025\/03\/droits-de-douane-us-impact-pour-les-entreprises-et-reponse-de-lue.jpg\" \/>\n\t<meta property=\"og:image:width\" content=\"1440\" \/>\n\t<meta property=\"og:image:height\" content=\"957\" \/>\n\t<meta property=\"og:image:type\" content=\"image\/jpeg\" \/>\n<meta name=\"twitter:card\" content=\"summary_large_image\" \/>\n<meta name=\"twitter:label1\" content=\"Tempo estimado de leitura\" \/>\n\t<meta name=\"twitter:data1\" content=\"2 minutos\" \/>\n<script type=\"application\/ld+json\" class=\"yoast-schema-graph\">{\"@context\":\"https:\\\/\\\/schema.org\",\"@graph\":[{\"@type\":\"WebPage\",\"@id\":\"https:\\\/\\\/www.asd-int.com\\\/pt-pt\\\/uniao-europeia-resposta-as-tarifas-dos-eua\\\/\",\"url\":\"https:\\\/\\\/www.asd-int.com\\\/pt-pt\\\/uniao-europeia-resposta-as-tarifas-dos-eua\\\/\",\"name\":\"Uni\u00e3o Europeia: Resposta \u00e0s tarifas dos EUA | ASD Group\",\"isPartOf\":{\"@id\":\"https:\\\/\\\/www.asd-int.com\\\/pt-pt\\\/#website\"},\"primaryImageOfPage\":{\"@id\":\"https:\\\/\\\/www.asd-int.com\\\/pt-pt\\\/uniao-europeia-resposta-as-tarifas-dos-eua\\\/#primaryimage\"},\"image\":{\"@id\":\"https:\\\/\\\/www.asd-int.com\\\/pt-pt\\\/uniao-europeia-resposta-as-tarifas-dos-eua\\\/#primaryimage\"},\"thumbnailUrl\":\"https:\\\/\\\/www.asd-int.com\\\/wp-content\\\/uploads\\\/2025\\\/03\\\/droits-de-douane-us-impact-pour-les-entreprises-et-reponse-de-lue.jpg\",\"datePublished\":\"2025-04-08T09:28:03+00:00\",\"dateModified\":\"2025-04-08T09:28:10+00:00\",\"description\":\"Na sequ\u00eancia de um novo aumento dos direitos aduaneiros dos EUA, a UE est\u00e1 a introduzir contramedidas para defender os seus interesses comerciais.\",\"breadcrumb\":{\"@id\":\"https:\\\/\\\/www.asd-int.com\\\/pt-pt\\\/uniao-europeia-resposta-as-tarifas-dos-eua\\\/#breadcrumb\"},\"inLanguage\":\"pt-PT\",\"potentialAction\":[{\"@type\":\"ReadAction\",\"target\":[\"https:\\\/\\\/www.asd-int.com\\\/pt-pt\\\/uniao-europeia-resposta-as-tarifas-dos-eua\\\/\"]}]},{\"@type\":\"ImageObject\",\"inLanguage\":\"pt-PT\",\"@id\":\"https:\\\/\\\/www.asd-int.com\\\/pt-pt\\\/uniao-europeia-resposta-as-tarifas-dos-eua\\\/#primaryimage\",\"url\":\"https:\\\/\\\/www.asd-int.com\\\/wp-content\\\/uploads\\\/2025\\\/03\\\/droits-de-douane-us-impact-pour-les-entreprises-et-reponse-de-lue.jpg\",\"contentUrl\":\"https:\\\/\\\/www.asd-int.com\\\/wp-content\\\/uploads\\\/2025\\\/03\\\/droits-de-douane-us-impact-pour-les-entreprises-et-reponse-de-lue.jpg\",\"width\":1440,\"height\":957,\"caption\":\"Droits de douane US : impact pour les entreprises et r\u00e9ponse de l\u2019UE\"},{\"@type\":\"BreadcrumbList\",\"@id\":\"https:\\\/\\\/www.asd-int.com\\\/pt-pt\\\/uniao-europeia-resposta-as-tarifas-dos-eua\\\/#breadcrumb\",\"itemListElement\":[{\"@type\":\"ListItem\",\"position\":1,\"name\":\"ASD Group\",\"item\":\"https:\\\/\\\/www.asd-int.com\\\/pt-pt\\\/\"},{\"@type\":\"ListItem\",\"position\":2,\"name\":\"Uni\u00e3o Europeia: Resposta \u00e0s tarifas dos EUA\"}]},{\"@type\":\"WebSite\",\"@id\":\"https:\\\/\\\/www.asd-int.com\\\/pt-pt\\\/#website\",\"url\":\"https:\\\/\\\/www.asd-int.com\\\/pt-pt\\\/\",\"name\":\"ASD\",\"description\":\"Simplifique a sua expans\u00e3o Internacional\",\"publisher\":{\"@id\":\"https:\\\/\\\/www.asd-int.com\\\/pt-pt\\\/#organization\"},\"potentialAction\":[{\"@type\":\"SearchAction\",\"target\":{\"@type\":\"EntryPoint\",\"urlTemplate\":\"https:\\\/\\\/www.asd-int.com\\\/pt-pt\\\/?s={search_term_string}\"},\"query-input\":{\"@type\":\"PropertyValueSpecification\",\"valueRequired\":true,\"valueName\":\"search_term_string\"}}],\"inLanguage\":\"pt-PT\"},{\"@type\":\"Organization\",\"@id\":\"https:\\\/\\\/www.asd-int.com\\\/pt-pt\\\/#organization\",\"name\":\"ASD Group\",\"url\":\"https:\\\/\\\/www.asd-int.com\\\/pt-pt\\\/\",\"logo\":{\"@type\":\"ImageObject\",\"inLanguage\":\"pt-PT\",\"@id\":\"https:\\\/\\\/www.asd-int.com\\\/pt-pt\\\/#\\\/schema\\\/logo\\\/image\\\/\",\"url\":\"https:\\\/\\\/www.asd-int.com\\\/wp-content\\\/uploads\\\/2020\\\/07\\\/Logo-ASD_noir.png\",\"contentUrl\":\"https:\\\/\\\/www.asd-int.com\\\/wp-content\\\/uploads\\\/2020\\\/07\\\/Logo-ASD_noir.png\",\"width\":1054,\"height\":714,\"caption\":\"ASD Group\"},\"image\":{\"@id\":\"https:\\\/\\\/www.asd-int.com\\\/pt-pt\\\/#\\\/schema\\\/logo\\\/image\\\/\"}}]}<\/script>\n<!-- \/ Yoast SEO plugin. -->","yoast_head_json":{"title":"Uni\u00e3o Europeia: Resposta \u00e0s tarifas dos EUA | ASD Group","description":"Na sequ\u00eancia de um novo aumento dos direitos aduaneiros dos EUA, a UE est\u00e1 a introduzir contramedidas para defender os seus interesses comerciais.","robots":{"index":"index","follow":"follow","max-snippet":"max-snippet:-1","max-image-preview":"max-image-preview:large","max-video-preview":"max-video-preview:-1"},"canonical":"https:\/\/www.asd-int.com\/pt-pt\/uniao-europeia-resposta-as-tarifas-dos-eua\/","og_locale":"pt_PT","og_type":"article","og_title":"Uni\u00e3o Europeia: Resposta \u00e0s tarifas dos EUA | ASD Group","og_description":"Na sequ\u00eancia de um novo aumento dos direitos aduaneiros dos EUA, a UE est\u00e1 a introduzir contramedidas para defender os seus interesses comerciais.","og_url":"https:\/\/www.asd-int.com\/pt-pt\/uniao-europeia-resposta-as-tarifas-dos-eua\/","og_site_name":"ASD","article_modified_time":"2025-04-08T09:28:10+00:00","og_image":[{"width":1440,"height":957,"url":"https:\/\/www.asd-int.com\/wp-content\/uploads\/2025\/03\/droits-de-douane-us-impact-pour-les-entreprises-et-reponse-de-lue.jpg","type":"image\/jpeg"}],"twitter_card":"summary_large_image","twitter_misc":{"Tempo estimado de leitura":"2 minutos"},"schema":{"@context":"https:\/\/schema.org","@graph":[{"@type":"WebPage","@id":"https:\/\/www.asd-int.com\/pt-pt\/uniao-europeia-resposta-as-tarifas-dos-eua\/","url":"https:\/\/www.asd-int.com\/pt-pt\/uniao-europeia-resposta-as-tarifas-dos-eua\/","name":"Uni\u00e3o Europeia: Resposta \u00e0s tarifas dos EUA | ASD Group","isPartOf":{"@id":"https:\/\/www.asd-int.com\/pt-pt\/#website"},"primaryImageOfPage":{"@id":"https:\/\/www.asd-int.com\/pt-pt\/uniao-europeia-resposta-as-tarifas-dos-eua\/#primaryimage"},"image":{"@id":"https:\/\/www.asd-int.com\/pt-pt\/uniao-europeia-resposta-as-tarifas-dos-eua\/#primaryimage"},"thumbnailUrl":"https:\/\/www.asd-int.com\/wp-content\/uploads\/2025\/03\/droits-de-douane-us-impact-pour-les-entreprises-et-reponse-de-lue.jpg","datePublished":"2025-04-08T09:28:03+00:00","dateModified":"2025-04-08T09:28:10+00:00","description":"Na sequ\u00eancia de um novo aumento dos direitos aduaneiros dos EUA, a UE est\u00e1 a introduzir contramedidas para defender os seus interesses comerciais.","breadcrumb":{"@id":"https:\/\/www.asd-int.com\/pt-pt\/uniao-europeia-resposta-as-tarifas-dos-eua\/#breadcrumb"},"inLanguage":"pt-PT","potentialAction":[{"@type":"ReadAction","target":["https:\/\/www.asd-int.com\/pt-pt\/uniao-europeia-resposta-as-tarifas-dos-eua\/"]}]},{"@type":"ImageObject","inLanguage":"pt-PT","@id":"https:\/\/www.asd-int.com\/pt-pt\/uniao-europeia-resposta-as-tarifas-dos-eua\/#primaryimage","url":"https:\/\/www.asd-int.com\/wp-content\/uploads\/2025\/03\/droits-de-douane-us-impact-pour-les-entreprises-et-reponse-de-lue.jpg","contentUrl":"https:\/\/www.asd-int.com\/wp-content\/uploads\/2025\/03\/droits-de-douane-us-impact-pour-les-entreprises-et-reponse-de-lue.jpg","width":1440,"height":957,"caption":"Droits de douane US : impact pour les entreprises et r\u00e9ponse de l\u2019UE"},{"@type":"BreadcrumbList","@id":"https:\/\/www.asd-int.com\/pt-pt\/uniao-europeia-resposta-as-tarifas-dos-eua\/#breadcrumb","itemListElement":[{"@type":"ListItem","position":1,"name":"ASD Group","item":"https:\/\/www.asd-int.com\/pt-pt\/"},{"@type":"ListItem","position":2,"name":"Uni\u00e3o Europeia: Resposta \u00e0s tarifas dos EUA"}]},{"@type":"WebSite","@id":"https:\/\/www.asd-int.com\/pt-pt\/#website","url":"https:\/\/www.asd-int.com\/pt-pt\/","name":"ASD","description":"Simplifique a sua expans\u00e3o Internacional","publisher":{"@id":"https:\/\/www.asd-int.com\/pt-pt\/#organization"},"potentialAction":[{"@type":"SearchAction","target":{"@type":"EntryPoint","urlTemplate":"https:\/\/www.asd-int.com\/pt-pt\/?s={search_term_string}"},"query-input":{"@type":"PropertyValueSpecification","valueRequired":true,"valueName":"search_term_string"}}],"inLanguage":"pt-PT"},{"@type":"Organization","@id":"https:\/\/www.asd-int.com\/pt-pt\/#organization","name":"ASD Group","url":"https:\/\/www.asd-int.com\/pt-pt\/","logo":{"@type":"ImageObject","inLanguage":"pt-PT","@id":"https:\/\/www.asd-int.com\/pt-pt\/#\/schema\/logo\/image\/","url":"https:\/\/www.asd-int.com\/wp-content\/uploads\/2020\/07\/Logo-ASD_noir.png","contentUrl":"https:\/\/www.asd-int.com\/wp-content\/uploads\/2020\/07\/Logo-ASD_noir.png","width":1054,"height":714,"caption":"ASD Group"},"image":{"@id":"https:\/\/www.asd-int.com\/pt-pt\/#\/schema\/logo\/image\/"}}]}},"_links":{"self":[{"href":"https:\/\/www.asd-int.com\/pt-pt\/wp-json\/wp\/v2\/mini_blog\/191334","targetHints":{"allow":["GET"]}}],"collection":[{"href":"https:\/\/www.asd-int.com\/pt-pt\/wp-json\/wp\/v2\/mini_blog"}],"about":[{"href":"https:\/\/www.asd-int.com\/pt-pt\/wp-json\/wp\/v2\/types\/mini_blog"}],"author":[{"embeddable":true,"href":"https:\/\/www.asd-int.com\/pt-pt\/wp-json\/wp\/v2\/users\/36"}],"version-history":[{"count":3,"href":"https:\/\/www.asd-int.com\/pt-pt\/wp-json\/wp\/v2\/mini_blog\/191334\/revisions"}],"predecessor-version":[{"id":191757,"href":"https:\/\/www.asd-int.com\/pt-pt\/wp-json\/wp\/v2\/mini_blog\/191334\/revisions\/191757"}],"wp:featuredmedia":[{"embeddable":true,"href":"https:\/\/www.asd-int.com\/pt-pt\/wp-json\/wp\/v2\/media\/191166"}],"wp:attachment":[{"href":"https:\/\/www.asd-int.com\/pt-pt\/wp-json\/wp\/v2\/media?parent=191334"}],"wp:term":[{"taxonomy":"category","embeddable":true,"href":"https:\/\/www.asd-int.com\/pt-pt\/wp-json\/wp\/v2\/categories?post=191334"},{"taxonomy":"post_tag","embeddable":true,"href":"https:\/\/www.asd-int.com\/pt-pt\/wp-json\/wp\/v2\/tags?post=191334"},{"taxonomy":"pays","embeddable":true,"href":"https:\/\/www.asd-int.com\/pt-pt\/wp-json\/wp\/v2\/pays?post=191334"}],"curies":[{"name":"wp","href":"https:\/\/api.w.org\/{rel}","templated":true}]}}