{"id":211200,"date":"2026-04-27T16:34:20","date_gmt":"2026-04-27T14:34:20","guid":{"rendered":"https:\/\/www.asd-int.com\/?post_type=mini_blog&#038;p=211200"},"modified":"2026-04-27T16:34:30","modified_gmt":"2026-04-27T14:34:30","slug":"belgica-as-medidas-da-cadeia-de-iva-entrarao-em-vigor-a-1-de-maio-de-2026","status":"publish","type":"mini_blog","link":"https:\/\/www.asd-int.com\/pt-pt\/belgica-as-medidas-da-cadeia-de-iva-entrarao-em-vigor-a-1-de-maio-de-2026\/","title":{"rendered":"B\u00e9lgica: As medidas da cadeia de IVA entrar\u00e3o em vigor a 1 de maio de 2026"},"content":{"rendered":"\n<p><a href=\"https:\/\/www.asd-int.com\/pt-pt\/belgica-a-implementacao-da-cadeia-do-iva-adiada-indefinidamente\/\">Ap\u00f3s v\u00e1rios adiamentos sucessivos<\/a>, a B\u00e9lgica confirma finalmente a <strong>data de entrada em vigor da reforma da cadeia de IVA a 1 de maio de 2026<\/strong><sup data-fn=\"40f4195b-53eb-48f8-9f80-4c3255271819\" class=\"fn\"><a href=\"#40f4195b-53eb-48f8-9f80-4c3255271819\" id=\"40f4195b-53eb-48f8-9f80-4c3255271819-link\">1<\/a><\/sup>. <\/p>\n\n\n\n<p>Anunciada inicialmente pela lei de 12 de mar\u00e7o de 2023, esta reforma j\u00e1 tinha sido adiada v\u00e1rias vezes devido a constrangimentos t\u00e9cnicos e operacionais.<\/p>\n\n\n\n<p><a href=\"https:\/\/www.asd-int.com\/pt-pt\/belgica-adiada-a-entrada-em-vigor-da-lei-de-modernizacao-do-sistema-de-iva\/\">Prevista inicialmente para 1 de janeiro de 2025<\/a>, a reforma foi acompanhada de um per\u00edodo transit\u00f3rio, ele pr\u00f3prio prolongado v\u00e1rias vezes. <\/p>\n\n\n\n<div class=\"wp-block-essential-blocks-notice  root-eb-notice-zdnxh\"><div class=\"eb-parent-wrapper eb-parent-eb-notice-zdnxh \"><div class=\"eb-notice-wrapper eb-notice-zdnxh\" data-id=\"eb-notice-zdnxh\" data-show-again=\"false\"><div class=\"eb-notice-title-wrapper\"><div class=\"eb-notice-title\">\u26a0\ufe0f <strong>Importante<\/strong><\/div><\/div><span class=\"eb-notice-dismiss\" style=\"cursor:pointer\"><\/span><div><div class=\"eb-notice-text\">A 4 de mar\u00e7o de 2026, a administra\u00e7\u00e3o federal belga oficializou <strong>a entrada em vigor efetiva do conjunto de novas medidas a partir de 1 de maio de 2026<\/strong>.<\/div><\/div><\/div><\/div><\/div>\n\n\n\n<h2 class=\"wp-block-heading\">A conta de provis\u00e3o de IVA substitui a conta corrente de IVA<\/h2>\n\n\n\n<p>A reforma introduz uma altera\u00e7\u00e3o importante: a supress\u00e3o da conta corrente de IVA em prol de uma <strong>conta de provis\u00e3o de IVA<\/strong>.<\/p>\n\n\n\n<p>Os saldos ser\u00e3o transferidos para esta nova conta desde que todas as declara\u00e7\u00f5es peri\u00f3dicas tenham sido entregues at\u00e9 <strong>30 de abril de 2026<\/strong>. Caso contr\u00e1rio, ser\u00e1 concedido um prazo de regulariza\u00e7\u00e3o. <strong>Em caso de n\u00e3o conformidade, a administra\u00e7\u00e3o poder\u00e1 reembolsar o cr\u00e9dito ou imput\u00e1-lo a uma d\u00edvida fiscal existente<\/strong>.<\/p>\n\n\n\n<p>A partir de 1 de maio de 2026, o pedido de reembolso atrav\u00e9s da declara\u00e7\u00e3o peri\u00f3dica apenas respeitar\u00e1 o cr\u00e9dito do per\u00edodo (caixa 72). Para recuperar um saldo da conta de provis\u00e3o de IVA, dever\u00e1 ser efetuado um pedido distinto via MyMinfin.<\/p>\n\n\n\n<h2 class=\"wp-block-heading\">Novos n\u00fameros de conta banc\u00e1ria de IVA<\/h2>\n\n\n\n<p>A partir de 1 de maio de 2026, os pagamentos de IVA dever\u00e3o ser efetuados em novas contas:<\/p>\n\n\n\n<figure class=\"wp-block-table\"><table class=\"has-fixed-layout\"><thead><tr><th>Tipo de pagamento<\/th><th>N\u00famero de conta<\/th><th>Descri\u00e7\u00e3o<\/th><\/tr><\/thead><tbody><tr><td>IVA devido, juros, coimas (exceto t\u00edtulo executivo)<\/td><td>BE41 6792 0036 4210<\/td><td>Pagamentos correntes relacionados com as declara\u00e7\u00f5es de IVA<\/td><\/tr><tr><td>Pagamento ap\u00f3s t\u00edtulo executivo<\/td><td>BE42 6792 0000 0054<\/td><td>Cobran\u00e7a na sequ\u00eancia de decis\u00e3o oficial<\/td><\/tr><\/tbody><\/table><\/figure>\n\n\n\n<div class=\"wp-block-essential-blocks-notice  root-eb-notice-m5i0l\"><div class=\"eb-parent-wrapper eb-parent-eb-notice-m5i0l \"><div class=\"eb-notice-wrapper eb-notice-m5i0l\" data-id=\"eb-notice-m5i0l\" data-show-again=\"false\"><div class=\"eb-notice-title-wrapper\"><div class=\"eb-notice-title\">\u26a0\ufe0f <strong>Importante<\/strong><\/div><\/div><span class=\"eb-notice-dismiss\" style=\"cursor:pointer\"><\/span><div><div class=\"eb-notice-text\">Estas novas regras aplicar-se-\u00e3o, em princ\u00edpio, <strong>\u00e0s declara\u00e7\u00f5es de IVA relativas ao per\u00edodo de abril de 2026<\/strong>.<\/div><\/div><\/div><\/div><\/div>\n\n\n\n<h2 class=\"wp-block-heading\">Calend\u00e1rio de IVA 2026: principais altera\u00e7\u00f5es<\/h2>\n\n\n\n<p>O calend\u00e1rio de IVA 2026 introduz v\u00e1rias altera\u00e7\u00f5es importantes.<\/p>\n\n\n\n<h3 class=\"wp-block-heading\">1. Supress\u00e3o do regime das \u201cf\u00e9rias fiscais\u201d<\/h3>\n\n\n\n<p>O mecanismo que permitia o adiamento dos prazos de entrega de certas declara\u00e7\u00f5es \u00e9 suprimido.<\/p>\n\n\n\n<h3 class=\"wp-block-heading\">2. Prazos de entrega em 2026<\/h3>\n\n\n\n<figure class=\"wp-block-table\"><table class=\"has-fixed-layout\"><thead><tr><th>Declara\u00e7\u00e3o<\/th><th>Data limite normal<\/th><th>Adiamento fim de semana\/feriado<\/th><th>Observa\u00e7\u00f5es<\/th><\/tr><\/thead><tbody><tr><td>IVA 1.\u00ba trimestre 2026<\/td><td>25 de abril de 2026<\/td><td>27 de abril de 2026<\/td><td>Adiamento mantido<\/td><\/tr><tr><td>IVA 2.\u00ba trimestre 2026<\/td><td>25 de julho de 2026<\/td><td>\u274c N\u00e3o aplic\u00e1vel<\/td><td>Sem adiamento para segunda-feira<\/td><\/tr><tr><td>Declara\u00e7\u00f5es mensais<\/td><td>consoante o calend\u00e1rio<\/td><td>\u2714 Sim<\/td><td>Adiamento mantido<\/td><\/tr><\/tbody><\/table><\/figure>\n\n\n\n<div class=\"wp-block-essential-blocks-notice  root-eb-notice-zaswd\"><div class=\"eb-parent-wrapper eb-parent-eb-notice-zaswd \"><div class=\"eb-notice-wrapper eb-notice-zaswd\" data-id=\"eb-notice-zaswd\" data-show-again=\"false\"><div class=\"eb-notice-title-wrapper\"><div class=\"eb-notice-title\">\u26a0\ufe0f <strong>Importante<\/strong><\/div><\/div><span class=\"eb-notice-dismiss\" style=\"cursor:pointer\"><\/span><div><div class=\"eb-notice-text\">O adiamento j\u00e1 <strong>n\u00e3o se aplica \u00e0s declara\u00e7\u00f5es trimestrais, com exce\u00e7\u00e3o do primeiro trimestre de 2026<\/strong>.<\/div><\/div><\/div><\/div><\/div>\n\n\n\n<h3 class=\"wp-block-heading\">3. Listas intracomunit\u00e1rias<\/h3>\n\n\n\n<figure class=\"wp-block-table\"><table class=\"has-fixed-layout\"><thead><tr><th>Periodicidade<\/th><th>Data limite<\/th><th>Adiamento fim de semana<\/th><th>Particularidade<\/th><\/tr><\/thead><tbody><tr><td>Mensal<\/td><td>consoante o calend\u00e1rio<\/td><td>\u2714 Sim<\/td><td>Adiamento para o dia \u00fatil seguinte<\/td><\/tr><tr><td>Trimestral<\/td><td>25 de abril de 2026 (T1)<\/td><td>\u274c N\u00e3o<\/td><td>Sem adiamento, ao contr\u00e1rio do IVA<\/td><\/tr><\/tbody><\/table><\/figure>\n\n\n\n<p>Uma incoer\u00eancia not\u00e1vel surge para o 1.\u00ba trimestre de 2026: a declara\u00e7\u00e3o de IVA beneficia de um adiamento at\u00e9 27 de abril, enquanto a lista intracomunit\u00e1ria continua a ser devida a 25 de abril de 2026.<\/p>\n\n\n\n<div class=\"wp-block-essential-blocks-call-to-action  root-eb-call-to-action-x33hj\"><div class=\"eb-parent-wrapper eb-parent-eb-call-to-action-x33hj \"><div class=\"eb-cia-wrapper eb-call-to-action-x33hj\" data-icon=\"dashicons-shield-alt\"><div class=\"eb-cia-text-wrapper\"><span class=\"dashicon dashicons dashicons-shield-alt eb-cia-icon\"><\/span><h3 class=\"eb-cia-title\"><strong>O ASD Group acompanha-o na conformidade de IVA na B\u00e9lgica<\/strong><\/h3><p class=\"eb-cia-description\"><strong>Antecipe os impactos da reforma da cadeia de IVA belga<\/strong> e proteja as suas obriga\u00e7\u00f5es fiscais com os nossos especialistas.<\/p><\/div><div class=\"eb-cia-button-wrapper\"><a href=\"https:\/\/www.asd-int.com\/pt-pt\/contacto\/\" target=\"_self\" rel=\"noopener\"><div class=\"eb-cia-button is-large\"><strong>Contacte os nossos especialistas em IVA belga ><\/strong><\/div><\/a><\/div><\/div><\/div><\/div>\n\n\n<ol class=\"wp-block-footnotes\"><li id=\"40f4195b-53eb-48f8-9f80-4c3255271819\"><a href=\"https:\/\/www.vat-consult.be\/blog\/belgian-vat-provision-account\" target=\"_blank\" rel=\"noreferrer noopener\">vat-consult.be<\/a> (em ingl\u00eas) <a href=\"#40f4195b-53eb-48f8-9f80-4c3255271819-link\" aria-label=\"V\u00e1 para a refer\u00eancia 1 das notas de rodap\u00e9\">\u21a9\ufe0e<\/a><\/li><\/ol>\n\n\n<hr class=\"wp-block-separator has-alpha-channel-opacity\"\/>\n\n\n\n<div class=\"wp-block-media-text is-vertically-aligned-top copywriter-card\" style=\"grid-template-columns:15% auto\"><figure class=\"wp-block-media-text__media\"><img fetchpriority=\"high\" decoding=\"async\" width=\"517\" height=\"521\" src=\"https:\/\/www.asd-int.com\/wp-content\/uploads\/2025\/12\/Noemie_Almot-CM-Medaillon-ASD-Group.png\" alt=\"\" class=\"wp-image-205439 size-full\" srcset=\"https:\/\/www.asd-int.com\/wp-content\/uploads\/2025\/12\/Noemie_Almot-CM-Medaillon-ASD-Group.png 517w, https:\/\/www.asd-int.com\/wp-content\/uploads\/2025\/12\/Noemie_Almot-CM-Medaillon-ASD-Group-298x300.png 298w, https:\/\/www.asd-int.com\/wp-content\/uploads\/2025\/12\/Noemie_Almot-CM-Medaillon-ASD-Group-150x150.png 150w\" sizes=\"(max-width: 517px) 100vw, 517px\" \/><\/figure><div class=\"wp-block-media-text__content\">\n<p><strong>No\u00e9mie Almot<\/strong><br><em>Community Manager e Redatora<\/em><\/p>\n\n\n\n<p class=\"has-small-font-size\">No\u00e9mie \u00e9 redatora especializada na ASD Group. Cria e gere artigos de blog, assim como not\u00edcias nos nossos sites, com foco em IVA, impostos internacionais, opera\u00e7\u00f5es aduaneiras, regulamenta\u00e7\u00e3o laboral e com\u00e9rcio internacional. Com um estilo claro e pedag\u00f3gico, transforma temas complexos e t\u00e9cnicos em conte\u00fados facilmente compreens\u00edveis e relevantes para as empresas.<\/p>\n\n\n\n<ul class=\"wp-block-social-links is-layout-flex wp-block-social-links-is-layout-flex\"><li class=\"wp-social-link wp-social-link-linkedin  wp-block-social-link\"><a rel=\"target=&quot;_blank&quot; noopener nofollow\" target=\"_blank\" href=\"https:\/\/www.linkedin.com\/in\/no%C3%A9mie-almot\/\" class=\"wp-block-social-link-anchor\"><svg width=\"24\" height=\"24\" viewBox=\"0 0 24 24\" version=\"1.1\" xmlns=\"http:\/\/www.w3.org\/2000\/svg\" aria-hidden=\"true\" focusable=\"false\"><path d=\"M19.7,3H4.3C3.582,3,3,3.582,3,4.3v15.4C3,20.418,3.582,21,4.3,21h15.4c0.718,0,1.3-0.582,1.3-1.3V4.3 C21,3.582,20.418,3,19.7,3z M8.339,18.338H5.667v-8.59h2.672V18.338z M7.004,8.574c-0.857,0-1.549-0.694-1.549-1.548 c0-0.855,0.691-1.548,1.549-1.548c0.854,0,1.547,0.694,1.547,1.548C8.551,7.881,7.858,8.574,7.004,8.574z M18.339,18.338h-2.669 v-4.177c0-0.996-0.017-2.278-1.387-2.278c-1.389,0-1.601,1.086-1.601,2.206v4.249h-2.667v-8.59h2.559v1.174h0.037 c0.356-0.675,1.227-1.387,2.526-1.387c2.703,0,3.203,1.779,3.203,4.092V18.338z\"><\/path><\/svg><span class=\"wp-block-social-link-label screen-reader-text\">LinkedIn<\/span><\/a><\/li><\/ul>\n<\/div><\/div>\n","protected":false},"excerpt":{"rendered":"<p>Ap\u00f3s v\u00e1rios adiamentos sucessivos, a B\u00e9lgica confirma finalmente a data de entrada em vigor da reforma da cadeia de IVA a 1 de maio de&#8230;<\/p>\n","protected":false},"author":36,"featured_media":211171,"menu_order":0,"template":"","format":"standard","meta":{"_eb_attr":"","_lmt_disableupdate":"","_lmt_disable":"","footnotes":"[{\"content\":\"<a href=\\\"https:\\\/\\\/www.vat-consult.be\\\/blog\\\/belgian-vat-provision-account\\\" target=\\\"_blank\\\" rel=\\\"noreferrer noopener\\\">vat-consult.be<\\\/a> (em ingl\\u00eas)\",\"id\":\"40f4195b-53eb-48f8-9f80-4c3255271819\"}]"},"categories":[377,3604],"tags":[4442,4440,3484,4412,4720,3349],"pays":[1066],"class_list":["post-211200","mini_blog","type-mini_blog","status-publish","format-standard","has-post-thumbnail","hentry","category-fiscal","category-fiscal-pt-pt","tag-sistema-do-iva","tag-chaine-tva","tag-iva-pt-pt","tag-obligations-fiscales","tag-obrigacoes-fiscais","tag-tva","pays-belgique-pt"],"yoast_head":"<!-- This site is optimized with the Yoast SEO plugin v27.4 - https:\/\/yoast.com\/product\/yoast-seo-wordpress\/ -->\n<title>B\u00e9lgica: reforma da cadeia de IVA efetiva a 1 de maio de 2026 | ASD Group<\/title>\n<meta name=\"description\" content=\"A B\u00e9lgica confirma a reforma da cadeia de IVA a 1 de maio de 2026: conta de provis\u00e3o, novos pagamentos e calend\u00e1rio alterado.\" \/>\n<meta name=\"robots\" content=\"index, follow, max-snippet:-1, max-image-preview:large, max-video-preview:-1\" \/>\n<link rel=\"canonical\" href=\"https:\/\/www.asd-int.com\/pt-pt\/belgica-as-medidas-da-cadeia-de-iva-entrarao-em-vigor-a-1-de-maio-de-2026\/\" \/>\n<meta property=\"og:locale\" content=\"pt_PT\" \/>\n<meta property=\"og:type\" content=\"article\" \/>\n<meta property=\"og:title\" content=\"B\u00e9lgica: reforma da cadeia de IVA efetiva a 1 de maio de 2026 | ASD Group\" \/>\n<meta property=\"og:description\" content=\"A B\u00e9lgica confirma a reforma da cadeia de IVA a 1 de maio de 2026: conta de provis\u00e3o, novos pagamentos e calend\u00e1rio alterado.\" \/>\n<meta property=\"og:url\" content=\"https:\/\/www.asd-int.com\/pt-pt\/belgica-as-medidas-da-cadeia-de-iva-entrarao-em-vigor-a-1-de-maio-de-2026\/\" \/>\n<meta property=\"og:site_name\" content=\"ASD\" \/>\n<meta property=\"article:modified_time\" content=\"2026-04-27T14:34:30+00:00\" \/>\n<meta property=\"og:image\" content=\"https:\/\/www.asd-int.com\/wp-content\/uploads\/2026\/04\/belgique-les-mesures-de-la-chaine-tva-entreront-en-vigueur-le-1er-mai-2026.jpg\" \/>\n\t<meta property=\"og:image:width\" content=\"1440\" \/>\n\t<meta property=\"og:image:height\" content=\"911\" \/>\n\t<meta property=\"og:image:type\" content=\"image\/jpeg\" \/>\n<meta name=\"twitter:card\" content=\"summary_large_image\" \/>\n<meta name=\"twitter:label1\" content=\"Tempo estimado de leitura\" \/>\n\t<meta name=\"twitter:data1\" content=\"4 minutos\" \/>\n<script type=\"application\/ld+json\" class=\"yoast-schema-graph\">{\"@context\":\"https:\\\/\\\/schema.org\",\"@graph\":[{\"@type\":\"WebPage\",\"@id\":\"https:\\\/\\\/www.asd-int.com\\\/pt-pt\\\/belgica-as-medidas-da-cadeia-de-iva-entrarao-em-vigor-a-1-de-maio-de-2026\\\/\",\"url\":\"https:\\\/\\\/www.asd-int.com\\\/pt-pt\\\/belgica-as-medidas-da-cadeia-de-iva-entrarao-em-vigor-a-1-de-maio-de-2026\\\/\",\"name\":\"B\u00e9lgica: reforma da cadeia de IVA efetiva a 1 de maio de 2026 | ASD Group\",\"isPartOf\":{\"@id\":\"https:\\\/\\\/www.asd-int.com\\\/pt-pt\\\/#website\"},\"primaryImageOfPage\":{\"@id\":\"https:\\\/\\\/www.asd-int.com\\\/pt-pt\\\/belgica-as-medidas-da-cadeia-de-iva-entrarao-em-vigor-a-1-de-maio-de-2026\\\/#primaryimage\"},\"image\":{\"@id\":\"https:\\\/\\\/www.asd-int.com\\\/pt-pt\\\/belgica-as-medidas-da-cadeia-de-iva-entrarao-em-vigor-a-1-de-maio-de-2026\\\/#primaryimage\"},\"thumbnailUrl\":\"https:\\\/\\\/www.asd-int.com\\\/wp-content\\\/uploads\\\/2026\\\/04\\\/belgique-les-mesures-de-la-chaine-tva-entreront-en-vigueur-le-1er-mai-2026.jpg\",\"datePublished\":\"2026-04-27T14:34:20+00:00\",\"dateModified\":\"2026-04-27T14:34:30+00:00\",\"description\":\"A B\u00e9lgica confirma a reforma da cadeia de IVA a 1 de maio de 2026: conta de provis\u00e3o, novos pagamentos e calend\u00e1rio alterado.\",\"breadcrumb\":{\"@id\":\"https:\\\/\\\/www.asd-int.com\\\/pt-pt\\\/belgica-as-medidas-da-cadeia-de-iva-entrarao-em-vigor-a-1-de-maio-de-2026\\\/#breadcrumb\"},\"inLanguage\":\"pt-PT\",\"potentialAction\":[{\"@type\":\"ReadAction\",\"target\":[\"https:\\\/\\\/www.asd-int.com\\\/pt-pt\\\/belgica-as-medidas-da-cadeia-de-iva-entrarao-em-vigor-a-1-de-maio-de-2026\\\/\"]}]},{\"@type\":\"ImageObject\",\"inLanguage\":\"pt-PT\",\"@id\":\"https:\\\/\\\/www.asd-int.com\\\/pt-pt\\\/belgica-as-medidas-da-cadeia-de-iva-entrarao-em-vigor-a-1-de-maio-de-2026\\\/#primaryimage\",\"url\":\"https:\\\/\\\/www.asd-int.com\\\/wp-content\\\/uploads\\\/2026\\\/04\\\/belgique-les-mesures-de-la-chaine-tva-entreront-en-vigueur-le-1er-mai-2026.jpg\",\"contentUrl\":\"https:\\\/\\\/www.asd-int.com\\\/wp-content\\\/uploads\\\/2026\\\/04\\\/belgique-les-mesures-de-la-chaine-tva-entreront-en-vigueur-le-1er-mai-2026.jpg\",\"width\":1440,\"height\":911,\"caption\":\"B\u00e9lgica: As medidas da cadeia de IVA entrar\u00e3o em vigor a 1 de maio de 2026\"},{\"@type\":\"BreadcrumbList\",\"@id\":\"https:\\\/\\\/www.asd-int.com\\\/pt-pt\\\/belgica-as-medidas-da-cadeia-de-iva-entrarao-em-vigor-a-1-de-maio-de-2026\\\/#breadcrumb\",\"itemListElement\":[{\"@type\":\"ListItem\",\"position\":1,\"name\":\"ASD Group\",\"item\":\"https:\\\/\\\/www.asd-int.com\\\/pt-pt\\\/\"},{\"@type\":\"ListItem\",\"position\":2,\"name\":\"B\u00e9lgica: As medidas da cadeia de IVA entrar\u00e3o em vigor a 1 de maio de 2026\"}]},{\"@type\":\"WebSite\",\"@id\":\"https:\\\/\\\/www.asd-int.com\\\/pt-pt\\\/#website\",\"url\":\"https:\\\/\\\/www.asd-int.com\\\/pt-pt\\\/\",\"name\":\"ASD\",\"description\":\"Simplifique a sua expans\u00e3o Internacional\",\"publisher\":{\"@id\":\"https:\\\/\\\/www.asd-int.com\\\/pt-pt\\\/#organization\"},\"potentialAction\":[{\"@type\":\"SearchAction\",\"target\":{\"@type\":\"EntryPoint\",\"urlTemplate\":\"https:\\\/\\\/www.asd-int.com\\\/pt-pt\\\/?s={search_term_string}\"},\"query-input\":{\"@type\":\"PropertyValueSpecification\",\"valueRequired\":true,\"valueName\":\"search_term_string\"}}],\"inLanguage\":\"pt-PT\"},{\"@type\":\"Organization\",\"@id\":\"https:\\\/\\\/www.asd-int.com\\\/pt-pt\\\/#organization\",\"name\":\"ASD Group\",\"url\":\"https:\\\/\\\/www.asd-int.com\\\/pt-pt\\\/\",\"logo\":{\"@type\":\"ImageObject\",\"inLanguage\":\"pt-PT\",\"@id\":\"https:\\\/\\\/www.asd-int.com\\\/pt-pt\\\/#\\\/schema\\\/logo\\\/image\\\/\",\"url\":\"https:\\\/\\\/www.asd-int.com\\\/wp-content\\\/uploads\\\/2020\\\/07\\\/Logo-ASD_noir.png\",\"contentUrl\":\"https:\\\/\\\/www.asd-int.com\\\/wp-content\\\/uploads\\\/2020\\\/07\\\/Logo-ASD_noir.png\",\"width\":1054,\"height\":714,\"caption\":\"ASD Group\"},\"image\":{\"@id\":\"https:\\\/\\\/www.asd-int.com\\\/pt-pt\\\/#\\\/schema\\\/logo\\\/image\\\/\"}}]}<\/script>\n<!-- \/ Yoast SEO plugin. -->","yoast_head_json":{"title":"B\u00e9lgica: reforma da cadeia de IVA efetiva a 1 de maio de 2026 | ASD Group","description":"A B\u00e9lgica confirma a reforma da cadeia de IVA a 1 de maio de 2026: conta de provis\u00e3o, novos pagamentos e calend\u00e1rio alterado.","robots":{"index":"index","follow":"follow","max-snippet":"max-snippet:-1","max-image-preview":"max-image-preview:large","max-video-preview":"max-video-preview:-1"},"canonical":"https:\/\/www.asd-int.com\/pt-pt\/belgica-as-medidas-da-cadeia-de-iva-entrarao-em-vigor-a-1-de-maio-de-2026\/","og_locale":"pt_PT","og_type":"article","og_title":"B\u00e9lgica: reforma da cadeia de IVA efetiva a 1 de maio de 2026 | ASD Group","og_description":"A B\u00e9lgica confirma a reforma da cadeia de IVA a 1 de maio de 2026: conta de provis\u00e3o, novos pagamentos e calend\u00e1rio alterado.","og_url":"https:\/\/www.asd-int.com\/pt-pt\/belgica-as-medidas-da-cadeia-de-iva-entrarao-em-vigor-a-1-de-maio-de-2026\/","og_site_name":"ASD","article_modified_time":"2026-04-27T14:34:30+00:00","og_image":[{"width":1440,"height":911,"url":"https:\/\/www.asd-int.com\/wp-content\/uploads\/2026\/04\/belgique-les-mesures-de-la-chaine-tva-entreront-en-vigueur-le-1er-mai-2026.jpg","type":"image\/jpeg"}],"twitter_card":"summary_large_image","twitter_misc":{"Tempo estimado de leitura":"4 minutos"},"schema":{"@context":"https:\/\/schema.org","@graph":[{"@type":"WebPage","@id":"https:\/\/www.asd-int.com\/pt-pt\/belgica-as-medidas-da-cadeia-de-iva-entrarao-em-vigor-a-1-de-maio-de-2026\/","url":"https:\/\/www.asd-int.com\/pt-pt\/belgica-as-medidas-da-cadeia-de-iva-entrarao-em-vigor-a-1-de-maio-de-2026\/","name":"B\u00e9lgica: reforma da cadeia de IVA efetiva a 1 de maio de 2026 | ASD Group","isPartOf":{"@id":"https:\/\/www.asd-int.com\/pt-pt\/#website"},"primaryImageOfPage":{"@id":"https:\/\/www.asd-int.com\/pt-pt\/belgica-as-medidas-da-cadeia-de-iva-entrarao-em-vigor-a-1-de-maio-de-2026\/#primaryimage"},"image":{"@id":"https:\/\/www.asd-int.com\/pt-pt\/belgica-as-medidas-da-cadeia-de-iva-entrarao-em-vigor-a-1-de-maio-de-2026\/#primaryimage"},"thumbnailUrl":"https:\/\/www.asd-int.com\/wp-content\/uploads\/2026\/04\/belgique-les-mesures-de-la-chaine-tva-entreront-en-vigueur-le-1er-mai-2026.jpg","datePublished":"2026-04-27T14:34:20+00:00","dateModified":"2026-04-27T14:34:30+00:00","description":"A B\u00e9lgica confirma a reforma da cadeia de IVA a 1 de maio de 2026: conta de provis\u00e3o, novos pagamentos e calend\u00e1rio alterado.","breadcrumb":{"@id":"https:\/\/www.asd-int.com\/pt-pt\/belgica-as-medidas-da-cadeia-de-iva-entrarao-em-vigor-a-1-de-maio-de-2026\/#breadcrumb"},"inLanguage":"pt-PT","potentialAction":[{"@type":"ReadAction","target":["https:\/\/www.asd-int.com\/pt-pt\/belgica-as-medidas-da-cadeia-de-iva-entrarao-em-vigor-a-1-de-maio-de-2026\/"]}]},{"@type":"ImageObject","inLanguage":"pt-PT","@id":"https:\/\/www.asd-int.com\/pt-pt\/belgica-as-medidas-da-cadeia-de-iva-entrarao-em-vigor-a-1-de-maio-de-2026\/#primaryimage","url":"https:\/\/www.asd-int.com\/wp-content\/uploads\/2026\/04\/belgique-les-mesures-de-la-chaine-tva-entreront-en-vigueur-le-1er-mai-2026.jpg","contentUrl":"https:\/\/www.asd-int.com\/wp-content\/uploads\/2026\/04\/belgique-les-mesures-de-la-chaine-tva-entreront-en-vigueur-le-1er-mai-2026.jpg","width":1440,"height":911,"caption":"B\u00e9lgica: As medidas da cadeia de IVA entrar\u00e3o em vigor a 1 de maio de 2026"},{"@type":"BreadcrumbList","@id":"https:\/\/www.asd-int.com\/pt-pt\/belgica-as-medidas-da-cadeia-de-iva-entrarao-em-vigor-a-1-de-maio-de-2026\/#breadcrumb","itemListElement":[{"@type":"ListItem","position":1,"name":"ASD Group","item":"https:\/\/www.asd-int.com\/pt-pt\/"},{"@type":"ListItem","position":2,"name":"B\u00e9lgica: As medidas da cadeia de IVA entrar\u00e3o em vigor a 1 de maio de 2026"}]},{"@type":"WebSite","@id":"https:\/\/www.asd-int.com\/pt-pt\/#website","url":"https:\/\/www.asd-int.com\/pt-pt\/","name":"ASD","description":"Simplifique a sua expans\u00e3o Internacional","publisher":{"@id":"https:\/\/www.asd-int.com\/pt-pt\/#organization"},"potentialAction":[{"@type":"SearchAction","target":{"@type":"EntryPoint","urlTemplate":"https:\/\/www.asd-int.com\/pt-pt\/?s={search_term_string}"},"query-input":{"@type":"PropertyValueSpecification","valueRequired":true,"valueName":"search_term_string"}}],"inLanguage":"pt-PT"},{"@type":"Organization","@id":"https:\/\/www.asd-int.com\/pt-pt\/#organization","name":"ASD Group","url":"https:\/\/www.asd-int.com\/pt-pt\/","logo":{"@type":"ImageObject","inLanguage":"pt-PT","@id":"https:\/\/www.asd-int.com\/pt-pt\/#\/schema\/logo\/image\/","url":"https:\/\/www.asd-int.com\/wp-content\/uploads\/2020\/07\/Logo-ASD_noir.png","contentUrl":"https:\/\/www.asd-int.com\/wp-content\/uploads\/2020\/07\/Logo-ASD_noir.png","width":1054,"height":714,"caption":"ASD Group"},"image":{"@id":"https:\/\/www.asd-int.com\/pt-pt\/#\/schema\/logo\/image\/"}}]}},"_links":{"self":[{"href":"https:\/\/www.asd-int.com\/pt-pt\/wp-json\/wp\/v2\/mini_blog\/211200","targetHints":{"allow":["GET"]}}],"collection":[{"href":"https:\/\/www.asd-int.com\/pt-pt\/wp-json\/wp\/v2\/mini_blog"}],"about":[{"href":"https:\/\/www.asd-int.com\/pt-pt\/wp-json\/wp\/v2\/types\/mini_blog"}],"author":[{"embeddable":true,"href":"https:\/\/www.asd-int.com\/pt-pt\/wp-json\/wp\/v2\/users\/36"}],"version-history":[{"count":6,"href":"https:\/\/www.asd-int.com\/pt-pt\/wp-json\/wp\/v2\/mini_blog\/211200\/revisions"}],"predecessor-version":[{"id":211232,"href":"https:\/\/www.asd-int.com\/pt-pt\/wp-json\/wp\/v2\/mini_blog\/211200\/revisions\/211232"}],"wp:featuredmedia":[{"embeddable":true,"href":"https:\/\/www.asd-int.com\/pt-pt\/wp-json\/wp\/v2\/media\/211171"}],"wp:attachment":[{"href":"https:\/\/www.asd-int.com\/pt-pt\/wp-json\/wp\/v2\/media?parent=211200"}],"wp:term":[{"taxonomy":"category","embeddable":true,"href":"https:\/\/www.asd-int.com\/pt-pt\/wp-json\/wp\/v2\/categories?post=211200"},{"taxonomy":"post_tag","embeddable":true,"href":"https:\/\/www.asd-int.com\/pt-pt\/wp-json\/wp\/v2\/tags?post=211200"},{"taxonomy":"pays","embeddable":true,"href":"https:\/\/www.asd-int.com\/pt-pt\/wp-json\/wp\/v2\/pays?post=211200"}],"curies":[{"name":"wp","href":"https:\/\/api.w.org\/{rel}","templated":true}]}}