{"id":222649,"date":"2026-09-01T00:00:00","date_gmt":"2026-08-31T22:00:00","guid":{"rendered":"https:\/\/www.asd-int.com\/?post_type=mini_blog&#038;p=222649"},"modified":"2026-08-10T13:48:09","modified_gmt":"2026-08-10T11:48:09","slug":"franca-o-e-reporting-entra-em-vigor-para-as-grandes-e-medias-empresas-estrangeiras-sujeitas-a-iva","status":"publish","type":"mini_blog","link":"https:\/\/www.asd-int.com\/pt-pt\/franca-o-e-reporting-entra-em-vigor-para-as-grandes-e-medias-empresas-estrangeiras-sujeitas-a-iva\/","title":{"rendered":"Fran\u00e7a: o e-reporting entra em vigor para as grandes e m\u00e9dias empresas estrangeiras sujeitas a IVA"},"content":{"rendered":"\n<p class=\"wp-block-paragraph\"><strong>Hoje, 1 de setembro de 2026, <a href=\"https:\/\/www.asd-int.com\/pt-pt\/franca-como-funciona-o-e-reporting-2026-para-empresas-estrangeiras-sujeitas-a-iva\/\">a obriga\u00e7\u00e3o de e-reporting entra em vigor em Fran\u00e7a<\/a> para as grandes empresas (GE) e empresas de dimens\u00e3o interm\u00e9dia (ETI)<\/strong> <strong>estrangeiras registadas a IVA em Fran\u00e7a<\/strong>.<br><br>Est\u00e3o abrangidas desde que realizem determinadas opera\u00e7\u00f5es tribut\u00e1veis no territ\u00f3rio franc\u00eas.<\/p>\n\n\n\n<p class=\"wp-block-paragraph\">O e-reporting imp\u00f5e a <strong>transmiss\u00e3o eletr\u00f3nica de dados relativos \u00e0s transa\u00e7\u00f5es e, em certos casos, aos pagamentos<\/strong> \u00e0 administra\u00e7\u00e3o fiscal francesa. As empresas abrangidas devem efetuar estas transmiss\u00f5es atrav\u00e9s de uma <strong>plataforma homologada (PA)<\/strong>.<\/p>\n\n\n\n<p class=\"wp-block-paragraph\">Esta nova obriga\u00e7\u00e3o constitui uma etapa importante da reforma francesa da fatura\u00e7\u00e3o eletr\u00f3nica e refor\u00e7a as obriga\u00e7\u00f5es de conformidade em mat\u00e9ria de IVA das empresas estrangeiras que operam em Fran\u00e7a.<\/p>\n\n\n\n<p class=\"wp-block-paragraph\"><strong>A ASD Group acompanha as sociedades n\u00e3o residentes na identifica\u00e7\u00e3o das suas obriga\u00e7\u00f5es e na gest\u00e3o operacional do seu e-reporting<\/strong>, desde a recolha dos dados at\u00e9 \u00e0 sua transmiss\u00e3o.<\/p>\n\n\n\n<div class=\"wp-block-essential-blocks-call-to-action  root-eb-call-to-action-vp78u\"><div class=\"eb-parent-wrapper eb-parent-eb-call-to-action-vp78u \"><div class=\"eb-cia-wrapper eb-call-to-action-vp78u\" data-icon=\"dashicons-warning\"><div class=\"eb-cia-text-wrapper\"><span class=\"dashicon dashicons dashicons-warning eb-cia-icon\"><\/span><h3 class=\"eb-cia-title\">O seu e-reporting deve estar operacional a partir de hoje!<\/h3><p class=\"eb-cia-description\">Dados a transmitir, prazos, plataforma homologada\u2026 <strong><strong>A ASD Group trata do seu e-reporting em Fran\u00e7a.<\/strong><\/strong><\/p><\/div><div class=\"eb-cia-button-wrapper\"><a href=\"https:\/\/www.asd-int.com\/pt-pt\/e-reporting-em-franca\/\" target=\"_self\" rel=\"noopener\"><div class=\"eb-cia-button is-large\"><strong>Assegure o seu e-reporting ><\/strong><\/div><\/a><\/div><\/div><\/div><\/div>\n","protected":false},"excerpt":{"rendered":"<p>Hoje, 1 de setembro de 2026, a obriga\u00e7\u00e3o de e-reporting entra em vigor em Fran\u00e7a para as grandes empresas (GE) e empresas de dimens\u00e3o interm\u00e9dia&#8230;<\/p>\n","protected":false},"author":36,"featured_media":222648,"menu_order":0,"template":"","format":"standard","meta":{"_eb_attr":"","_lmt_disableupdate":"","_lmt_disable":"","footnotes":""},"categories":[3604,3346],"tags":[5187,3484,4720],"pays":[1073],"class_list":["post-222649","mini_blog","type-mini_blog","status-publish","format-standard","has-post-thumbnail","hentry","category-fiscal-pt-pt","category-tva","tag-e-reporting","tag-iva-pt-pt","tag-obrigacoes-fiscais","pays-france-pt"],"yoast_head":"<!-- This site is optimized with the Yoast SEO plugin v28.3 - https:\/\/yoast.com\/product\/yoast-seo-wordpress\/ -->\n<title>O e-reporting entra em vigor a 1 de setembro de 2026 em Fran\u00e7a | ASD<\/title>\n<meta name=\"description\" content=\"O e-reporting entra em vigor hoje para as grandes empresas e ETI. As sociedades estrangeiras sujeitas a IVA est\u00e3o abrangidas.\" \/>\n<meta name=\"robots\" content=\"index, follow, max-snippet:-1, max-image-preview:large, max-video-preview:-1\" \/>\n<link rel=\"canonical\" href=\"https:\/\/www.asd-int.com\/pt-pt\/franca-o-e-reporting-entra-em-vigor-para-as-grandes-e-medias-empresas-estrangeiras-sujeitas-a-iva\/\" \/>\n<meta property=\"og:locale\" content=\"pt_PT\" \/>\n<meta property=\"og:type\" content=\"article\" \/>\n<meta property=\"og:title\" content=\"O e-reporting entra em vigor a 1 de setembro de 2026 em Fran\u00e7a | ASD\" \/>\n<meta property=\"og:description\" content=\"O e-reporting entra em vigor hoje para as grandes empresas e ETI. As sociedades estrangeiras sujeitas a IVA est\u00e3o abrangidas.\" \/>\n<meta property=\"og:url\" content=\"https:\/\/www.asd-int.com\/pt-pt\/franca-o-e-reporting-entra-em-vigor-para-as-grandes-e-medias-empresas-estrangeiras-sujeitas-a-iva\/\" \/>\n<meta property=\"og:site_name\" content=\"ASD\" \/>\n<meta property=\"og:image\" content=\"https:\/\/www.asd-int.com\/wp-content\/uploads\/2026\/09\/e-reporting-france-2026.jpg\" \/>\n\t<meta property=\"og:image:width\" content=\"1440\" \/>\n\t<meta property=\"og:image:height\" content=\"796\" \/>\n\t<meta property=\"og:image:type\" content=\"image\/jpeg\" \/>\n<meta name=\"twitter:card\" content=\"summary_large_image\" \/>\n<meta name=\"twitter:label1\" content=\"Tempo estimado de leitura\" \/>\n\t<meta name=\"twitter:data1\" content=\"2 minutos\" \/>\n<script type=\"application\/ld+json\" class=\"yoast-schema-graph\">{\"@context\":\"https:\\\/\\\/schema.org\",\"@graph\":[{\"@type\":\"WebPage\",\"@id\":\"https:\\\/\\\/www.asd-int.com\\\/pt-pt\\\/franca-o-e-reporting-entra-em-vigor-para-as-grandes-e-medias-empresas-estrangeiras-sujeitas-a-iva\\\/\",\"url\":\"https:\\\/\\\/www.asd-int.com\\\/pt-pt\\\/franca-o-e-reporting-entra-em-vigor-para-as-grandes-e-medias-empresas-estrangeiras-sujeitas-a-iva\\\/\",\"name\":\"O e-reporting entra em vigor a 1 de setembro de 2026 em Fran\u00e7a | ASD\",\"isPartOf\":{\"@id\":\"https:\\\/\\\/www.asd-int.com\\\/pt-pt\\\/#website\"},\"primaryImageOfPage\":{\"@id\":\"https:\\\/\\\/www.asd-int.com\\\/pt-pt\\\/franca-o-e-reporting-entra-em-vigor-para-as-grandes-e-medias-empresas-estrangeiras-sujeitas-a-iva\\\/#primaryimage\"},\"image\":{\"@id\":\"https:\\\/\\\/www.asd-int.com\\\/pt-pt\\\/franca-o-e-reporting-entra-em-vigor-para-as-grandes-e-medias-empresas-estrangeiras-sujeitas-a-iva\\\/#primaryimage\"},\"thumbnailUrl\":\"https:\\\/\\\/www.asd-int.com\\\/wp-content\\\/uploads\\\/2026\\\/09\\\/e-reporting-france-2026.jpg\",\"datePublished\":\"2026-08-31T22:00:00+00:00\",\"description\":\"O e-reporting entra em vigor hoje para as grandes empresas e ETI. As sociedades estrangeiras sujeitas a IVA est\u00e3o abrangidas.\",\"breadcrumb\":{\"@id\":\"https:\\\/\\\/www.asd-int.com\\\/pt-pt\\\/franca-o-e-reporting-entra-em-vigor-para-as-grandes-e-medias-empresas-estrangeiras-sujeitas-a-iva\\\/#breadcrumb\"},\"inLanguage\":\"pt-PT\",\"potentialAction\":[{\"@type\":\"ReadAction\",\"target\":[\"https:\\\/\\\/www.asd-int.com\\\/pt-pt\\\/franca-o-e-reporting-entra-em-vigor-para-as-grandes-e-medias-empresas-estrangeiras-sujeitas-a-iva\\\/\"]}]},{\"@type\":\"ImageObject\",\"inLanguage\":\"pt-PT\",\"@id\":\"https:\\\/\\\/www.asd-int.com\\\/pt-pt\\\/franca-o-e-reporting-entra-em-vigor-para-as-grandes-e-medias-empresas-estrangeiras-sujeitas-a-iva\\\/#primaryimage\",\"url\":\"https:\\\/\\\/www.asd-int.com\\\/wp-content\\\/uploads\\\/2026\\\/09\\\/e-reporting-france-2026.jpg\",\"contentUrl\":\"https:\\\/\\\/www.asd-int.com\\\/wp-content\\\/uploads\\\/2026\\\/09\\\/e-reporting-france-2026.jpg\",\"width\":1440,\"height\":796,\"caption\":\"Fran\u00e7a: o e-reporting entra em vigor para as grandes empresas e ETI estrangeiras sujeitas a IVA\"},{\"@type\":\"BreadcrumbList\",\"@id\":\"https:\\\/\\\/www.asd-int.com\\\/pt-pt\\\/franca-o-e-reporting-entra-em-vigor-para-as-grandes-e-medias-empresas-estrangeiras-sujeitas-a-iva\\\/#breadcrumb\",\"itemListElement\":[{\"@type\":\"ListItem\",\"position\":1,\"name\":\"ASD Group\",\"item\":\"https:\\\/\\\/www.asd-int.com\\\/pt-pt\\\/\"},{\"@type\":\"ListItem\",\"position\":2,\"name\":\"E-reporting Fran\u00e7a 2026\"}]},{\"@type\":\"WebSite\",\"@id\":\"https:\\\/\\\/www.asd-int.com\\\/pt-pt\\\/#website\",\"url\":\"https:\\\/\\\/www.asd-int.com\\\/pt-pt\\\/\",\"name\":\"ASD\",\"description\":\"Simplifique a sua expans\u00e3o Internacional\",\"publisher\":{\"@id\":\"https:\\\/\\\/www.asd-int.com\\\/pt-pt\\\/#organization\"},\"potentialAction\":[{\"@type\":\"SearchAction\",\"target\":{\"@type\":\"EntryPoint\",\"urlTemplate\":\"https:\\\/\\\/www.asd-int.com\\\/pt-pt\\\/?s={search_term_string}\"},\"query-input\":{\"@type\":\"PropertyValueSpecification\",\"valueRequired\":true,\"valueName\":\"search_term_string\"}}],\"inLanguage\":\"pt-PT\"},{\"@type\":\"Organization\",\"@id\":\"https:\\\/\\\/www.asd-int.com\\\/pt-pt\\\/#organization\",\"name\":\"ASD Group\",\"url\":\"https:\\\/\\\/www.asd-int.com\\\/pt-pt\\\/\",\"logo\":{\"@type\":\"ImageObject\",\"inLanguage\":\"pt-PT\",\"@id\":\"https:\\\/\\\/www.asd-int.com\\\/pt-pt\\\/#\\\/schema\\\/logo\\\/image\\\/\",\"url\":\"https:\\\/\\\/www.asd-int.com\\\/wp-content\\\/uploads\\\/2020\\\/07\\\/Logo-ASD_noir.png\",\"contentUrl\":\"https:\\\/\\\/www.asd-int.com\\\/wp-content\\\/uploads\\\/2020\\\/07\\\/Logo-ASD_noir.png\",\"width\":1054,\"height\":714,\"caption\":\"ASD Group\"},\"image\":{\"@id\":\"https:\\\/\\\/www.asd-int.com\\\/pt-pt\\\/#\\\/schema\\\/logo\\\/image\\\/\"}}]}<\/script>\n<!-- \/ Yoast SEO plugin. -->","yoast_head_json":{"title":"O e-reporting entra em vigor a 1 de setembro de 2026 em Fran\u00e7a | ASD","description":"O e-reporting entra em vigor hoje para as grandes empresas e ETI. As sociedades estrangeiras sujeitas a IVA est\u00e3o abrangidas.","robots":{"index":"index","follow":"follow","max-snippet":"max-snippet:-1","max-image-preview":"max-image-preview:large","max-video-preview":"max-video-preview:-1"},"canonical":"https:\/\/www.asd-int.com\/pt-pt\/franca-o-e-reporting-entra-em-vigor-para-as-grandes-e-medias-empresas-estrangeiras-sujeitas-a-iva\/","og_locale":"pt_PT","og_type":"article","og_title":"O e-reporting entra em vigor a 1 de setembro de 2026 em Fran\u00e7a | ASD","og_description":"O e-reporting entra em vigor hoje para as grandes empresas e ETI. As sociedades estrangeiras sujeitas a IVA est\u00e3o abrangidas.","og_url":"https:\/\/www.asd-int.com\/pt-pt\/franca-o-e-reporting-entra-em-vigor-para-as-grandes-e-medias-empresas-estrangeiras-sujeitas-a-iva\/","og_site_name":"ASD","og_image":[{"width":1440,"height":796,"url":"https:\/\/www.asd-int.com\/wp-content\/uploads\/2026\/09\/e-reporting-france-2026.jpg","type":"image\/jpeg"}],"twitter_card":"summary_large_image","twitter_misc":{"Tempo estimado de leitura":"2 minutos"},"schema":{"@context":"https:\/\/schema.org","@graph":[{"@type":"WebPage","@id":"https:\/\/www.asd-int.com\/pt-pt\/franca-o-e-reporting-entra-em-vigor-para-as-grandes-e-medias-empresas-estrangeiras-sujeitas-a-iva\/","url":"https:\/\/www.asd-int.com\/pt-pt\/franca-o-e-reporting-entra-em-vigor-para-as-grandes-e-medias-empresas-estrangeiras-sujeitas-a-iva\/","name":"O e-reporting entra em vigor a 1 de setembro de 2026 em Fran\u00e7a | ASD","isPartOf":{"@id":"https:\/\/www.asd-int.com\/pt-pt\/#website"},"primaryImageOfPage":{"@id":"https:\/\/www.asd-int.com\/pt-pt\/franca-o-e-reporting-entra-em-vigor-para-as-grandes-e-medias-empresas-estrangeiras-sujeitas-a-iva\/#primaryimage"},"image":{"@id":"https:\/\/www.asd-int.com\/pt-pt\/franca-o-e-reporting-entra-em-vigor-para-as-grandes-e-medias-empresas-estrangeiras-sujeitas-a-iva\/#primaryimage"},"thumbnailUrl":"https:\/\/www.asd-int.com\/wp-content\/uploads\/2026\/09\/e-reporting-france-2026.jpg","datePublished":"2026-08-31T22:00:00+00:00","description":"O e-reporting entra em vigor hoje para as grandes empresas e ETI. As sociedades estrangeiras sujeitas a IVA est\u00e3o abrangidas.","breadcrumb":{"@id":"https:\/\/www.asd-int.com\/pt-pt\/franca-o-e-reporting-entra-em-vigor-para-as-grandes-e-medias-empresas-estrangeiras-sujeitas-a-iva\/#breadcrumb"},"inLanguage":"pt-PT","potentialAction":[{"@type":"ReadAction","target":["https:\/\/www.asd-int.com\/pt-pt\/franca-o-e-reporting-entra-em-vigor-para-as-grandes-e-medias-empresas-estrangeiras-sujeitas-a-iva\/"]}]},{"@type":"ImageObject","inLanguage":"pt-PT","@id":"https:\/\/www.asd-int.com\/pt-pt\/franca-o-e-reporting-entra-em-vigor-para-as-grandes-e-medias-empresas-estrangeiras-sujeitas-a-iva\/#primaryimage","url":"https:\/\/www.asd-int.com\/wp-content\/uploads\/2026\/09\/e-reporting-france-2026.jpg","contentUrl":"https:\/\/www.asd-int.com\/wp-content\/uploads\/2026\/09\/e-reporting-france-2026.jpg","width":1440,"height":796,"caption":"Fran\u00e7a: o e-reporting entra em vigor para as grandes empresas e ETI estrangeiras sujeitas a IVA"},{"@type":"BreadcrumbList","@id":"https:\/\/www.asd-int.com\/pt-pt\/franca-o-e-reporting-entra-em-vigor-para-as-grandes-e-medias-empresas-estrangeiras-sujeitas-a-iva\/#breadcrumb","itemListElement":[{"@type":"ListItem","position":1,"name":"ASD Group","item":"https:\/\/www.asd-int.com\/pt-pt\/"},{"@type":"ListItem","position":2,"name":"E-reporting Fran\u00e7a 2026"}]},{"@type":"WebSite","@id":"https:\/\/www.asd-int.com\/pt-pt\/#website","url":"https:\/\/www.asd-int.com\/pt-pt\/","name":"ASD","description":"Simplifique a sua expans\u00e3o Internacional","publisher":{"@id":"https:\/\/www.asd-int.com\/pt-pt\/#organization"},"potentialAction":[{"@type":"SearchAction","target":{"@type":"EntryPoint","urlTemplate":"https:\/\/www.asd-int.com\/pt-pt\/?s={search_term_string}"},"query-input":{"@type":"PropertyValueSpecification","valueRequired":true,"valueName":"search_term_string"}}],"inLanguage":"pt-PT"},{"@type":"Organization","@id":"https:\/\/www.asd-int.com\/pt-pt\/#organization","name":"ASD Group","url":"https:\/\/www.asd-int.com\/pt-pt\/","logo":{"@type":"ImageObject","inLanguage":"pt-PT","@id":"https:\/\/www.asd-int.com\/pt-pt\/#\/schema\/logo\/image\/","url":"https:\/\/www.asd-int.com\/wp-content\/uploads\/2020\/07\/Logo-ASD_noir.png","contentUrl":"https:\/\/www.asd-int.com\/wp-content\/uploads\/2020\/07\/Logo-ASD_noir.png","width":1054,"height":714,"caption":"ASD Group"},"image":{"@id":"https:\/\/www.asd-int.com\/pt-pt\/#\/schema\/logo\/image\/"}}]}},"_links":{"self":[{"href":"https:\/\/www.asd-int.com\/pt-pt\/wp-json\/wp\/v2\/mini_blog\/222649","targetHints":{"allow":["GET"]}}],"collection":[{"href":"https:\/\/www.asd-int.com\/pt-pt\/wp-json\/wp\/v2\/mini_blog"}],"about":[{"href":"https:\/\/www.asd-int.com\/pt-pt\/wp-json\/wp\/v2\/types\/mini_blog"}],"author":[{"embeddable":true,"href":"https:\/\/www.asd-int.com\/pt-pt\/wp-json\/wp\/v2\/users\/36"}],"version-history":[{"count":6,"href":"https:\/\/www.asd-int.com\/pt-pt\/wp-json\/wp\/v2\/mini_blog\/222649\/revisions"}],"predecessor-version":[{"id":222731,"href":"https:\/\/www.asd-int.com\/pt-pt\/wp-json\/wp\/v2\/mini_blog\/222649\/revisions\/222731"}],"wp:featuredmedia":[{"embeddable":true,"href":"https:\/\/www.asd-int.com\/pt-pt\/wp-json\/wp\/v2\/media\/222648"}],"wp:attachment":[{"href":"https:\/\/www.asd-int.com\/pt-pt\/wp-json\/wp\/v2\/media?parent=222649"}],"wp:term":[{"taxonomy":"category","embeddable":true,"href":"https:\/\/www.asd-int.com\/pt-pt\/wp-json\/wp\/v2\/categories?post=222649"},{"taxonomy":"post_tag","embeddable":true,"href":"https:\/\/www.asd-int.com\/pt-pt\/wp-json\/wp\/v2\/tags?post=222649"},{"taxonomy":"pays","embeddable":true,"href":"https:\/\/www.asd-int.com\/pt-pt\/wp-json\/wp\/v2\/pays?post=222649"}],"curies":[{"name":"wp","href":"https:\/\/api.w.org\/{rel}","templated":true}]}}