{"id":211203,"date":"2026-04-27T16:34:36","date_gmt":"2026-04-27T14:34:36","guid":{"rendered":"https:\/\/www.asd-int.com\/?post_type=mini_blog&#038;p=211203"},"modified":"2026-04-27T16:34:53","modified_gmt":"2026-04-27T14:34:53","slug":"belgia-masurile-lantului-tva-vor-intra-in-vigoare-la-1-mai-2026","status":"publish","type":"mini_blog","link":"https:\/\/www.asd-int.com\/ro\/mini_blog\/belgia-masurile-lantului-tva-vor-intra-in-vigoare-la-1-mai-2026\/","title":{"rendered":"Belgia : M\u0103surile lan\u021bului TVA vor intra \u00een vigoare la 1 mai 2026"},"content":{"rendered":"\n<p><a href=\"https:\/\/www.asd-int.com\/ro\/belgia-implementarea-lantului-de-tva-a-fost-amanata-pe-termen-nelimitat\/\">Dup\u0103 mai multe am\u00e2n\u0103ri succesive<\/a>, Belgia confirm\u0103 \u00een cele din urm\u0103 <strong>data de intrare \u00een vigoare a reformei lan\u021bului TVA la 1 mai 2026<\/strong><sup data-fn=\"40f4195b-53eb-48f8-9f80-4c3255271819\" class=\"fn\"><a href=\"#40f4195b-53eb-48f8-9f80-4c3255271819\" id=\"40f4195b-53eb-48f8-9f80-4c3255271819-link\">1<\/a><\/sup>. <\/p>\n\n\n\n<p>Anun\u021bat\u0103 ini\u021bial prin legea din 12 martie 2023, aceast\u0103 reform\u0103 a fost deja am\u00e2nat\u0103 de mai multe ori din cauza constr\u00e2ngerilor tehnice \u0219i opera\u021bionale.<\/p>\n\n\n\n<p><a href=\"https:\/\/www.asd-int.com\/ro\/belgia-amanarea-intrarii-in-vigoare-a-legii-care-vizeaza-modernizarea-lantului-tva\/\">Prev\u0103zut\u0103 ini\u021bial la 1 ianuarie 2025<\/a>, reforma a fost \u00eenso\u021bit\u0103 de o perioad\u0103 de tranzi\u021bie, ea \u00eens\u0103\u0219i prelungit\u0103 de mai multe ori. <\/p>\n\n\n\n<div class=\"wp-block-essential-blocks-notice  root-eb-notice-ktzyb\"><div class=\"eb-parent-wrapper eb-parent-eb-notice-ktzyb \"><div class=\"eb-notice-wrapper eb-notice-ktzyb\" data-id=\"eb-notice-ktzyb\" data-show-again=\"false\"><div class=\"eb-notice-title-wrapper\"><div class=\"eb-notice-title\">\u26a0\ufe0f <strong>Important<\/strong><\/div><\/div><span class=\"eb-notice-dismiss\" style=\"cursor:pointer\"><\/span><div><div class=\"eb-notice-text\">La 4 martie 2026, administra\u021bia federal\u0103 belgian\u0103 a oficializat punerea <strong>\u00een aplicare efectiv\u0103 a tuturor noilor m\u0103suri \u00eencep\u00e2nd cu 1 mai 2026<\/strong>.<\/div><\/div><\/div><\/div><\/div>\n\n\n\n<h2 class=\"wp-block-heading\">Contul de provizion TVA \u00eenlocuie\u0219te contul curent TVA<\/h2>\n\n\n\n<p>Reforma introduce o schimbare major\u0103 : suprimarea contului curent TVA \u00een favoarea unui <strong>cont de provizion TVA<\/strong>.<\/p>\n\n\n\n<p>Soldurile vor fi transferate c\u0103tre acest nou cont cu condi\u021bia ca toate declara\u021biile periodice s\u0103 fi fost depuse p\u00e2n\u0103 la <strong>30 aprilie 2026<\/strong>. \u00cen caz contrar, se va acorda un termen de regularizare. <strong>\u00cen caz de neconformitate, administra\u021bia va putea fie s\u0103 ramburseze creditul, fie s\u0103 \u00eel impute asupra unei datorii fiscale existente<\/strong>.<\/p>\n\n\n\n<p>\u00cencep\u00e2nd cu 1 mai 2026, cererea de rambursare prin declara\u021bia periodic\u0103 va viza doar creditul perioadei (rubrica 72). Pentru a recupera un sold al contului de provizion TVA, va trebui efectuat\u0103 o cerere distinct\u0103 prin MyMinfin.<\/p>\n\n\n\n<h2 class=\"wp-block-heading\">Noile numere de cont bancar TVA<\/h2>\n\n\n\n<p>\u00cencep\u00e2nd cu 1 mai 2026, pl\u0103\u021bile TVA vor trebui efectuate pe conturi noi :<\/p>\n\n\n\n<figure class=\"wp-block-table\"><table class=\"has-fixed-layout\"><thead><tr><th>Tip de plat\u0103<\/th><th>Num\u0103r de cont<\/th><th>Descriere<\/th><\/tr><\/thead><tbody><tr><td>TVA datorat\u0103, dob\u00e2nzi, amenzi (cu excep\u021bia titlului executoriu)<\/td><td>BE41 6792 0036 4210<\/td><td>Pl\u0103\u021bi curente legate de declara\u021biile TVA<\/td><\/tr><tr><td>Plat\u0103 dup\u0103 titlu executoriu<\/td><td>BE42 6792 0000 0054<\/td><td>\u00cencasare ca urmare a unei decizii oficiale<\/td><\/tr><\/tbody><\/table><\/figure>\n\n\n\n<div class=\"wp-block-essential-blocks-notice  root-eb-notice-uw0mj\"><div class=\"eb-parent-wrapper eb-parent-eb-notice-uw0mj \"><div class=\"eb-notice-wrapper eb-notice-uw0mj\" data-id=\"eb-notice-uw0mj\" data-show-again=\"false\"><div class=\"eb-notice-title-wrapper\"><div class=\"eb-notice-title\">\u26a0\ufe0f <strong>Important<\/strong><\/div><\/div><span class=\"eb-notice-dismiss\" style=\"cursor:pointer\"><\/span><div><div class=\"eb-notice-text\">Aceste noi conturi se vor aplica, \u00een principiu, <strong>declara\u021biilor de TVA referitoare la perioada aprilie 2026<\/strong>.<\/div><\/div><\/div><\/div><\/div>\n\n\n\n<h2 class=\"wp-block-heading\">Calendar TVA 2026 : principalele modific\u0103ri<\/h2>\n\n\n\n<p>Calendarul TVA 2026 introduce mai multe modific\u0103ri importante.<\/p>\n\n\n\n<h3 class=\"wp-block-heading\">1. Suprimarea regimului \u201evacan\u021belor fiscale\u201d<\/h3>\n\n\n\n<p>Dispozitivul care permitea am\u00e2narea termenelor de depunere pentru anumite declara\u021bii este suprimat.<\/p>\n\n\n\n<h3 class=\"wp-block-heading\">2. Termene de depunere \u00een 2026<\/h3>\n\n\n\n<figure class=\"wp-block-table\"><table class=\"has-fixed-layout\"><thead><tr><th>Declara\u021bie<\/th><th>Termen limit\u0103 normal<\/th><th>Am\u00e2nare weekend\/zi de s\u0103rb\u0103toare<\/th><th>Observa\u021bii<\/th><\/tr><\/thead><tbody><tr><td>TVA trimestrul I 2026<\/td><td>25 aprilie 2026<\/td><td>27 aprilie 2026<\/td><td>Am\u00e2nare men\u021binut\u0103<\/td><\/tr><tr><td>TVA trimestrul II 2026<\/td><td>25 iulie 2026<\/td><td>\u274c Nu se aplic\u0103<\/td><td>F\u0103r\u0103 am\u00e2nare la luni<\/td><\/tr><tr><td>Declara\u021bii lunare<\/td><td>conform calendarului<\/td><td>\u2714 Da<\/td><td>Am\u00e2nare men\u021binut\u0103<\/td><\/tr><\/tbody><\/table><\/figure>\n\n\n\n<div class=\"wp-block-essential-blocks-notice  root-eb-notice-lfng1\"><div class=\"eb-parent-wrapper eb-parent-eb-notice-lfng1 \"><div class=\"eb-notice-wrapper eb-notice-lfng1\" data-id=\"eb-notice-lfng1\" data-show-again=\"false\"><div class=\"eb-notice-title-wrapper\"><div class=\"eb-notice-title\">\u26a0\ufe0f <strong>Aten\u021bie<\/strong><\/div><\/div><span class=\"eb-notice-dismiss\" style=\"cursor:pointer\"><\/span><div><div class=\"eb-notice-text\">Am\u00e2narea nu se mai aplic\u0103 declara\u021biilor trimestriale, <strong>cu excep\u021bia celui de-al doilea trimestru al anului 2026<\/strong>.<\/div><\/div><\/div><\/div><\/div>\n\n\n\n<h3 class=\"wp-block-heading\">3. Liste intracomunitare<\/h3>\n\n\n\n<figure class=\"wp-block-table\"><table class=\"has-fixed-layout\"><thead><tr><th>Periodicitate<\/th><th>Termen limit\u0103<\/th><th>Am\u00e2nare weekend<\/th><th>Particularitate<\/th><\/tr><\/thead><tbody><tr><td>Lunar\u0103<\/td><td>conform calendarului<\/td><td>\u2714 Da<\/td><td>Am\u00e2nare la urm\u0103toarea zi lucr\u0103toare<\/td><\/tr><tr><td>Trimestrial\u0103<\/td><td>25 aprilie 2026 (T1)<\/td><td>\u274c Nu<\/td><td>F\u0103r\u0103 am\u00e2nare, spre deosebire de TVA<\/td><\/tr><\/tbody><\/table><\/figure>\n\n\n\n<p>O inconsecven\u021b\u0103 notabil\u0103 apare pentru trimestrul I 2026 : declara\u021bia TVA beneficiaz\u0103 de o am\u00e2nare p\u00e2n\u0103 la 27 aprilie, \u00een timp ce lista intracomunitar\u0103 r\u0103m\u00e2ne scadent\u0103 \u00eencep\u00e2nd cu 25 aprilie 2026.<\/p>\n\n\n\n<div class=\"wp-block-essential-blocks-call-to-action  root-eb-call-to-action-x33hj\"><div class=\"eb-parent-wrapper eb-parent-eb-call-to-action-x33hj \"><div class=\"eb-cia-wrapper eb-call-to-action-x33hj\" data-icon=\"dashicons-shield-alt\"><div class=\"eb-cia-text-wrapper\"><span class=\"dashicon dashicons dashicons-shield-alt eb-cia-icon\"><\/span><h3 class=\"eb-cia-title\"><strong>ASD Group v\u0103 \u00eenso\u021be\u0219te \u00een punerea \u00een conformitate TVA \u00een Belgia<\/strong><\/h3><p class=\"eb-cia-description\"><strong>Anticipa\u021bi impactul reformei lan\u021bului TVA belgian<\/strong> \u0219i securiza\u021bi-v\u0103 obliga\u021biile fiscale cu exper\u021bii no\u0219tri.<\/p><\/div><div class=\"eb-cia-button-wrapper\"><a href=\"https:\/\/www.asd-int.com\/ro\/contact\/\" target=\"_self\" rel=\"noopener\"><div class=\"eb-cia-button is-large\"><strong>Contacta\u021bi exper\u021bii no\u0219tri \u00een TVA belgian ><\/strong><\/div><\/a><\/div><\/div><\/div><\/div>\n\n\n<ol class=\"wp-block-footnotes\"><li id=\"40f4195b-53eb-48f8-9f80-4c3255271819\"><a href=\"https:\/\/www.vat-consult.be\/blog\/belgian-vat-provision-account\" target=\"_blank\" rel=\"noreferrer noopener\">vat-consult.be<\/a> (\u00een englez\u0103) <a href=\"#40f4195b-53eb-48f8-9f80-4c3255271819-link\" aria-label=\"Sari la referin\u021ba pentru nota de subsol 1\">\u21a9\ufe0e<\/a><\/li><\/ol>\n\n\n<hr class=\"wp-block-separator has-alpha-channel-opacity\"\/>\n\n\n\n<div class=\"wp-block-media-text is-vertically-aligned-top copywriter-card\" style=\"grid-template-columns:15% auto\"><figure class=\"wp-block-media-text__media\"><img fetchpriority=\"high\" decoding=\"async\" width=\"517\" height=\"521\" src=\"https:\/\/www.asd-int.com\/wp-content\/uploads\/2025\/12\/Noemie_Almot-CM-Medaillon-ASD-Group.png\" alt=\"\" class=\"wp-image-205439 size-full\" srcset=\"https:\/\/www.asd-int.com\/wp-content\/uploads\/2025\/12\/Noemie_Almot-CM-Medaillon-ASD-Group.png 517w, https:\/\/www.asd-int.com\/wp-content\/uploads\/2025\/12\/Noemie_Almot-CM-Medaillon-ASD-Group-298x300.png 298w, https:\/\/www.asd-int.com\/wp-content\/uploads\/2025\/12\/Noemie_Almot-CM-Medaillon-ASD-Group-150x150.png 150w\" sizes=\"(max-width: 517px) 100vw, 517px\" \/><\/figure><div class=\"wp-block-media-text__content\">\n<p><strong>No\u00e9mie Almot<\/strong><br><em>Community Manager \u0219i Redactor<\/em><\/p>\n\n\n\n<p class=\"has-small-font-size\">No\u00e9mie este redactoare specializat\u0103 la ASD Group. Ea creeaz\u0103 \u0219i gestioneaz\u0103 articole de blog, precum \u0219i \u0219tiri pe site-urile noastre, concentr\u00e2ndu-se pe TVA, taxe interna\u021bionale, opera\u021biuni vamale, reglement\u0103ri sociale \u0219i comer\u021b interna\u021bional. Cu un stil clar \u0219i educativ, face ca subiectele complexe \u0219i tehnice s\u0103 fie u\u0219or de \u00een\u021beles \u0219i relevante pentru companii.<\/p>\n\n\n\n<ul class=\"wp-block-social-links is-layout-flex wp-block-social-links-is-layout-flex\"><li class=\"wp-social-link wp-social-link-linkedin  wp-block-social-link\"><a rel=\"target=&quot;_blank&quot; noopener nofollow\" target=\"_blank\" href=\"https:\/\/www.linkedin.com\/in\/no%C3%A9mie-almot\/\" class=\"wp-block-social-link-anchor\"><svg width=\"24\" height=\"24\" viewBox=\"0 0 24 24\" version=\"1.1\" xmlns=\"http:\/\/www.w3.org\/2000\/svg\" aria-hidden=\"true\" focusable=\"false\"><path d=\"M19.7,3H4.3C3.582,3,3,3.582,3,4.3v15.4C3,20.418,3.582,21,4.3,21h15.4c0.718,0,1.3-0.582,1.3-1.3V4.3 C21,3.582,20.418,3,19.7,3z M8.339,18.338H5.667v-8.59h2.672V18.338z M7.004,8.574c-0.857,0-1.549-0.694-1.549-1.548 c0-0.855,0.691-1.548,1.549-1.548c0.854,0,1.547,0.694,1.547,1.548C8.551,7.881,7.858,8.574,7.004,8.574z M18.339,18.338h-2.669 v-4.177c0-0.996-0.017-2.278-1.387-2.278c-1.389,0-1.601,1.086-1.601,2.206v4.249h-2.667v-8.59h2.559v1.174h0.037 c0.356-0.675,1.227-1.387,2.526-1.387c2.703,0,3.203,1.779,3.203,4.092V18.338z\"><\/path><\/svg><span class=\"wp-block-social-link-label screen-reader-text\">LinkedIn<\/span><\/a><\/li><\/ul>\n<\/div><\/div>\n","protected":false},"excerpt":{"rendered":"<p>Dup\u0103 mai multe am\u00e2n\u0103ri succesive, Belgia confirm\u0103 \u00een cele din urm\u0103 data de intrare \u00een vigoare a reformei lan\u021bului TVA la 1 mai 2026. Anun\u021bat\u0103&#8230;<\/p>\n","protected":false},"author":36,"featured_media":211172,"menu_order":0,"template":"","format":"standard","meta":{"_eb_attr":"","_lmt_disableupdate":"","_lmt_disable":"","footnotes":"[{\"content\":\"<a href=\\\"https:\\\/\\\/www.vat-consult.be\\\/blog\\\/belgian-vat-provision-account\\\" target=\\\"_blank\\\" rel=\\\"noreferrer noopener\\\">vat-consult.be<\\\/a> (\\u00een englez\\u0103)\",\"id\":\"40f4195b-53eb-48f8-9f80-4c3255271819\"}]"},"categories":[3684,377],"tags":[4440,4843,4715,4412,3490,3349],"pays":[1118],"class_list":["post-211203","mini_blog","type-mini_blog","status-publish","format-standard","has-post-thumbnail","hentry","category-servicii-fiscale","category-fiscal","tag-chaine-tva","tag-lant-tva","tag-obligatii-fiscale","tag-obligations-fiscales","tag-tva-ro","tag-tva","pays-belgique-ro"],"yoast_head":"<!-- This site is optimized with the Yoast SEO plugin v27.4 - https:\/\/yoast.com\/product\/yoast-seo-wordpress\/ -->\n<title>Belgia : reforma lan\u021bului TVA efectiv\u0103 la 1 mai 2026 | ASD Group<\/title>\n<meta name=\"description\" content=\"Belgia confirm\u0103 reforma lan\u021bului TVA la 1 mai 2026 : cont de provizion, noi pl\u0103\u021bi \u0219i calendar modificat.\" \/>\n<meta name=\"robots\" content=\"index, follow, max-snippet:-1, max-image-preview:large, max-video-preview:-1\" \/>\n<link rel=\"canonical\" href=\"https:\/\/www.asd-int.com\/ro\/mini_blog\/belgia-masurile-lantului-tva-vor-intra-in-vigoare-la-1-mai-2026\/\" \/>\n<meta property=\"og:locale\" content=\"ro_RO\" \/>\n<meta property=\"og:type\" content=\"article\" \/>\n<meta property=\"og:title\" content=\"Belgia : reforma lan\u021bului TVA efectiv\u0103 la 1 mai 2026 | ASD Group\" \/>\n<meta property=\"og:description\" content=\"Belgia confirm\u0103 reforma lan\u021bului TVA la 1 mai 2026 : cont de provizion, noi pl\u0103\u021bi \u0219i calendar modificat.\" \/>\n<meta property=\"og:url\" content=\"https:\/\/www.asd-int.com\/ro\/mini_blog\/belgia-masurile-lantului-tva-vor-intra-in-vigoare-la-1-mai-2026\/\" \/>\n<meta property=\"og:site_name\" content=\"ASD\" \/>\n<meta property=\"article:modified_time\" content=\"2026-04-27T14:34:53+00:00\" \/>\n<meta property=\"og:image\" content=\"https:\/\/www.asd-int.com\/wp-content\/uploads\/2026\/04\/belgique-les-mesures-de-la-chaine-tva-entreront-en-vigueur-le-1er-mai-2026.jpg\" \/>\n\t<meta property=\"og:image:width\" content=\"1440\" \/>\n\t<meta property=\"og:image:height\" content=\"911\" \/>\n\t<meta property=\"og:image:type\" content=\"image\/jpeg\" \/>\n<meta name=\"twitter:card\" content=\"summary_large_image\" \/>\n<meta name=\"twitter:label1\" content=\"Timp estimat pentru citire\" \/>\n\t<meta name=\"twitter:data1\" content=\"4 minute\" \/>\n<script type=\"application\/ld+json\" class=\"yoast-schema-graph\">{\"@context\":\"https:\\\/\\\/schema.org\",\"@graph\":[{\"@type\":\"WebPage\",\"@id\":\"https:\\\/\\\/www.asd-int.com\\\/ro\\\/mini_blog\\\/belgia-masurile-lantului-tva-vor-intra-in-vigoare-la-1-mai-2026\\\/\",\"url\":\"https:\\\/\\\/www.asd-int.com\\\/ro\\\/mini_blog\\\/belgia-masurile-lantului-tva-vor-intra-in-vigoare-la-1-mai-2026\\\/\",\"name\":\"Belgia : reforma lan\u021bului TVA efectiv\u0103 la 1 mai 2026 | ASD Group\",\"isPartOf\":{\"@id\":\"https:\\\/\\\/www.asd-int.com\\\/ro\\\/#website\"},\"primaryImageOfPage\":{\"@id\":\"https:\\\/\\\/www.asd-int.com\\\/ro\\\/mini_blog\\\/belgia-masurile-lantului-tva-vor-intra-in-vigoare-la-1-mai-2026\\\/#primaryimage\"},\"image\":{\"@id\":\"https:\\\/\\\/www.asd-int.com\\\/ro\\\/mini_blog\\\/belgia-masurile-lantului-tva-vor-intra-in-vigoare-la-1-mai-2026\\\/#primaryimage\"},\"thumbnailUrl\":\"https:\\\/\\\/www.asd-int.com\\\/wp-content\\\/uploads\\\/2026\\\/04\\\/belgique-les-mesures-de-la-chaine-tva-entreront-en-vigueur-le-1er-mai-2026.jpg\",\"datePublished\":\"2026-04-27T14:34:36+00:00\",\"dateModified\":\"2026-04-27T14:34:53+00:00\",\"description\":\"Belgia confirm\u0103 reforma lan\u021bului TVA la 1 mai 2026 : cont de provizion, noi pl\u0103\u021bi \u0219i calendar modificat.\",\"breadcrumb\":{\"@id\":\"https:\\\/\\\/www.asd-int.com\\\/ro\\\/mini_blog\\\/belgia-masurile-lantului-tva-vor-intra-in-vigoare-la-1-mai-2026\\\/#breadcrumb\"},\"inLanguage\":\"ro-RO\",\"potentialAction\":[{\"@type\":\"ReadAction\",\"target\":[\"https:\\\/\\\/www.asd-int.com\\\/ro\\\/mini_blog\\\/belgia-masurile-lantului-tva-vor-intra-in-vigoare-la-1-mai-2026\\\/\"]}]},{\"@type\":\"ImageObject\",\"inLanguage\":\"ro-RO\",\"@id\":\"https:\\\/\\\/www.asd-int.com\\\/ro\\\/mini_blog\\\/belgia-masurile-lantului-tva-vor-intra-in-vigoare-la-1-mai-2026\\\/#primaryimage\",\"url\":\"https:\\\/\\\/www.asd-int.com\\\/wp-content\\\/uploads\\\/2026\\\/04\\\/belgique-les-mesures-de-la-chaine-tva-entreront-en-vigueur-le-1er-mai-2026.jpg\",\"contentUrl\":\"https:\\\/\\\/www.asd-int.com\\\/wp-content\\\/uploads\\\/2026\\\/04\\\/belgique-les-mesures-de-la-chaine-tva-entreront-en-vigueur-le-1er-mai-2026.jpg\",\"width\":1440,\"height\":911,\"caption\":\"Belgia : M\u0103surile lan\u021bului TVA vor intra \u00een vigoare la 1 mai 2026\"},{\"@type\":\"BreadcrumbList\",\"@id\":\"https:\\\/\\\/www.asd-int.com\\\/ro\\\/mini_blog\\\/belgia-masurile-lantului-tva-vor-intra-in-vigoare-la-1-mai-2026\\\/#breadcrumb\",\"itemListElement\":[{\"@type\":\"ListItem\",\"position\":1,\"name\":\"ASD Group\",\"item\":\"https:\\\/\\\/www.asd-int.com\\\/ro\\\/\"},{\"@type\":\"ListItem\",\"position\":2,\"name\":\"Belgia : M\u0103surile lan\u021bului TVA vor intra \u00een vigoare la 1 mai 2026\"}]},{\"@type\":\"WebSite\",\"@id\":\"https:\\\/\\\/www.asd-int.com\\\/ro\\\/#website\",\"url\":\"https:\\\/\\\/www.asd-int.com\\\/ro\\\/\",\"name\":\"ASD\",\"description\":\"Expertul dumneavoastr\u0103 \u00een taxe interna\u021bionale \u0219i TVA intracomunitar\\r\\n\",\"publisher\":{\"@id\":\"https:\\\/\\\/www.asd-int.com\\\/ro\\\/#organization\"},\"potentialAction\":[{\"@type\":\"SearchAction\",\"target\":{\"@type\":\"EntryPoint\",\"urlTemplate\":\"https:\\\/\\\/www.asd-int.com\\\/ro\\\/?s={search_term_string}\"},\"query-input\":{\"@type\":\"PropertyValueSpecification\",\"valueRequired\":true,\"valueName\":\"search_term_string\"}}],\"inLanguage\":\"ro-RO\"},{\"@type\":\"Organization\",\"@id\":\"https:\\\/\\\/www.asd-int.com\\\/ro\\\/#organization\",\"name\":\"ASD Group\",\"url\":\"https:\\\/\\\/www.asd-int.com\\\/ro\\\/\",\"logo\":{\"@type\":\"ImageObject\",\"inLanguage\":\"ro-RO\",\"@id\":\"https:\\\/\\\/www.asd-int.com\\\/ro\\\/#\\\/schema\\\/logo\\\/image\\\/\",\"url\":\"https:\\\/\\\/www.asd-int.com\\\/wp-content\\\/uploads\\\/2020\\\/07\\\/Logo-ASD_noir.png\",\"contentUrl\":\"https:\\\/\\\/www.asd-int.com\\\/wp-content\\\/uploads\\\/2020\\\/07\\\/Logo-ASD_noir.png\",\"width\":1054,\"height\":714,\"caption\":\"ASD Group\"},\"image\":{\"@id\":\"https:\\\/\\\/www.asd-int.com\\\/ro\\\/#\\\/schema\\\/logo\\\/image\\\/\"}}]}<\/script>\n<!-- \/ Yoast SEO plugin. -->","yoast_head_json":{"title":"Belgia : reforma lan\u021bului TVA efectiv\u0103 la 1 mai 2026 | ASD Group","description":"Belgia confirm\u0103 reforma lan\u021bului TVA la 1 mai 2026 : cont de provizion, noi pl\u0103\u021bi \u0219i calendar modificat.","robots":{"index":"index","follow":"follow","max-snippet":"max-snippet:-1","max-image-preview":"max-image-preview:large","max-video-preview":"max-video-preview:-1"},"canonical":"https:\/\/www.asd-int.com\/ro\/mini_blog\/belgia-masurile-lantului-tva-vor-intra-in-vigoare-la-1-mai-2026\/","og_locale":"ro_RO","og_type":"article","og_title":"Belgia : reforma lan\u021bului TVA efectiv\u0103 la 1 mai 2026 | ASD Group","og_description":"Belgia confirm\u0103 reforma lan\u021bului TVA la 1 mai 2026 : cont de provizion, noi pl\u0103\u021bi \u0219i calendar modificat.","og_url":"https:\/\/www.asd-int.com\/ro\/mini_blog\/belgia-masurile-lantului-tva-vor-intra-in-vigoare-la-1-mai-2026\/","og_site_name":"ASD","article_modified_time":"2026-04-27T14:34:53+00:00","og_image":[{"width":1440,"height":911,"url":"https:\/\/www.asd-int.com\/wp-content\/uploads\/2026\/04\/belgique-les-mesures-de-la-chaine-tva-entreront-en-vigueur-le-1er-mai-2026.jpg","type":"image\/jpeg"}],"twitter_card":"summary_large_image","twitter_misc":{"Timp estimat pentru citire":"4 minute"},"schema":{"@context":"https:\/\/schema.org","@graph":[{"@type":"WebPage","@id":"https:\/\/www.asd-int.com\/ro\/mini_blog\/belgia-masurile-lantului-tva-vor-intra-in-vigoare-la-1-mai-2026\/","url":"https:\/\/www.asd-int.com\/ro\/mini_blog\/belgia-masurile-lantului-tva-vor-intra-in-vigoare-la-1-mai-2026\/","name":"Belgia : reforma lan\u021bului TVA efectiv\u0103 la 1 mai 2026 | ASD Group","isPartOf":{"@id":"https:\/\/www.asd-int.com\/ro\/#website"},"primaryImageOfPage":{"@id":"https:\/\/www.asd-int.com\/ro\/mini_blog\/belgia-masurile-lantului-tva-vor-intra-in-vigoare-la-1-mai-2026\/#primaryimage"},"image":{"@id":"https:\/\/www.asd-int.com\/ro\/mini_blog\/belgia-masurile-lantului-tva-vor-intra-in-vigoare-la-1-mai-2026\/#primaryimage"},"thumbnailUrl":"https:\/\/www.asd-int.com\/wp-content\/uploads\/2026\/04\/belgique-les-mesures-de-la-chaine-tva-entreront-en-vigueur-le-1er-mai-2026.jpg","datePublished":"2026-04-27T14:34:36+00:00","dateModified":"2026-04-27T14:34:53+00:00","description":"Belgia confirm\u0103 reforma lan\u021bului TVA la 1 mai 2026 : cont de provizion, noi pl\u0103\u021bi \u0219i calendar modificat.","breadcrumb":{"@id":"https:\/\/www.asd-int.com\/ro\/mini_blog\/belgia-masurile-lantului-tva-vor-intra-in-vigoare-la-1-mai-2026\/#breadcrumb"},"inLanguage":"ro-RO","potentialAction":[{"@type":"ReadAction","target":["https:\/\/www.asd-int.com\/ro\/mini_blog\/belgia-masurile-lantului-tva-vor-intra-in-vigoare-la-1-mai-2026\/"]}]},{"@type":"ImageObject","inLanguage":"ro-RO","@id":"https:\/\/www.asd-int.com\/ro\/mini_blog\/belgia-masurile-lantului-tva-vor-intra-in-vigoare-la-1-mai-2026\/#primaryimage","url":"https:\/\/www.asd-int.com\/wp-content\/uploads\/2026\/04\/belgique-les-mesures-de-la-chaine-tva-entreront-en-vigueur-le-1er-mai-2026.jpg","contentUrl":"https:\/\/www.asd-int.com\/wp-content\/uploads\/2026\/04\/belgique-les-mesures-de-la-chaine-tva-entreront-en-vigueur-le-1er-mai-2026.jpg","width":1440,"height":911,"caption":"Belgia : M\u0103surile lan\u021bului TVA vor intra \u00een vigoare la 1 mai 2026"},{"@type":"BreadcrumbList","@id":"https:\/\/www.asd-int.com\/ro\/mini_blog\/belgia-masurile-lantului-tva-vor-intra-in-vigoare-la-1-mai-2026\/#breadcrumb","itemListElement":[{"@type":"ListItem","position":1,"name":"ASD Group","item":"https:\/\/www.asd-int.com\/ro\/"},{"@type":"ListItem","position":2,"name":"Belgia : M\u0103surile lan\u021bului TVA vor intra \u00een vigoare la 1 mai 2026"}]},{"@type":"WebSite","@id":"https:\/\/www.asd-int.com\/ro\/#website","url":"https:\/\/www.asd-int.com\/ro\/","name":"ASD","description":"Expertul dumneavoastr\u0103 \u00een taxe interna\u021bionale \u0219i TVA intracomunitar\r\n","publisher":{"@id":"https:\/\/www.asd-int.com\/ro\/#organization"},"potentialAction":[{"@type":"SearchAction","target":{"@type":"EntryPoint","urlTemplate":"https:\/\/www.asd-int.com\/ro\/?s={search_term_string}"},"query-input":{"@type":"PropertyValueSpecification","valueRequired":true,"valueName":"search_term_string"}}],"inLanguage":"ro-RO"},{"@type":"Organization","@id":"https:\/\/www.asd-int.com\/ro\/#organization","name":"ASD Group","url":"https:\/\/www.asd-int.com\/ro\/","logo":{"@type":"ImageObject","inLanguage":"ro-RO","@id":"https:\/\/www.asd-int.com\/ro\/#\/schema\/logo\/image\/","url":"https:\/\/www.asd-int.com\/wp-content\/uploads\/2020\/07\/Logo-ASD_noir.png","contentUrl":"https:\/\/www.asd-int.com\/wp-content\/uploads\/2020\/07\/Logo-ASD_noir.png","width":1054,"height":714,"caption":"ASD Group"},"image":{"@id":"https:\/\/www.asd-int.com\/ro\/#\/schema\/logo\/image\/"}}]}},"_links":{"self":[{"href":"https:\/\/www.asd-int.com\/ro\/wp-json\/wp\/v2\/mini_blog\/211203","targetHints":{"allow":["GET"]}}],"collection":[{"href":"https:\/\/www.asd-int.com\/ro\/wp-json\/wp\/v2\/mini_blog"}],"about":[{"href":"https:\/\/www.asd-int.com\/ro\/wp-json\/wp\/v2\/types\/mini_blog"}],"author":[{"embeddable":true,"href":"https:\/\/www.asd-int.com\/ro\/wp-json\/wp\/v2\/users\/36"}],"version-history":[{"count":4,"href":"https:\/\/www.asd-int.com\/ro\/wp-json\/wp\/v2\/mini_blog\/211203\/revisions"}],"predecessor-version":[{"id":211236,"href":"https:\/\/www.asd-int.com\/ro\/wp-json\/wp\/v2\/mini_blog\/211203\/revisions\/211236"}],"wp:featuredmedia":[{"embeddable":true,"href":"https:\/\/www.asd-int.com\/ro\/wp-json\/wp\/v2\/media\/211172"}],"wp:attachment":[{"href":"https:\/\/www.asd-int.com\/ro\/wp-json\/wp\/v2\/media?parent=211203"}],"wp:term":[{"taxonomy":"category","embeddable":true,"href":"https:\/\/www.asd-int.com\/ro\/wp-json\/wp\/v2\/categories?post=211203"},{"taxonomy":"post_tag","embeddable":true,"href":"https:\/\/www.asd-int.com\/ro\/wp-json\/wp\/v2\/tags?post=211203"},{"taxonomy":"pays","embeddable":true,"href":"https:\/\/www.asd-int.com\/ro\/wp-json\/wp\/v2\/pays?post=211203"}],"curies":[{"name":"wp","href":"https:\/\/api.w.org\/{rel}","templated":true}]}}