{"id":222645,"date":"2026-09-01T00:00:00","date_gmt":"2026-08-31T22:00:00","guid":{"rendered":"https:\/\/www.asd-int.com\/?post_type=mini_blog&#038;p=222645"},"modified":"2026-08-10T13:55:04","modified_gmt":"2026-08-10T11:55:04","slug":"franta-e-reporting-ul-intra-in-vigoare-pentru-marile-si-intreprinderile-straine-de-dimensiune-medie-platitoare-de-tva","status":"publish","type":"mini_blog","link":"https:\/\/www.asd-int.com\/ro\/franta-e-reporting-ul-intra-in-vigoare-pentru-marile-si-intreprinderile-straine-de-dimensiune-medie-platitoare-de-tva\/","title":{"rendered":"Fran\u021ba: e-reporting-ul intr\u0103 \u00een vigoare pentru marile \u0219i \u00eentreprinderile str\u0103ine de dimensiune medie pl\u0103titoare de TVA"},"content":{"rendered":"\n<p class=\"wp-block-paragraph\"><strong>Ast\u0103zi, 1 septembrie 2026, <a href=\"https:\/\/www.asd-int.com\/ro\/franta-cum-functioneaza-e-reporting-ul-2026-pentru-companiile-straine-platitoare-de-tva\/\">obliga\u021bia de e-reporting intr\u0103 \u00een vigoare \u00een Fran\u021ba<\/a> pentru marile \u00eentreprinderi (GE) \u0219i \u00eentreprinderile de dimensiune intermediar\u0103 (ETI)<\/strong> <strong>str\u0103ine \u00eenregistrate \u00een scopuri de TVA \u00een Fran\u021ba<\/strong>.<br><br>Acestea sunt vizate \u00een m\u0103sura \u00een care realizeaz\u0103 anumite opera\u021biuni impozabile pe teritoriul francez.<\/p>\n\n\n\n<p class=\"wp-block-paragraph\">E-reporting-ul impune <strong>transmiterea electronic\u0103 a datelor relative la tranzac\u021bii \u0219i, \u00een anumite cazuri, la pl\u0103\u021bi<\/strong> c\u0103tre administra\u021bia fiscal\u0103 francez\u0103. \u00centreprinderile vizate trebuie s\u0103 efectueze aceste transmisii prin intermediul unei <strong>platforme agreate (PA)<\/strong>.<\/p>\n\n\n\n<p class=\"wp-block-paragraph\">Aceast\u0103 nou\u0103 obliga\u021bie constituie o etap\u0103 major\u0103 a reformei franceze a factur\u0103rii electronice \u0219i \u00eent\u0103re\u0219te obliga\u021biile de conformitate TVA ale \u00eentreprinderilor str\u0103ine care opereaz\u0103 \u00een Fran\u021ba.<\/p>\n\n\n\n<p class=\"wp-block-paragraph\"><strong>ASD Group \u00eenso\u021be\u0219te societ\u0103\u021bile nerezidente \u00een identificarea obliga\u021biilor lor \u0219i \u00een gestionarea opera\u021bional\u0103 a e-reporting-ului lor<\/strong>, de la colectarea datelor p\u00e2n\u0103 la transmiterea acestora.<\/p>\n\n\n\n<div class=\"wp-block-essential-blocks-call-to-action  root-eb-call-to-action-vp78u\"><div class=\"eb-parent-wrapper eb-parent-eb-call-to-action-vp78u \"><div class=\"eb-cia-wrapper eb-call-to-action-vp78u\" data-icon=\"dashicons-warning\"><div class=\"eb-cia-text-wrapper\"><span class=\"dashicon dashicons dashicons-warning eb-cia-icon\"><\/span><h3 class=\"eb-cia-title\">E-reporting-ul dumneavoastr\u0103 trebuie s\u0103 fie opera\u021bional \u00eencep\u00e2nd de ast\u0103zi !<\/h3><p class=\"eb-cia-description\">Date de transmis, termene, platform\u0103 agreat\u0103\u2026 <strong><strong>ASD Group preia gestionarea e-reporting-ului dumneavoastr\u0103 \u00een Fran\u021ba.<\/strong><\/strong><\/p><\/div><div class=\"eb-cia-button-wrapper\"><a href=\"https:\/\/www.asd-int.com\/ro\/e-reporting-in-franta\/\" target=\"_self\" rel=\"noopener\"><div class=\"eb-cia-button is-large\"><strong>Securiza\u021bi-v\u0103 e-reporting-ul ><\/strong><\/div><\/a><\/div><\/div><\/div><\/div>\n","protected":false},"excerpt":{"rendered":"<p>Ast\u0103zi, 1 septembrie 2026, obliga\u021bia de e-reporting intr\u0103 \u00een vigoare \u00een Fran\u021ba pentru marile \u00eentreprinderi (GE) \u0219i \u00eentreprinderile de dimensiune intermediar\u0103 (ETI) str\u0103ine \u00eenregistrate \u00een&#8230;<\/p>\n","protected":false},"author":36,"featured_media":222644,"menu_order":0,"template":"","format":"standard","meta":{"_eb_attr":"","_lmt_disableupdate":"","_lmt_disable":"","footnotes":""},"categories":[3684,3346],"tags":[5183,4715,3490],"pays":[1125],"class_list":["post-222645","mini_blog","type-mini_blog","status-publish","format-standard","has-post-thumbnail","hentry","category-servicii-fiscale","category-tva","tag-e-reporting","tag-obligatii-fiscale","tag-tva-ro","pays-france-ro"],"yoast_head":"<!-- This site is optimized with the Yoast SEO plugin v28.3 - https:\/\/yoast.com\/product\/yoast-seo-wordpress\/ -->\n<title>E-reporting-ul intr\u0103 \u00een vigoare pe 1 septembrie 2026 \u00een Fran\u021ba | ASD<\/title>\n<meta name=\"description\" content=\"E-reporting-ul intr\u0103 \u00een vigoare ast\u0103zi pentru marile \u00eentreprinderi \u0219i \u00eentreprinderile de dimensiune medie. Societ\u0103\u021bile str\u0103ine pl\u0103titoare de TVA sunt vizate.\" \/>\n<meta name=\"robots\" content=\"index, follow, max-snippet:-1, max-image-preview:large, max-video-preview:-1\" \/>\n<link rel=\"canonical\" href=\"https:\/\/www.asd-int.com\/ro\/franta-e-reporting-ul-intra-in-vigoare-pentru-marile-si-intreprinderile-straine-de-dimensiune-medie-platitoare-de-tva\/\" \/>\n<meta property=\"og:locale\" content=\"ro_RO\" \/>\n<meta property=\"og:type\" content=\"article\" \/>\n<meta property=\"og:title\" content=\"E-reporting-ul intr\u0103 \u00een vigoare pe 1 septembrie 2026 \u00een Fran\u021ba | ASD\" \/>\n<meta property=\"og:description\" content=\"E-reporting-ul intr\u0103 \u00een vigoare ast\u0103zi pentru marile \u00eentreprinderi \u0219i \u00eentreprinderile de dimensiune medie. Societ\u0103\u021bile str\u0103ine pl\u0103titoare de TVA sunt vizate.\" \/>\n<meta property=\"og:url\" content=\"https:\/\/www.asd-int.com\/ro\/franta-e-reporting-ul-intra-in-vigoare-pentru-marile-si-intreprinderile-straine-de-dimensiune-medie-platitoare-de-tva\/\" \/>\n<meta property=\"og:site_name\" content=\"ASD\" \/>\n<meta property=\"og:image\" content=\"https:\/\/www.asd-int.com\/wp-content\/uploads\/2026\/09\/e-reporting-france-2026.jpg\" \/>\n\t<meta property=\"og:image:width\" content=\"1440\" \/>\n\t<meta property=\"og:image:height\" content=\"796\" \/>\n\t<meta property=\"og:image:type\" content=\"image\/jpeg\" \/>\n<meta name=\"twitter:card\" content=\"summary_large_image\" \/>\n<meta name=\"twitter:label1\" content=\"Timp estimat pentru citire\" \/>\n\t<meta name=\"twitter:data1\" content=\"1 minut\" \/>\n<script type=\"application\/ld+json\" class=\"yoast-schema-graph\">{\"@context\":\"https:\\\/\\\/schema.org\",\"@graph\":[{\"@type\":\"WebPage\",\"@id\":\"https:\\\/\\\/www.asd-int.com\\\/ro\\\/franta-e-reporting-ul-intra-in-vigoare-pentru-marile-si-intreprinderile-straine-de-dimensiune-medie-platitoare-de-tva\\\/\",\"url\":\"https:\\\/\\\/www.asd-int.com\\\/ro\\\/franta-e-reporting-ul-intra-in-vigoare-pentru-marile-si-intreprinderile-straine-de-dimensiune-medie-platitoare-de-tva\\\/\",\"name\":\"E-reporting-ul intr\u0103 \u00een vigoare pe 1 septembrie 2026 \u00een Fran\u021ba | ASD\",\"isPartOf\":{\"@id\":\"https:\\\/\\\/www.asd-int.com\\\/ro\\\/#website\"},\"primaryImageOfPage\":{\"@id\":\"https:\\\/\\\/www.asd-int.com\\\/ro\\\/franta-e-reporting-ul-intra-in-vigoare-pentru-marile-si-intreprinderile-straine-de-dimensiune-medie-platitoare-de-tva\\\/#primaryimage\"},\"image\":{\"@id\":\"https:\\\/\\\/www.asd-int.com\\\/ro\\\/franta-e-reporting-ul-intra-in-vigoare-pentru-marile-si-intreprinderile-straine-de-dimensiune-medie-platitoare-de-tva\\\/#primaryimage\"},\"thumbnailUrl\":\"https:\\\/\\\/www.asd-int.com\\\/wp-content\\\/uploads\\\/2026\\\/09\\\/e-reporting-france-2026.jpg\",\"datePublished\":\"2026-08-31T22:00:00+00:00\",\"description\":\"E-reporting-ul intr\u0103 \u00een vigoare ast\u0103zi pentru marile \u00eentreprinderi \u0219i \u00eentreprinderile de dimensiune medie. Societ\u0103\u021bile str\u0103ine pl\u0103titoare de TVA sunt vizate.\",\"breadcrumb\":{\"@id\":\"https:\\\/\\\/www.asd-int.com\\\/ro\\\/franta-e-reporting-ul-intra-in-vigoare-pentru-marile-si-intreprinderile-straine-de-dimensiune-medie-platitoare-de-tva\\\/#breadcrumb\"},\"inLanguage\":\"ro-RO\",\"potentialAction\":[{\"@type\":\"ReadAction\",\"target\":[\"https:\\\/\\\/www.asd-int.com\\\/ro\\\/franta-e-reporting-ul-intra-in-vigoare-pentru-marile-si-intreprinderile-straine-de-dimensiune-medie-platitoare-de-tva\\\/\"]}]},{\"@type\":\"ImageObject\",\"inLanguage\":\"ro-RO\",\"@id\":\"https:\\\/\\\/www.asd-int.com\\\/ro\\\/franta-e-reporting-ul-intra-in-vigoare-pentru-marile-si-intreprinderile-straine-de-dimensiune-medie-platitoare-de-tva\\\/#primaryimage\",\"url\":\"https:\\\/\\\/www.asd-int.com\\\/wp-content\\\/uploads\\\/2026\\\/09\\\/e-reporting-france-2026.jpg\",\"contentUrl\":\"https:\\\/\\\/www.asd-int.com\\\/wp-content\\\/uploads\\\/2026\\\/09\\\/e-reporting-france-2026.jpg\",\"width\":1440,\"height\":796,\"caption\":\"Fran\u021ba: e-reporting-ul intr\u0103 \u00een vigoare pentru marile \u00eentreprinderi \u0219i ETI str\u0103ine pl\u0103titoare de TVA\"},{\"@type\":\"BreadcrumbList\",\"@id\":\"https:\\\/\\\/www.asd-int.com\\\/ro\\\/franta-e-reporting-ul-intra-in-vigoare-pentru-marile-si-intreprinderile-straine-de-dimensiune-medie-platitoare-de-tva\\\/#breadcrumb\",\"itemListElement\":[{\"@type\":\"ListItem\",\"position\":1,\"name\":\"ASD Group\",\"item\":\"https:\\\/\\\/www.asd-int.com\\\/ro\\\/\"},{\"@type\":\"ListItem\",\"position\":2,\"name\":\"E-reporting Fran\u021ba 2026\"}]},{\"@type\":\"WebSite\",\"@id\":\"https:\\\/\\\/www.asd-int.com\\\/ro\\\/#website\",\"url\":\"https:\\\/\\\/www.asd-int.com\\\/ro\\\/\",\"name\":\"ASD\",\"description\":\"Expertul dumneavoastr\u0103 \u00een taxe interna\u021bionale \u0219i TVA intracomunitar\\r\\n\",\"publisher\":{\"@id\":\"https:\\\/\\\/www.asd-int.com\\\/ro\\\/#organization\"},\"potentialAction\":[{\"@type\":\"SearchAction\",\"target\":{\"@type\":\"EntryPoint\",\"urlTemplate\":\"https:\\\/\\\/www.asd-int.com\\\/ro\\\/?s={search_term_string}\"},\"query-input\":{\"@type\":\"PropertyValueSpecification\",\"valueRequired\":true,\"valueName\":\"search_term_string\"}}],\"inLanguage\":\"ro-RO\"},{\"@type\":\"Organization\",\"@id\":\"https:\\\/\\\/www.asd-int.com\\\/ro\\\/#organization\",\"name\":\"ASD Group\",\"url\":\"https:\\\/\\\/www.asd-int.com\\\/ro\\\/\",\"logo\":{\"@type\":\"ImageObject\",\"inLanguage\":\"ro-RO\",\"@id\":\"https:\\\/\\\/www.asd-int.com\\\/ro\\\/#\\\/schema\\\/logo\\\/image\\\/\",\"url\":\"https:\\\/\\\/www.asd-int.com\\\/wp-content\\\/uploads\\\/2020\\\/07\\\/Logo-ASD_noir.png\",\"contentUrl\":\"https:\\\/\\\/www.asd-int.com\\\/wp-content\\\/uploads\\\/2020\\\/07\\\/Logo-ASD_noir.png\",\"width\":1054,\"height\":714,\"caption\":\"ASD Group\"},\"image\":{\"@id\":\"https:\\\/\\\/www.asd-int.com\\\/ro\\\/#\\\/schema\\\/logo\\\/image\\\/\"}}]}<\/script>\n<!-- \/ Yoast SEO plugin. -->","yoast_head_json":{"title":"E-reporting-ul intr\u0103 \u00een vigoare pe 1 septembrie 2026 \u00een Fran\u021ba | ASD","description":"E-reporting-ul intr\u0103 \u00een vigoare ast\u0103zi pentru marile \u00eentreprinderi \u0219i \u00eentreprinderile de dimensiune medie. Societ\u0103\u021bile str\u0103ine pl\u0103titoare de TVA sunt vizate.","robots":{"index":"index","follow":"follow","max-snippet":"max-snippet:-1","max-image-preview":"max-image-preview:large","max-video-preview":"max-video-preview:-1"},"canonical":"https:\/\/www.asd-int.com\/ro\/franta-e-reporting-ul-intra-in-vigoare-pentru-marile-si-intreprinderile-straine-de-dimensiune-medie-platitoare-de-tva\/","og_locale":"ro_RO","og_type":"article","og_title":"E-reporting-ul intr\u0103 \u00een vigoare pe 1 septembrie 2026 \u00een Fran\u021ba | ASD","og_description":"E-reporting-ul intr\u0103 \u00een vigoare ast\u0103zi pentru marile \u00eentreprinderi \u0219i \u00eentreprinderile de dimensiune medie. Societ\u0103\u021bile str\u0103ine pl\u0103titoare de TVA sunt vizate.","og_url":"https:\/\/www.asd-int.com\/ro\/franta-e-reporting-ul-intra-in-vigoare-pentru-marile-si-intreprinderile-straine-de-dimensiune-medie-platitoare-de-tva\/","og_site_name":"ASD","og_image":[{"width":1440,"height":796,"url":"https:\/\/www.asd-int.com\/wp-content\/uploads\/2026\/09\/e-reporting-france-2026.jpg","type":"image\/jpeg"}],"twitter_card":"summary_large_image","twitter_misc":{"Timp estimat pentru citire":"1 minut"},"schema":{"@context":"https:\/\/schema.org","@graph":[{"@type":"WebPage","@id":"https:\/\/www.asd-int.com\/ro\/franta-e-reporting-ul-intra-in-vigoare-pentru-marile-si-intreprinderile-straine-de-dimensiune-medie-platitoare-de-tva\/","url":"https:\/\/www.asd-int.com\/ro\/franta-e-reporting-ul-intra-in-vigoare-pentru-marile-si-intreprinderile-straine-de-dimensiune-medie-platitoare-de-tva\/","name":"E-reporting-ul intr\u0103 \u00een vigoare pe 1 septembrie 2026 \u00een Fran\u021ba | ASD","isPartOf":{"@id":"https:\/\/www.asd-int.com\/ro\/#website"},"primaryImageOfPage":{"@id":"https:\/\/www.asd-int.com\/ro\/franta-e-reporting-ul-intra-in-vigoare-pentru-marile-si-intreprinderile-straine-de-dimensiune-medie-platitoare-de-tva\/#primaryimage"},"image":{"@id":"https:\/\/www.asd-int.com\/ro\/franta-e-reporting-ul-intra-in-vigoare-pentru-marile-si-intreprinderile-straine-de-dimensiune-medie-platitoare-de-tva\/#primaryimage"},"thumbnailUrl":"https:\/\/www.asd-int.com\/wp-content\/uploads\/2026\/09\/e-reporting-france-2026.jpg","datePublished":"2026-08-31T22:00:00+00:00","description":"E-reporting-ul intr\u0103 \u00een vigoare ast\u0103zi pentru marile \u00eentreprinderi \u0219i \u00eentreprinderile de dimensiune medie. Societ\u0103\u021bile str\u0103ine pl\u0103titoare de TVA sunt vizate.","breadcrumb":{"@id":"https:\/\/www.asd-int.com\/ro\/franta-e-reporting-ul-intra-in-vigoare-pentru-marile-si-intreprinderile-straine-de-dimensiune-medie-platitoare-de-tva\/#breadcrumb"},"inLanguage":"ro-RO","potentialAction":[{"@type":"ReadAction","target":["https:\/\/www.asd-int.com\/ro\/franta-e-reporting-ul-intra-in-vigoare-pentru-marile-si-intreprinderile-straine-de-dimensiune-medie-platitoare-de-tva\/"]}]},{"@type":"ImageObject","inLanguage":"ro-RO","@id":"https:\/\/www.asd-int.com\/ro\/franta-e-reporting-ul-intra-in-vigoare-pentru-marile-si-intreprinderile-straine-de-dimensiune-medie-platitoare-de-tva\/#primaryimage","url":"https:\/\/www.asd-int.com\/wp-content\/uploads\/2026\/09\/e-reporting-france-2026.jpg","contentUrl":"https:\/\/www.asd-int.com\/wp-content\/uploads\/2026\/09\/e-reporting-france-2026.jpg","width":1440,"height":796,"caption":"Fran\u021ba: e-reporting-ul intr\u0103 \u00een vigoare pentru marile \u00eentreprinderi \u0219i ETI str\u0103ine pl\u0103titoare de TVA"},{"@type":"BreadcrumbList","@id":"https:\/\/www.asd-int.com\/ro\/franta-e-reporting-ul-intra-in-vigoare-pentru-marile-si-intreprinderile-straine-de-dimensiune-medie-platitoare-de-tva\/#breadcrumb","itemListElement":[{"@type":"ListItem","position":1,"name":"ASD Group","item":"https:\/\/www.asd-int.com\/ro\/"},{"@type":"ListItem","position":2,"name":"E-reporting Fran\u021ba 2026"}]},{"@type":"WebSite","@id":"https:\/\/www.asd-int.com\/ro\/#website","url":"https:\/\/www.asd-int.com\/ro\/","name":"ASD","description":"Expertul dumneavoastr\u0103 \u00een taxe interna\u021bionale \u0219i TVA intracomunitar\r\n","publisher":{"@id":"https:\/\/www.asd-int.com\/ro\/#organization"},"potentialAction":[{"@type":"SearchAction","target":{"@type":"EntryPoint","urlTemplate":"https:\/\/www.asd-int.com\/ro\/?s={search_term_string}"},"query-input":{"@type":"PropertyValueSpecification","valueRequired":true,"valueName":"search_term_string"}}],"inLanguage":"ro-RO"},{"@type":"Organization","@id":"https:\/\/www.asd-int.com\/ro\/#organization","name":"ASD Group","url":"https:\/\/www.asd-int.com\/ro\/","logo":{"@type":"ImageObject","inLanguage":"ro-RO","@id":"https:\/\/www.asd-int.com\/ro\/#\/schema\/logo\/image\/","url":"https:\/\/www.asd-int.com\/wp-content\/uploads\/2020\/07\/Logo-ASD_noir.png","contentUrl":"https:\/\/www.asd-int.com\/wp-content\/uploads\/2020\/07\/Logo-ASD_noir.png","width":1054,"height":714,"caption":"ASD Group"},"image":{"@id":"https:\/\/www.asd-int.com\/ro\/#\/schema\/logo\/image\/"}}]}},"_links":{"self":[{"href":"https:\/\/www.asd-int.com\/ro\/wp-json\/wp\/v2\/mini_blog\/222645","targetHints":{"allow":["GET"]}}],"collection":[{"href":"https:\/\/www.asd-int.com\/ro\/wp-json\/wp\/v2\/mini_blog"}],"about":[{"href":"https:\/\/www.asd-int.com\/ro\/wp-json\/wp\/v2\/types\/mini_blog"}],"author":[{"embeddable":true,"href":"https:\/\/www.asd-int.com\/ro\/wp-json\/wp\/v2\/users\/36"}],"version-history":[{"count":6,"href":"https:\/\/www.asd-int.com\/ro\/wp-json\/wp\/v2\/mini_blog\/222645\/revisions"}],"predecessor-version":[{"id":222735,"href":"https:\/\/www.asd-int.com\/ro\/wp-json\/wp\/v2\/mini_blog\/222645\/revisions\/222735"}],"wp:featuredmedia":[{"embeddable":true,"href":"https:\/\/www.asd-int.com\/ro\/wp-json\/wp\/v2\/media\/222644"}],"wp:attachment":[{"href":"https:\/\/www.asd-int.com\/ro\/wp-json\/wp\/v2\/media?parent=222645"}],"wp:term":[{"taxonomy":"category","embeddable":true,"href":"https:\/\/www.asd-int.com\/ro\/wp-json\/wp\/v2\/categories?post=222645"},{"taxonomy":"post_tag","embeddable":true,"href":"https:\/\/www.asd-int.com\/ro\/wp-json\/wp\/v2\/tags?post=222645"},{"taxonomy":"pays","embeddable":true,"href":"https:\/\/www.asd-int.com\/ro\/wp-json\/wp\/v2\/pays?post=222645"}],"curies":[{"name":"wp","href":"https:\/\/api.w.org\/{rel}","templated":true}]}}