{"id":72568,"date":"2019-10-29T09:58:46","date_gmt":"2019-10-29T08:58:46","guid":{"rendered":"https:\/\/devvitrine.asd-int.com\/?p=72568"},"modified":"2020-08-05T16:01:06","modified_gmt":"2020-08-05T14:01:06","slug":"acord-de-parteneriat-economic-japonia-romania-uniunea-europeana","status":"publish","type":"post","link":"https:\/\/www.asd-int.com\/ro\/acord-de-parteneriat-economic-japonia-romania-uniunea-europeana\/","title":{"rendered":"Acord de parteneriat economic Japonia \u2013 Rom\u00e2nia \u2013 Uniunea European\u0103"},"content":{"rendered":"<p>Publicat \u00een JOUE L330 din 27\/12\/2018 \u0219i intrat \u00een vigoare pe 01\/02\/2019, <a href=\"http:\/\/www.douane.gouv.fr\/articles\/a14896-accord-de-partenariat-economique-ue-japon\">acordul de parteneriat economic semnat \u00eentre Japonia \u0219i Rom\u00e2nia<\/a> (link \u00een francez\u0103)<em>\u00a0<\/em>aduce beneficii pentru <strong>importatorii japonezi, <\/strong>dar \u0219i pentru importatorii rom\u00e2ni, const\u00e2nd din reduceri ale taxelor vamale care pot ajunge de la 15 la 0%.<!--more--><\/p>\n<h2 class=\"vc_custom_heading title_h2 vc_custom_1568378673647\">Profita\u021bi de nivelul sc\u0103zut sau zero al taxelor vamale datorit\u0103 acordului semnat \u00eentre Japonia \u0219i Rom\u00e2nia<\/h2>\n<p>Acest acord armonizeaz\u0103 reciproc anumite <strong>norme vamale <\/strong>\u00eentre cele dou\u0103 p\u0103r\u021bi \u0219i va elimina \u00een timp 97% dintre taxele vamale pentru <strong>exporturile \u00een Japonia<\/strong>.<\/p>\n<div class=\"wpb_text_column wpb_content_element  list_square\">\n<div class=\"wpb_wrapper\">\n<ul>\n<li>90% dintre produse au deja taxe vamale reduse sau nule;<\/li>\n<li>7% dintre produse vor beneficia de o reducere treptat\u0103 a taxelor vamale pe o perioad\u0103 de 7 ani;<\/li>\n<li>3% dintre produse ies din acord.<\/li>\n<\/ul>\n<h2 class=\"vc_custom_heading title_h4\">Avantajele nu sunt sistematice<\/h2>\n<div class=\"wpb_text_column wpb_content_element  bloc_txt\">\n<div class=\"wpb_wrapper\">\n<p>Pentru a beneficia de avantajele taxelor vamale reduse sau nule, este necesar un dosar preg\u0103titor pentru:<\/p>\n<\/div>\n<\/div>\n<div class=\"wpb_text_column wpb_content_element  list_square\">\n<div class=\"wpb_wrapper\">\n<ul>\n<li>Gestionarea statutelor importatorilor \u0219i exportatorilor;<\/li>\n<li>Stabilirea clasific\u0103rii produselor rela\u021bionale \u00eentre Rom\u00e2nia \u0219i Japonia;<\/li>\n<li>Identificarea originii preferen\u021biale a m\u0103rfurilor;<\/li>\n<li>Evaluarea drepturilor prin raportare la avantaje.<\/li>\n<\/ul>\n<\/div>\n<\/div>\n<\/div>\n<\/div>\n\n\n<div class=\"wp-block-button is-style-outline is-style-outline--2\"><a class=\"wp-block-button__link has-text-color has-accent-color has-background has-background-background-color no-border-radius\" href=\"\/ro\/contact\/\">Transformarea ASD Group \u00een asistentul meu vamal <\/a><\/div>\n\n\n\n<h2 class=\"wp-block-heading\">Alegerea ASD Group \u00eenseamn\u0103 s\u0103 alege\u021bi securitatea <\/h2>\n\n\n\n<p>\u00cen domeniul vamal, la fel ca \u00een orice alt sector, preven\u021bia garanteaz\u0103 securitatea.<\/p>\n\n\n\n<p>Aceste acorduri vamale sunt complicate, iar mizele lor sunt importante. <\/p>\n\n\n\n<p>S\u0103 beneficia\u021bi de aceste avantaje \u00een ceea ce prive\u0219te <strong>reducerea taxelor vamale<\/strong>&nbsp;\u00eenseamn\u0103\n  s\u0103 beneficia\u021bi de competitivitate, s\u0103 dob\u00e2ndi\u021bi noi cote de pia\u021b\u0103 \u0219i  \nnoi debu\u0219ee pe pia\u021ba japonez\u0103 pentru societ\u0103\u021bile comerciale rom\u00e2ne\u0219ti \u0219i\n  europene.<\/p>\n\n\n\n<p>ASD Group, specializat \u00een reglement\u0103rile vamale, v\u0103 st\u0103 al\u0103turi \u00een acest dosar.<\/p>\n\n\n\n<h2 class=\"wp-block-heading\">Transforma\u021bi ASD Group \u00een asistentul dvs. vamal <\/h2>\n\n\n\n<p>Cunoa\u0219te\u021bi toate mecanismele reglement\u0103rii vamale?<\/p>\n\n\n\n<p><strong>De 20 de ani, <\/strong>noi \u00eemp\u0103rt\u0103\u0219im cuno\u0219tin\u021bele \u00een  domeniul  serviciilor pentru \u00eentreprinderi, al analizei, tratamentului  \u0219i\/sau \u00een  domeniul opera\u021bional. Asisten\u021ba ASD Group este la dispozi\u021bia  dvs. <\/p>\n\n\n\n<div class=\"wp-block-button is-style-outline is-style-outline--3\"><a class=\"wp-block-button__link has-text-color has-accent-color has-background has-background-background-color no-border-radius\" href=\"\/ro\/vamal\/\">Descoperirea tuturor serviciilor ASD Group \u00een domeniul vamal<\/a><\/div>\n\n\n\n<h2 class=\"wp-block-heading\">Informa\u021bii   Specifice<\/h2>\n\n\n\n<p>\u00cen ceea ce prive\u0219te comer\u021bul interna\u021bional, acordurile economice \nsunt bilaterale, ceea ce \u00eenseamn\u0103 c\u0103 acordul \u00eentre Canada \u2013 UE nu \ngenereaz\u0103 acelea\u0219i obliga\u021bii ca acordul dintre Japonia \u2013 UE.<\/p>\n\n\n\n<p>Fiecare caz trebuie s\u0103 fie analizat cu grij\u0103 pentru a evita efectele \neconomice \u0219i financiare nepl\u0103cute, \u00een special \u00een noile acorduri \neconomice.<\/p>\n\n\n\n<p>Este important s\u0103 se re\u021bin\u0103 \u00eentotdeauna c\u0103 prescrip\u021bia nu se face \u00een momentul v\u0103muirii, ci la 3 ani dup\u0103 anul N.<\/p>\n\n\n\n<h3 class=\"wp-block-heading\"> Avantajele ASD Group<\/h3>\n\n\n\n<ul class=\"wp-block-list\"><li>Studiu \u0219i \u00eentocmirea dosarului dvs.;<\/li><li>Un serviciu adaptat \u00een func\u021bie de nevoile dvs;<\/li><li>Reciprocitatea unui serviciu vamal;<\/li><li>Asisten\u021b\u0103 \u0219i urm\u0103rire a reglement\u0103rii, asigurarea conformit\u0103\u021bii;<\/li><li>Asisten\u021b\u0103 \u0219i urm\u0103rire a procedurii (audit);<\/li><li>Supraveghere continu\u0103 a modific\u0103rilor normative;<\/li><li>Exper\u021bi \u00een probleme vamale la dispozi\u021bia dvs.<\/li><\/ul>\n\n\n\n<div class=\"wp-block-button is-style-outline is-style-outline--4\"><a class=\"wp-block-button__link has-text-color has-accent-color has-background has-background-background-color no-border-radius\" href=\"\/ro\/contact\/\">Contacta\u021bi exper\u021bii \u0219i probleme vamale ai ASD Group<\/a><\/div>\n","protected":false},"excerpt":{"rendered":"<p>Publicat \u00een JOUE L330 din 27\/12\/2018 \u0219i intrat \u00een vigoare pe 01\/02\/2019, acordul de parteneriat economic semnat \u00eentre Japonia \u0219i Rom\u00e2nia (link \u00een francez\u0103)\u00a0aduce beneficii&#8230;<\/p>\n","protected":false},"author":36,"featured_media":38568,"comment_status":"closed","ping_status":"closed","sticky":false,"template":"","format":"standard","meta":{"_eb_attr":"","_lmt_disableupdate":"","_lmt_disable":"","footnotes":""},"categories":[3579,3348],"tags":[2073],"pays":[3357,3460],"class_list":["post-72568","post","type-post","status-publish","format-standard","has-post-thumbnail","hentry","category-obligatiile-vamale","category-obligations-douanieres","tag-toate-ro","pays-union-europeenne","pays-uniunea-europeana"],"yoast_head":"<!-- This site is optimized with the Yoast SEO plugin v27.4 - https:\/\/yoast.com\/product\/yoast-seo-wordpress\/ -->\n<title>Acord de parteneriat economic Japonia \u2013 Rom\u00e2nia \u2013 UE | ASD Group<\/title>\n<meta name=\"description\" content=\"Profita\u021bi de nivelul sc\u0103zut sau zero al taxelor vamale datorit\u0103 acordului semnat \u00eentre Japonia \u0219i Rom\u00e2nia.\" \/>\n<meta name=\"robots\" content=\"index, follow, max-snippet:-1, max-image-preview:large, max-video-preview:-1\" \/>\n<link rel=\"canonical\" href=\"https:\/\/www.asd-int.com\/ro\/acord-de-parteneriat-economic-japonia-romania-uniunea-europeana\/\" \/>\n<meta property=\"og:locale\" content=\"ro_RO\" \/>\n<meta property=\"og:type\" content=\"article\" \/>\n<meta property=\"og:title\" content=\"Acord de parteneriat economic Japonia \u2013 Rom\u00e2nia \u2013 UE | ASD Group\" \/>\n<meta property=\"og:description\" content=\"Profita\u021bi de nivelul sc\u0103zut sau zero al taxelor vamale datorit\u0103 acordului semnat \u00eentre Japonia \u0219i Rom\u00e2nia.\" \/>\n<meta property=\"og:url\" content=\"https:\/\/www.asd-int.com\/ro\/acord-de-parteneriat-economic-japonia-romania-uniunea-europeana\/\" \/>\n<meta property=\"og:site_name\" content=\"ASD\" \/>\n<meta property=\"article:published_time\" content=\"2019-10-29T08:58:46+00:00\" \/>\n<meta property=\"article:modified_time\" content=\"2020-08-05T14:01:06+00:00\" \/>\n<meta property=\"og:image\" content=\"https:\/\/www.asd-int.com\/wp-content\/uploads\/2019\/07\/Nouvel_accord_UE_japon.jpg\" \/>\n\t<meta property=\"og:image:width\" content=\"800\" \/>\n\t<meta property=\"og:image:height\" content=\"600\" \/>\n\t<meta property=\"og:image:type\" content=\"image\/jpeg\" \/>\n<meta name=\"author\" content=\"No\u00e9mie Almot\" \/>\n<meta name=\"twitter:card\" content=\"summary_large_image\" \/>\n<meta name=\"twitter:label1\" content=\"Scris de\" \/>\n\t<meta name=\"twitter:data1\" content=\"No\u00e9mie Almot\" \/>\n\t<meta name=\"twitter:label2\" content=\"Timp estimat pentru citire\" \/>\n\t<meta name=\"twitter:data2\" content=\"2 minute\" \/>\n<script type=\"application\/ld+json\" class=\"yoast-schema-graph\">{\"@context\":\"https:\\\/\\\/schema.org\",\"@graph\":[{\"@type\":\"Article\",\"@id\":\"https:\\\/\\\/www.asd-int.com\\\/ro\\\/acord-de-parteneriat-economic-japonia-romania-uniunea-europeana\\\/#article\",\"isPartOf\":{\"@id\":\"https:\\\/\\\/www.asd-int.com\\\/ro\\\/acord-de-parteneriat-economic-japonia-romania-uniunea-europeana\\\/\"},\"author\":{\"name\":\"No\u00e9mie Almot\",\"@id\":\"https:\\\/\\\/www.asd-int.com\\\/ro\\\/#\\\/schema\\\/person\\\/ce2b34c81cda744c0b6ce91648ab367b\"},\"headline\":\"Acord de parteneriat economic Japonia \u2013 Rom\u00e2nia \u2013 Uniunea European\u0103\",\"datePublished\":\"2019-10-29T08:58:46+00:00\",\"dateModified\":\"2020-08-05T14:01:06+00:00\",\"mainEntityOfPage\":{\"@id\":\"https:\\\/\\\/www.asd-int.com\\\/ro\\\/acord-de-parteneriat-economic-japonia-romania-uniunea-europeana\\\/\"},\"wordCount\":480,\"publisher\":{\"@id\":\"https:\\\/\\\/www.asd-int.com\\\/ro\\\/#organization\"},\"image\":{\"@id\":\"https:\\\/\\\/www.asd-int.com\\\/ro\\\/acord-de-parteneriat-economic-japonia-romania-uniunea-europeana\\\/#primaryimage\"},\"thumbnailUrl\":\"https:\\\/\\\/www.asd-int.com\\\/wp-content\\\/uploads\\\/2019\\\/07\\\/Nouvel_accord_UE_japon.jpg\",\"keywords\":[\"Toate\"],\"articleSection\":[\"Obliga\u021biile vamale\",\"Obligations douani\u00e8res\"],\"inLanguage\":\"ro-RO\"},{\"@type\":\"WebPage\",\"@id\":\"https:\\\/\\\/www.asd-int.com\\\/ro\\\/acord-de-parteneriat-economic-japonia-romania-uniunea-europeana\\\/\",\"url\":\"https:\\\/\\\/www.asd-int.com\\\/ro\\\/acord-de-parteneriat-economic-japonia-romania-uniunea-europeana\\\/\",\"name\":\"Acord de parteneriat economic Japonia \u2013 Rom\u00e2nia \u2013 UE | ASD Group\",\"isPartOf\":{\"@id\":\"https:\\\/\\\/www.asd-int.com\\\/ro\\\/#website\"},\"primaryImageOfPage\":{\"@id\":\"https:\\\/\\\/www.asd-int.com\\\/ro\\\/acord-de-parteneriat-economic-japonia-romania-uniunea-europeana\\\/#primaryimage\"},\"image\":{\"@id\":\"https:\\\/\\\/www.asd-int.com\\\/ro\\\/acord-de-parteneriat-economic-japonia-romania-uniunea-europeana\\\/#primaryimage\"},\"thumbnailUrl\":\"https:\\\/\\\/www.asd-int.com\\\/wp-content\\\/uploads\\\/2019\\\/07\\\/Nouvel_accord_UE_japon.jpg\",\"datePublished\":\"2019-10-29T08:58:46+00:00\",\"dateModified\":\"2020-08-05T14:01:06+00:00\",\"description\":\"Profita\u021bi de nivelul sc\u0103zut sau zero al taxelor vamale datorit\u0103 acordului semnat \u00eentre Japonia \u0219i Rom\u00e2nia.\",\"breadcrumb\":{\"@id\":\"https:\\\/\\\/www.asd-int.com\\\/ro\\\/acord-de-parteneriat-economic-japonia-romania-uniunea-europeana\\\/#breadcrumb\"},\"inLanguage\":\"ro-RO\",\"potentialAction\":[{\"@type\":\"ReadAction\",\"target\":[\"https:\\\/\\\/www.asd-int.com\\\/ro\\\/acord-de-parteneriat-economic-japonia-romania-uniunea-europeana\\\/\"]}]},{\"@type\":\"ImageObject\",\"inLanguage\":\"ro-RO\",\"@id\":\"https:\\\/\\\/www.asd-int.com\\\/ro\\\/acord-de-parteneriat-economic-japonia-romania-uniunea-europeana\\\/#primaryimage\",\"url\":\"https:\\\/\\\/www.asd-int.com\\\/wp-content\\\/uploads\\\/2019\\\/07\\\/Nouvel_accord_UE_japon.jpg\",\"contentUrl\":\"https:\\\/\\\/www.asd-int.com\\\/wp-content\\\/uploads\\\/2019\\\/07\\\/Nouvel_accord_UE_japon.jpg\",\"width\":800,\"height\":600,\"caption\":\"Accord de partenariat \u00e9conomique Japon - UE\"},{\"@type\":\"BreadcrumbList\",\"@id\":\"https:\\\/\\\/www.asd-int.com\\\/ro\\\/acord-de-parteneriat-economic-japonia-romania-uniunea-europeana\\\/#breadcrumb\",\"itemListElement\":[{\"@type\":\"ListItem\",\"position\":1,\"name\":\"ASD Group\",\"item\":\"https:\\\/\\\/www.asd-int.com\\\/ro\\\/\"},{\"@type\":\"ListItem\",\"position\":2,\"name\":\"Obliga\u021biile vamale\",\"item\":\"https:\\\/\\\/www.asd-int.com\\\/ro\\\/category\\\/obligatiile-vamale\\\/\"},{\"@type\":\"ListItem\",\"position\":3,\"name\":\"Acord de parteneriat economic Japonia \u2013 Rom\u00e2nia \u2013 Uniunea European\u0103\"}]},{\"@type\":\"WebSite\",\"@id\":\"https:\\\/\\\/www.asd-int.com\\\/ro\\\/#website\",\"url\":\"https:\\\/\\\/www.asd-int.com\\\/ro\\\/\",\"name\":\"ASD\",\"description\":\"Expertul dumneavoastr\u0103 \u00een taxe interna\u021bionale \u0219i TVA intracomunitar\\r\\n\",\"publisher\":{\"@id\":\"https:\\\/\\\/www.asd-int.com\\\/ro\\\/#organization\"},\"potentialAction\":[{\"@type\":\"SearchAction\",\"target\":{\"@type\":\"EntryPoint\",\"urlTemplate\":\"https:\\\/\\\/www.asd-int.com\\\/ro\\\/?s={search_term_string}\"},\"query-input\":{\"@type\":\"PropertyValueSpecification\",\"valueRequired\":true,\"valueName\":\"search_term_string\"}}],\"inLanguage\":\"ro-RO\"},{\"@type\":\"Organization\",\"@id\":\"https:\\\/\\\/www.asd-int.com\\\/ro\\\/#organization\",\"name\":\"ASD Group\",\"url\":\"https:\\\/\\\/www.asd-int.com\\\/ro\\\/\",\"logo\":{\"@type\":\"ImageObject\",\"inLanguage\":\"ro-RO\",\"@id\":\"https:\\\/\\\/www.asd-int.com\\\/ro\\\/#\\\/schema\\\/logo\\\/image\\\/\",\"url\":\"https:\\\/\\\/www.asd-int.com\\\/wp-content\\\/uploads\\\/2020\\\/07\\\/Logo-ASD_noir.png\",\"contentUrl\":\"https:\\\/\\\/www.asd-int.com\\\/wp-content\\\/uploads\\\/2020\\\/07\\\/Logo-ASD_noir.png\",\"width\":1054,\"height\":714,\"caption\":\"ASD Group\"},\"image\":{\"@id\":\"https:\\\/\\\/www.asd-int.com\\\/ro\\\/#\\\/schema\\\/logo\\\/image\\\/\"}},{\"@type\":\"Person\",\"@id\":\"https:\\\/\\\/www.asd-int.com\\\/ro\\\/#\\\/schema\\\/person\\\/ce2b34c81cda744c0b6ce91648ab367b\",\"name\":\"No\u00e9mie Almot\",\"url\":\"https:\\\/\\\/www.asd-int.com\\\/ro\\\/author\\\/nalmot\\\/\"}]}<\/script>\n<!-- \/ Yoast SEO plugin. -->","yoast_head_json":{"title":"Acord de parteneriat economic Japonia \u2013 Rom\u00e2nia \u2013 UE | ASD Group","description":"Profita\u021bi de nivelul sc\u0103zut sau zero al taxelor vamale datorit\u0103 acordului semnat \u00eentre Japonia \u0219i Rom\u00e2nia.","robots":{"index":"index","follow":"follow","max-snippet":"max-snippet:-1","max-image-preview":"max-image-preview:large","max-video-preview":"max-video-preview:-1"},"canonical":"https:\/\/www.asd-int.com\/ro\/acord-de-parteneriat-economic-japonia-romania-uniunea-europeana\/","og_locale":"ro_RO","og_type":"article","og_title":"Acord de parteneriat economic Japonia \u2013 Rom\u00e2nia \u2013 UE | ASD Group","og_description":"Profita\u021bi de nivelul sc\u0103zut sau zero al taxelor vamale datorit\u0103 acordului semnat \u00eentre Japonia \u0219i Rom\u00e2nia.","og_url":"https:\/\/www.asd-int.com\/ro\/acord-de-parteneriat-economic-japonia-romania-uniunea-europeana\/","og_site_name":"ASD","article_published_time":"2019-10-29T08:58:46+00:00","article_modified_time":"2020-08-05T14:01:06+00:00","og_image":[{"width":800,"height":600,"url":"https:\/\/www.asd-int.com\/wp-content\/uploads\/2019\/07\/Nouvel_accord_UE_japon.jpg","type":"image\/jpeg"}],"author":"No\u00e9mie Almot","twitter_card":"summary_large_image","twitter_misc":{"Scris de":"No\u00e9mie Almot","Timp estimat pentru citire":"2 minute"},"schema":{"@context":"https:\/\/schema.org","@graph":[{"@type":"Article","@id":"https:\/\/www.asd-int.com\/ro\/acord-de-parteneriat-economic-japonia-romania-uniunea-europeana\/#article","isPartOf":{"@id":"https:\/\/www.asd-int.com\/ro\/acord-de-parteneriat-economic-japonia-romania-uniunea-europeana\/"},"author":{"name":"No\u00e9mie Almot","@id":"https:\/\/www.asd-int.com\/ro\/#\/schema\/person\/ce2b34c81cda744c0b6ce91648ab367b"},"headline":"Acord de parteneriat economic Japonia \u2013 Rom\u00e2nia \u2013 Uniunea European\u0103","datePublished":"2019-10-29T08:58:46+00:00","dateModified":"2020-08-05T14:01:06+00:00","mainEntityOfPage":{"@id":"https:\/\/www.asd-int.com\/ro\/acord-de-parteneriat-economic-japonia-romania-uniunea-europeana\/"},"wordCount":480,"publisher":{"@id":"https:\/\/www.asd-int.com\/ro\/#organization"},"image":{"@id":"https:\/\/www.asd-int.com\/ro\/acord-de-parteneriat-economic-japonia-romania-uniunea-europeana\/#primaryimage"},"thumbnailUrl":"https:\/\/www.asd-int.com\/wp-content\/uploads\/2019\/07\/Nouvel_accord_UE_japon.jpg","keywords":["Toate"],"articleSection":["Obliga\u021biile vamale","Obligations douani\u00e8res"],"inLanguage":"ro-RO"},{"@type":"WebPage","@id":"https:\/\/www.asd-int.com\/ro\/acord-de-parteneriat-economic-japonia-romania-uniunea-europeana\/","url":"https:\/\/www.asd-int.com\/ro\/acord-de-parteneriat-economic-japonia-romania-uniunea-europeana\/","name":"Acord de parteneriat economic Japonia \u2013 Rom\u00e2nia \u2013 UE | ASD Group","isPartOf":{"@id":"https:\/\/www.asd-int.com\/ro\/#website"},"primaryImageOfPage":{"@id":"https:\/\/www.asd-int.com\/ro\/acord-de-parteneriat-economic-japonia-romania-uniunea-europeana\/#primaryimage"},"image":{"@id":"https:\/\/www.asd-int.com\/ro\/acord-de-parteneriat-economic-japonia-romania-uniunea-europeana\/#primaryimage"},"thumbnailUrl":"https:\/\/www.asd-int.com\/wp-content\/uploads\/2019\/07\/Nouvel_accord_UE_japon.jpg","datePublished":"2019-10-29T08:58:46+00:00","dateModified":"2020-08-05T14:01:06+00:00","description":"Profita\u021bi de nivelul sc\u0103zut sau zero al taxelor vamale datorit\u0103 acordului semnat \u00eentre Japonia \u0219i Rom\u00e2nia.","breadcrumb":{"@id":"https:\/\/www.asd-int.com\/ro\/acord-de-parteneriat-economic-japonia-romania-uniunea-europeana\/#breadcrumb"},"inLanguage":"ro-RO","potentialAction":[{"@type":"ReadAction","target":["https:\/\/www.asd-int.com\/ro\/acord-de-parteneriat-economic-japonia-romania-uniunea-europeana\/"]}]},{"@type":"ImageObject","inLanguage":"ro-RO","@id":"https:\/\/www.asd-int.com\/ro\/acord-de-parteneriat-economic-japonia-romania-uniunea-europeana\/#primaryimage","url":"https:\/\/www.asd-int.com\/wp-content\/uploads\/2019\/07\/Nouvel_accord_UE_japon.jpg","contentUrl":"https:\/\/www.asd-int.com\/wp-content\/uploads\/2019\/07\/Nouvel_accord_UE_japon.jpg","width":800,"height":600,"caption":"Accord de partenariat \u00e9conomique Japon - UE"},{"@type":"BreadcrumbList","@id":"https:\/\/www.asd-int.com\/ro\/acord-de-parteneriat-economic-japonia-romania-uniunea-europeana\/#breadcrumb","itemListElement":[{"@type":"ListItem","position":1,"name":"ASD Group","item":"https:\/\/www.asd-int.com\/ro\/"},{"@type":"ListItem","position":2,"name":"Obliga\u021biile vamale","item":"https:\/\/www.asd-int.com\/ro\/category\/obligatiile-vamale\/"},{"@type":"ListItem","position":3,"name":"Acord de parteneriat economic Japonia \u2013 Rom\u00e2nia \u2013 Uniunea European\u0103"}]},{"@type":"WebSite","@id":"https:\/\/www.asd-int.com\/ro\/#website","url":"https:\/\/www.asd-int.com\/ro\/","name":"ASD","description":"Expertul dumneavoastr\u0103 \u00een taxe interna\u021bionale \u0219i TVA intracomunitar\r\n","publisher":{"@id":"https:\/\/www.asd-int.com\/ro\/#organization"},"potentialAction":[{"@type":"SearchAction","target":{"@type":"EntryPoint","urlTemplate":"https:\/\/www.asd-int.com\/ro\/?s={search_term_string}"},"query-input":{"@type":"PropertyValueSpecification","valueRequired":true,"valueName":"search_term_string"}}],"inLanguage":"ro-RO"},{"@type":"Organization","@id":"https:\/\/www.asd-int.com\/ro\/#organization","name":"ASD Group","url":"https:\/\/www.asd-int.com\/ro\/","logo":{"@type":"ImageObject","inLanguage":"ro-RO","@id":"https:\/\/www.asd-int.com\/ro\/#\/schema\/logo\/image\/","url":"https:\/\/www.asd-int.com\/wp-content\/uploads\/2020\/07\/Logo-ASD_noir.png","contentUrl":"https:\/\/www.asd-int.com\/wp-content\/uploads\/2020\/07\/Logo-ASD_noir.png","width":1054,"height":714,"caption":"ASD Group"},"image":{"@id":"https:\/\/www.asd-int.com\/ro\/#\/schema\/logo\/image\/"}},{"@type":"Person","@id":"https:\/\/www.asd-int.com\/ro\/#\/schema\/person\/ce2b34c81cda744c0b6ce91648ab367b","name":"No\u00e9mie Almot","url":"https:\/\/www.asd-int.com\/ro\/author\/nalmot\/"}]}},"modified_by":null,"_links":{"self":[{"href":"https:\/\/www.asd-int.com\/ro\/wp-json\/wp\/v2\/posts\/72568","targetHints":{"allow":["GET"]}}],"collection":[{"href":"https:\/\/www.asd-int.com\/ro\/wp-json\/wp\/v2\/posts"}],"about":[{"href":"https:\/\/www.asd-int.com\/ro\/wp-json\/wp\/v2\/types\/post"}],"author":[{"embeddable":true,"href":"https:\/\/www.asd-int.com\/ro\/wp-json\/wp\/v2\/users\/36"}],"replies":[{"embeddable":true,"href":"https:\/\/www.asd-int.com\/ro\/wp-json\/wp\/v2\/comments?post=72568"}],"version-history":[{"count":0,"href":"https:\/\/www.asd-int.com\/ro\/wp-json\/wp\/v2\/posts\/72568\/revisions"}],"wp:featuredmedia":[{"embeddable":true,"href":"https:\/\/www.asd-int.com\/ro\/wp-json\/wp\/v2\/media\/38568"}],"wp:attachment":[{"href":"https:\/\/www.asd-int.com\/ro\/wp-json\/wp\/v2\/media?parent=72568"}],"wp:term":[{"taxonomy":"category","embeddable":true,"href":"https:\/\/www.asd-int.com\/ro\/wp-json\/wp\/v2\/categories?post=72568"},{"taxonomy":"post_tag","embeddable":true,"href":"https:\/\/www.asd-int.com\/ro\/wp-json\/wp\/v2\/tags?post=72568"},{"taxonomy":"pays","embeddable":true,"href":"https:\/\/www.asd-int.com\/ro\/wp-json\/wp\/v2\/pays?post=72568"}],"curies":[{"name":"wp","href":"https:\/\/api.w.org\/{rel}","templated":true}]}}